{"id":30879078,"date":"2023-06-26T10:08:09","date_gmt":"2023-06-26T08:08:09","guid":{"rendered":"https:\/\/www.upo.es\/diario\/?p=30879078"},"modified":"2023-10-31T14:26:39","modified_gmt":"2023-10-31T13:26:39","slug":"un-seminario-aborda-en-la-upo-la-inclusion-de-la-perspectiva-de-genero-en-los-estudios-humanisticos","status":"publish","type":"post","link":"https:\/\/www.upo.es\/diario\/docencia-formacion\/2023\/06\/un-seminario-aborda-en-la-upo-la-inclusion-de-la-perspectiva-de-genero-en-los-estudios-humanisticos\/","title":{"rendered":"Un seminario aborda en la UPO la inclusi\u00f3n de la perspectiva de g\u00e9nero en los estudios human\u00edsticos"},"content":{"rendered":"<figure id=\"attachment_30879080\" aria-describedby=\"caption-attachment-30879080\" style=\"width: 750px\" class=\"wp-caption aligncenter\"><a href=\"https:\/\/www.upo.es\/diario\/wp-content\/uploads\/2023\/06\/seminario.jpg\"><img loading=\"lazy\" decoding=\"async\" class=\"size-large wp-image-30879080\" src=\"https:\/\/www.upo.es\/diario\/wp-content\/uploads\/2023\/06\/seminario-750x502.jpg\" alt=\"\" width=\"750\" height=\"502\" srcset=\"https:\/\/www.upo.es\/diario\/wp-content\/uploads\/2023\/06\/seminario-750x502.jpg 750w, https:\/\/www.upo.es\/diario\/wp-content\/uploads\/2023\/06\/seminario-420x281.jpg 420w, https:\/\/www.upo.es\/diario\/wp-content\/uploads\/2023\/06\/seminario-768x514.jpg 768w, https:\/\/www.upo.es\/diario\/wp-content\/uploads\/2023\/06\/seminario-1536x1029.jpg 1536w, https:\/\/www.upo.es\/diario\/wp-content\/uploads\/2023\/06\/seminario-165x109.jpg 165w, https:\/\/www.upo.es\/diario\/wp-content\/uploads\/2023\/06\/seminario-1320x884.jpg 1320w, https:\/\/www.upo.es\/diario\/wp-content\/uploads\/2023\/06\/seminario.jpg 1648w\" sizes=\"auto, (max-width: 750px) 100vw, 750px\" \/><\/a><figcaption id=\"caption-attachment-30879080\" class=\"wp-caption-text\">IV Edici\u00f3n del Seminario de Investigaci\u00f3n y Debate sobre \u2018La inclusi\u00f3n de la perspectiva de g\u00e9nero en los estudios de contenido human\u00edsticos: por qu\u00e9 es necesario y c\u00f3mo hacerlo\u2019<\/figcaption><\/figure>\n<p>Esta ma\u00f1ana ha comenzado en la Universidad Pablo de Olavide la <strong>IV Edici\u00f3n del Seminario de Investigaci\u00f3n y Debate sobre \u2018La inclusi\u00f3n de la perspectiva de g\u00e9nero en los estudios de contenido human\u00edsticos: por qu\u00e9 es necesario y c\u00f3mo hacerlo\u2019<\/strong> organizado por la Delegaci\u00f3n del Rector por la Igualdad de G\u00e9nero, el Programa de Doctorado en Historia y Estudios Human\u00edsticos de la UPO y el Instituto Andaluz de la Mujer y dirigido por el profesor Jordi Luengo.<\/p>\n<p>El seminario ha sido presentado por M\u00f3nica Dom\u00ednguez Serrano, delegada del Rector para la Igualdad de G\u00e9nero de la UPO y por Mercedes Soriano Mart\u00ednez, coordinadora provincial del Instituto Andaluz de la Mujer en Sevilla.<\/p>\n<p>Estructurado en cuatro conferencias t\u00e9orico-pr\u00e1cticas, el seminario abordar\u00e1 la <strong>innovaci\u00f3n educaci\u00f3n con perspectiva de g\u00e9nero en el estudio de la Historia Contempor\u00e1nea de Espa\u00f1a<\/strong> con la participaci\u00f3n de Rosario Ruiz, vicerrectora adjunta de Igualdad de la Universidad Carlos III de Madrid; <strong>las pol\u00edticas de g\u00e9nero constructoras de cultura human\u00edstica<\/strong> de las que hablar\u00e1 Magdalena Su\u00e1rez, directora de la Unidad de Igualdad de la Universidad Complutense de Madrid;\u00a0 y los profesores de la UPO Raquel Garc\u00eda y Jordi Luengo abordar\u00e1n <strong>la inmediatez y abreviaci\u00f3n en la ense\u00f1anza del FLE (Franc\u00e9s Lengua Extranjera). Introducir de forma transversal la perspectiva de g\u00e9nero en el uso del lenguaje del <em>Whatsapp<\/em><\/strong> y, por \u00faltimo, la profesora Sara Est\u00e9vez de la Universidad Pablo de Olavide tratar\u00e1 <strong>las mujeres franc\u00f3fanas (in)visibles: la inclusi\u00f3n de las RRSS en el aula de FLE<\/strong>. El seminario finalizar\u00e1 con un debate final.<\/p>\n<p><a href=\"https:\/\/www.upo.es\/diario\/wp-content\/uploads\/2023\/06\/De\u0301pliant.-IV-SEMINARIO-INTERNACCIONAL-INCLUSIO\u0301N-GE\u0301NERO.pdf\">Programa<\/a><\/p>\n","protected":false},"excerpt":{"rendered":"<p>La Universidad Pablo de Olavide celebra la IV edici\u00f3n del Seminario de Investigaci\u00f3n y Debate sobre \u2018La inclusi\u00f3n de la perspectiva de g\u00e9nero en los estudios de contenido human\u00edsticos: por qu\u00e9 es necesario y c\u00f3mo hacerlo\u2019 organizado por la Delegaci\u00f3n del Rector por la Igualdad de G\u00e9nero, el Programa de Doctorado en Historia y Estudios Human\u00edsticos de la UPO y el Instituto Andaluz de la Mujer y dirigido por el profesor Jordi Luengo.<\/p>\n","protected":false},"author":4,"featured_media":30879080,"comment_status":"closed","ping_status":"open","sticky":false,"template":"","format":"standard","meta":{"_monsterinsights_skip_tracking":false,"_monsterinsights_sitenote_active":false,"_monsterinsights_sitenote_note":"","_monsterinsights_sitenote_category":0,"footnotes":""},"categories":[2779],"tags":[7412,973,695,336,132,5883,78],"class_list":["post-30879078","post","type-post","status-publish","format-standard","has-post-thumbnail","hentry","category-docencia-formacion","tag-delegacion-del-rector-para-la-igualdad-de-genero","tag-doctorado","tag-ensenanza","tag-genero","tag-humanidades","tag-igualdad-de-genero","tag-seminario"],"_links":{"self":[{"href":"https:\/\/www.upo.es\/diario\/wp-json\/wp\/v2\/posts\/30879078","targetHints":{"allow":["GET"]}}],"collection":[{"href":"https:\/\/www.upo.es\/diario\/wp-json\/wp\/v2\/posts"}],"about":[{"href":"https:\/\/www.upo.es\/diario\/wp-json\/wp\/v2\/types\/post"}],"author":[{"embeddable":true,"href":"https:\/\/www.upo.es\/diario\/wp-json\/wp\/v2\/users\/4"}],"replies":[{"embeddable":true,"href":"https:\/\/www.upo.es\/diario\/wp-json\/wp\/v2\/comments?post=30879078"}],"version-history":[{"count":1,"href":"https:\/\/www.upo.es\/diario\/wp-json\/wp\/v2\/posts\/30879078\/revisions"}],"predecessor-version":[{"id":30879081,"href":"https:\/\/www.upo.es\/diario\/wp-json\/wp\/v2\/posts\/30879078\/revisions\/30879081"}],"wp:featuredmedia":[{"embeddable":true,"href":"https:\/\/www.upo.es\/diario\/wp-json\/wp\/v2\/media\/30879080"}],"wp:attachment":[{"href":"https:\/\/www.upo.es\/diario\/wp-json\/wp\/v2\/media?parent=30879078"}],"wp:term":[{"taxonomy":"category","embeddable":true,"href":"https:\/\/www.upo.es\/diario\/wp-json\/wp\/v2\/categories?post=30879078"},{"taxonomy":"post_tag","embeddable":true,"href":"https:\/\/www.upo.es\/diario\/wp-json\/wp\/v2\/tags?post=30879078"}],"curies":[{"name":"wp","href":"https:\/\/api.w.org\/{rel}","templated":true}]}}