{"id":30879089,"date":"2023-06-26T10:01:07","date_gmt":"2023-06-26T08:01:07","guid":{"rendered":"https:\/\/www.upo.es\/diario\/?p=30879089"},"modified":"2023-06-26T15:15:24","modified_gmt":"2023-06-26T13:15:24","slug":"arranca-el-campus-deportivo-de-verano-de-la-upo","status":"publish","type":"post","link":"https:\/\/www.upo.es\/diario\/comunidad\/2023\/06\/arranca-el-campus-deportivo-de-verano-de-la-upo\/","title":{"rendered":"Arranca el Campus Deportivo de Verano de la UPO"},"content":{"rendered":"<figure id=\"attachment_30879090\" aria-describedby=\"caption-attachment-30879090\" style=\"width: 750px\" class=\"wp-caption aligncenter\"><a href=\"https:\/\/www.upo.es\/diario\/wp-content\/uploads\/2023\/06\/0001.jpg\"><img loading=\"lazy\" decoding=\"async\" class=\"size-large wp-image-30879090\" src=\"https:\/\/www.upo.es\/diario\/wp-content\/uploads\/2023\/06\/0001-750x442.jpg\" alt=\"\" width=\"750\" height=\"442\" srcset=\"https:\/\/www.upo.es\/diario\/wp-content\/uploads\/2023\/06\/0001-750x442.jpg 750w, https:\/\/www.upo.es\/diario\/wp-content\/uploads\/2023\/06\/0001-420x248.jpg 420w, https:\/\/www.upo.es\/diario\/wp-content\/uploads\/2023\/06\/0001-768x453.jpg 768w, https:\/\/www.upo.es\/diario\/wp-content\/uploads\/2023\/06\/0001-1536x906.jpg 1536w, https:\/\/www.upo.es\/diario\/wp-content\/uploads\/2023\/06\/0001-1320x778.jpg 1320w, https:\/\/www.upo.es\/diario\/wp-content\/uploads\/2023\/06\/0001.jpg 1923w\" sizes=\"auto, (max-width: 750px) 100vw, 750px\" \/><\/a><figcaption id=\"caption-attachment-30879090\" class=\"wp-caption-text\">El vicerrector de Campus Saludable y Deporte da la bienvenida a los ni\u00f1os y ni\u00f1as del Campus de Verano\u00a0<\/figcaption><\/figure>\n<p>La Universidad Pablo de Olavide ha dado la bienvenida esta ma\u00f1ana en sus instalaciones deportivas a todos los ni\u00f1os y ni\u00f1as que durante las pr\u00f3ximas cinco semanas disfrutar\u00e1n del Campus Deportivo de Verano de la universidad. Esta actividad ha sido puesta en marcha por el Vicerrectorado de Campus Saludable y Deporte, a trav\u00e9s del Servicio de Deportes, para ayudar a la conciliaci\u00f3n de las familias que trabajan durante los meses de junio y julio, coincidiendo con las vacaciones de Educaci\u00f3n Infantil y Primaria.<\/p>\n<p>Bajo el lema <strong>\u2018Por un mundo sin discriminaciones #StopRacismo\u2019<\/strong>, el campus presenta juegos diferentes en torno a la tem\u00e1tica que se combinar\u00e1n con actividades deportivas (gimnasia, f\u00fatbol, rugby, hockey, balonmano, senderismo y juegos de raqueta). A lo largo de las pr\u00f3ximas semanas, los ni\u00f1os y ni\u00f1as disfrutar\u00e1n de este programa dentro de un marco ludomotriz y de potenciaci\u00f3n de los valores educativos. En todo momento, se tratar\u00e1 de favorecer un clima de afecto y confianza, fomentar actitudes socializadoras, de igualdad de oportunidades y promover el desarrollo de actitudes b\u00e1sicas de convivencia y transmitir el placer por el juego motor.<\/p>\n<p>Todas las actividades que se realicen en el campus se adaptar\u00e1n en funci\u00f3n al grupo de edad de los ni\u00f1os y ni\u00f1as que vayan a participar, aplicado a una metodolog\u00eda que favorezca la motivaci\u00f3n, as\u00ed como una participaci\u00f3n activa por parte de todos, ofreciendo ayuda y atendiendo a las capacidades individuales de cada uno de ellos. Asimismo, bajo el objetivo principal de promocionar valores que fomenten estilos de vida saludable a trav\u00e9s de la actividad f\u00edsica y deporte, se llevar\u00e1n a cabo otros objetivos como el hecho de desarrollar relaciones de cooperaci\u00f3n, convivencia y amistad, potenciar las relaciones interpersonales y de comunicaci\u00f3n a trav\u00e9s de las habilidades sociales o desarrollar la autoestima y la personalidad de los ni\u00f1os y ni\u00f1as participantes, entre otros.<\/p>\n<p>Las actividades deportivas se desarrollar\u00e1n en su totalidad en las instalaciones de la UPO y tendr\u00e1n un horario de 8,45 a 14,30 horas, coincidiendo con la jornada laboral de padres y madres. Los ni\u00f1os y ni\u00f1as se establecer\u00e1n en tres grupos por franjas de edad, que comprender\u00e1n desde los 3 a 6 a\u00f1os el primero de ellos, de 7 a 9 a\u00f1os el segundo y de 10 a 12 a\u00f1os el tercero de los grupos. En todo momento los menores estar\u00e1n atendidos por profesionales del \u00e1mbito de la educaci\u00f3n y el deporte y contar\u00e1n con un seguro de accidentes con atenci\u00f3n sanitaria.<\/p>\n<p>El campus, gestionado por la Fundaci\u00f3n Universidad Pablo de Olavide a trav\u00e9s del Servicio de Deportes, cuenta con la financiaci\u00f3n del Ayuntamiento de Dos Hermanas.<\/p>\n<p>&nbsp;<\/p>\n<p>&nbsp;<\/p>\n","protected":false},"excerpt":{"rendered":"<p>La Universidad Pablo de Olavide ha dado la bienvenida en sus instalaciones deportivas a todos los ni\u00f1os y ni\u00f1as que disfrutar\u00e1n del Campus Deportivo de Verano de la universidad. Esta actividad ha sido puesta en marcha por el Vicerrectorado de Campus Saludable y Deporte, a trav\u00e9s del Servicio de Deportes, para ayudar a la conciliaci\u00f3n de las familias que trabajan durante los meses de junio y julio, coincidiendo con las vacaciones de Educaci\u00f3n Infantil y Primaria.<\/p>\n","protected":false},"author":4,"featured_media":30879090,"comment_status":"closed","ping_status":"open","sticky":false,"template":"","format":"standard","meta":{"_monsterinsights_skip_tracking":false,"_monsterinsights_sitenote_active":false,"_monsterinsights_sitenote_note":"","_monsterinsights_sitenote_category":0,"footnotes":""},"categories":[5842],"tags":[107,7440,6791,2474,492,7253],"class_list":["post-30879089","post","type-post","status-publish","format-standard","has-post-thumbnail","hentry","category-comunidad","tag-campus","tag-campus-deportivo-de-verano","tag-conciliacion","tag-fundacion-universidad-pablo-de-olavide","tag-servicio-de-deportes","tag-vicerrectorado-de-campus-saludable-y-deporte"],"_links":{"self":[{"href":"https:\/\/www.upo.es\/diario\/wp-json\/wp\/v2\/posts\/30879089","targetHints":{"allow":["GET"]}}],"collection":[{"href":"https:\/\/www.upo.es\/diario\/wp-json\/wp\/v2\/posts"}],"about":[{"href":"https:\/\/www.upo.es\/diario\/wp-json\/wp\/v2\/types\/post"}],"author":[{"embeddable":true,"href":"https:\/\/www.upo.es\/diario\/wp-json\/wp\/v2\/users\/4"}],"replies":[{"embeddable":true,"href":"https:\/\/www.upo.es\/diario\/wp-json\/wp\/v2\/comments?post=30879089"}],"version-history":[{"count":1,"href":"https:\/\/www.upo.es\/diario\/wp-json\/wp\/v2\/posts\/30879089\/revisions"}],"predecessor-version":[{"id":30879091,"href":"https:\/\/www.upo.es\/diario\/wp-json\/wp\/v2\/posts\/30879089\/revisions\/30879091"}],"wp:featuredmedia":[{"embeddable":true,"href":"https:\/\/www.upo.es\/diario\/wp-json\/wp\/v2\/media\/30879090"}],"wp:attachment":[{"href":"https:\/\/www.upo.es\/diario\/wp-json\/wp\/v2\/media?parent=30879089"}],"wp:term":[{"taxonomy":"category","embeddable":true,"href":"https:\/\/www.upo.es\/diario\/wp-json\/wp\/v2\/categories?post=30879089"},{"taxonomy":"post_tag","embeddable":true,"href":"https:\/\/www.upo.es\/diario\/wp-json\/wp\/v2\/tags?post=30879089"}],"curies":[{"name":"wp","href":"https:\/\/api.w.org\/{rel}","templated":true}]}}