{"id":30879092,"date":"2023-06-26T09:14:16","date_gmt":"2023-06-26T07:14:16","guid":{"rendered":"https:\/\/www.upo.es\/diario\/?p=30879092"},"modified":"2023-06-26T15:15:17","modified_gmt":"2023-06-26T13:15:17","slug":"ceremonia-de-graduacion-del-grado-en-sociologia-y-el-doble-grado-con-ciencias-politicas-y-de-la-administracion","status":"publish","type":"post","link":"https:\/\/www.upo.es\/diario\/comunidad\/2023\/06\/ceremonia-de-graduacion-del-grado-en-sociologia-y-el-doble-grado-con-ciencias-politicas-y-de-la-administracion\/","title":{"rendered":"Ceremonia de graduaci\u00f3n del Grado en Sociolog\u00eda y el Doble Grado con Ciencias Pol\u00edticas y de la Administraci\u00f3n"},"content":{"rendered":"<figure id=\"attachment_30879093\" aria-describedby=\"caption-attachment-30879093\" style=\"width: 700px\" class=\"wp-caption aligncenter\"><a href=\"https:\/\/www.upo.es\/diario\/wp-content\/uploads\/2023\/06\/egresados-1.jpg\"><img loading=\"lazy\" decoding=\"async\" class=\"size-large wp-image-30879093\" src=\"https:\/\/www.upo.es\/diario\/wp-content\/uploads\/2023\/06\/egresados-1-700x525.jpg\" alt=\"\" width=\"700\" height=\"525\" srcset=\"https:\/\/www.upo.es\/diario\/wp-content\/uploads\/2023\/06\/egresados-1-700x525.jpg 700w, https:\/\/www.upo.es\/diario\/wp-content\/uploads\/2023\/06\/egresados-1-420x315.jpg 420w, https:\/\/www.upo.es\/diario\/wp-content\/uploads\/2023\/06\/egresados-1-768x576.jpg 768w, https:\/\/www.upo.es\/diario\/wp-content\/uploads\/2023\/06\/egresados-1-1536x1152.jpg 1536w, https:\/\/www.upo.es\/diario\/wp-content\/uploads\/2023\/06\/egresados-1-1320x990.jpg 1320w, https:\/\/www.upo.es\/diario\/wp-content\/uploads\/2023\/06\/egresados-1.jpg 1600w\" sizes=\"auto, (max-width: 700px) 100vw, 700px\" \/><\/a><figcaption id=\"caption-attachment-30879093\" class=\"wp-caption-text\">Promoci\u00f3n 2019\/23 del Grado en Sociolog\u00eda y Promoci\u00f3n 2018\/23 del Doble Grado en Sociolog\u00eda y Ciencias Pol\u00edticas y de la Administraci\u00f3n<\/figcaption><\/figure>\n<p>La ceremonia de egresados y egresadas de la promoci\u00f3n 2019\/23 del Grado en Sociolog\u00eda y la promoci\u00f3n 2018\/23 del Doble Grado en Sociolog\u00eda y Ciencias Pol\u00edticas y de la Administraci\u00f3n se celebr\u00f3 el pasado viernes en el Paraninfo de la Universidad Pablo de Olavide. El acto fue presidido por Juan Miguel G\u00f3mez Espino, decano de la Facultad de Ciencias Sociales de la UPO.<\/p>\n<p><a href=\"https:\/\/www.upo.es\/diario\/wp-content\/uploads\/2023\/06\/23062023-IMG_9311-1.jpg\"><img loading=\"lazy\" decoding=\"async\" class=\"alignright size-medium wp-image-30879095\" src=\"https:\/\/www.upo.es\/diario\/wp-content\/uploads\/2023\/06\/23062023-IMG_9311-1-420x280.jpg\" alt=\"\" width=\"420\" height=\"280\" srcset=\"https:\/\/www.upo.es\/diario\/wp-content\/uploads\/2023\/06\/23062023-IMG_9311-1-420x280.jpg 420w, https:\/\/www.upo.es\/diario\/wp-content\/uploads\/2023\/06\/23062023-IMG_9311-1-750x500.jpg 750w, https:\/\/www.upo.es\/diario\/wp-content\/uploads\/2023\/06\/23062023-IMG_9311-1-768x512.jpg 768w, https:\/\/www.upo.es\/diario\/wp-content\/uploads\/2023\/06\/23062023-IMG_9311-1-1536x1024.jpg 1536w, https:\/\/www.upo.es\/diario\/wp-content\/uploads\/2023\/06\/23062023-IMG_9311-1-165x109.jpg 165w, https:\/\/www.upo.es\/diario\/wp-content\/uploads\/2023\/06\/23062023-IMG_9311-1-1320x880.jpg 1320w, https:\/\/www.upo.es\/diario\/wp-content\/uploads\/2023\/06\/23062023-IMG_9311-1.jpg 2000w\" sizes=\"auto, (max-width: 420px) 100vw, 420px\" \/><\/a>El padrino de las promociones ha sido Enrique Mart\u00edn Criado, profesor de Sociolog\u00eda de la Universidad Pablo de Olavide. A la ceremonia tambi\u00e9n asistieron el profesor Rub\u00e9n Mart\u00edn Gimeno del \u00c1rea de Sociolog\u00eda de la UPO como invitado de honor, Estrella Abolafio Moreno, vicedecana de Pr\u00e1cticas y Empleabilidad de la Facultad de Ciencias Sociales y Jos\u00e9 Manuel Trujillo, responsable de Calidad del Grado en Ciencias Pol\u00edticas y de la Administraci\u00f3n.<\/p>\n<p>En representaci\u00f3n del alumnado egresado, pronunciaron los discursos Mar\u00eda Jos\u00e9 Tapia da Rosa y Luc\u00eda Jes\u00fas Mart\u00edn Hurtado del Grado en Sociolog\u00eda y \u00c1lvaro Pastor Garc\u00eda y Carla Blanco Ameneiros del Doble Grado en Sociolog\u00eda y Ciencias Pol\u00edticas y de la Administraci\u00f3n. Un total de 50 egresados y egresadas asistieron, junto a sus familiares, a este acto con el que la Universidad Pablo de Olavide recupera una antigua tradici\u00f3n de las universidades europeas.<\/p>\n<p>&nbsp;<\/p>\n","protected":false},"excerpt":{"rendered":"<p>La ceremonia de egresados y egresadas de la promoci\u00f3n 2019\/23 del Grado en Sociolog\u00eda y la promoci\u00f3n 2018\/23 del Doble Grado en Sociolog\u00eda y Ciencias Pol\u00edticas y de la Administraci\u00f3n se celebr\u00f3 el pasado viernes en el Paraninfo de la Universidad Pablo de Olavide. El acto fue presidido por Juan Miguel G\u00f3mez Espino, decano de la Facultad de Ciencias Sociales<a class=\"read-more\" href=\"https:\/\/www.upo.es\/diario\/comunidad\/2023\/06\/ceremonia-de-graduacion-del-grado-en-sociologia-y-el-doble-grado-con-ciencias-politicas-y-de-la-administracion\/\">[Read More&#8230;]<\/a><\/p>\n","protected":false},"author":4,"featured_media":30879093,"comment_status":"closed","ping_status":"open","sticky":false,"template":"","format":"standard","meta":{"_monsterinsights_skip_tracking":false,"_monsterinsights_sitenote_active":false,"_monsterinsights_sitenote_note":"","_monsterinsights_sitenote_category":0,"footnotes":""},"categories":[5842],"tags":[597,3460,487,81,2461],"class_list":["post-30879092","post","type-post","status-publish","format-standard","has-post-thumbnail","hentry","category-comunidad","tag-ceremonias-de-egresados","tag-doble-grado-en-sociologia-y-ciencias-politicas-y-de-la-administracion","tag-facultad-ciencias-sociales","tag-facultad-de-derecho","tag-grado-en-sociologia"],"_links":{"self":[{"href":"https:\/\/www.upo.es\/diario\/wp-json\/wp\/v2\/posts\/30879092","targetHints":{"allow":["GET"]}}],"collection":[{"href":"https:\/\/www.upo.es\/diario\/wp-json\/wp\/v2\/posts"}],"about":[{"href":"https:\/\/www.upo.es\/diario\/wp-json\/wp\/v2\/types\/post"}],"author":[{"embeddable":true,"href":"https:\/\/www.upo.es\/diario\/wp-json\/wp\/v2\/users\/4"}],"replies":[{"embeddable":true,"href":"https:\/\/www.upo.es\/diario\/wp-json\/wp\/v2\/comments?post=30879092"}],"version-history":[{"count":1,"href":"https:\/\/www.upo.es\/diario\/wp-json\/wp\/v2\/posts\/30879092\/revisions"}],"predecessor-version":[{"id":30879096,"href":"https:\/\/www.upo.es\/diario\/wp-json\/wp\/v2\/posts\/30879092\/revisions\/30879096"}],"wp:featuredmedia":[{"embeddable":true,"href":"https:\/\/www.upo.es\/diario\/wp-json\/wp\/v2\/media\/30879093"}],"wp:attachment":[{"href":"https:\/\/www.upo.es\/diario\/wp-json\/wp\/v2\/media?parent=30879092"}],"wp:term":[{"taxonomy":"category","embeddable":true,"href":"https:\/\/www.upo.es\/diario\/wp-json\/wp\/v2\/categories?post=30879092"},{"taxonomy":"post_tag","embeddable":true,"href":"https:\/\/www.upo.es\/diario\/wp-json\/wp\/v2\/tags?post=30879092"}],"curies":[{"name":"wp","href":"https:\/\/api.w.org\/{rel}","templated":true}]}}