{"id":30879102,"date":"2023-06-27T12:23:46","date_gmt":"2023-06-27T10:23:46","guid":{"rendered":"https:\/\/www.upo.es\/diario\/?p=30879102"},"modified":"2023-07-03T12:35:48","modified_gmt":"2023-07-03T10:35:48","slug":"el-laboratorio-de-la-facultad-de-ciencias-sociales-de-la-upo-un-espacio-de-innovacion-academica","status":"publish","type":"post","link":"https:\/\/www.upo.es\/diario\/comunidad\/2023\/06\/el-laboratorio-de-la-facultad-de-ciencias-sociales-de-la-upo-un-espacio-de-innovacion-academica\/","title":{"rendered":"El Laboratorio de la Facultad de Ciencias Sociales de la UPO, un espacio de innovaci\u00f3n acad\u00e9mica"},"content":{"rendered":"<p><a href=\"https:\/\/www.upo.es\/diario\/wp-content\/uploads\/2023\/06\/FCSLAB-5-scaled.jpg\"><img loading=\"lazy\" decoding=\"async\" class=\"aligncenter wp-image-30879103 size-large\" src=\"https:\/\/www.upo.es\/diario\/wp-content\/uploads\/2023\/06\/FCSLAB-5-750x500.jpg\" alt=\"\" width=\"750\" height=\"500\" srcset=\"https:\/\/www.upo.es\/diario\/wp-content\/uploads\/2023\/06\/FCSLAB-5-750x500.jpg 750w, https:\/\/www.upo.es\/diario\/wp-content\/uploads\/2023\/06\/FCSLAB-5-420x280.jpg 420w, https:\/\/www.upo.es\/diario\/wp-content\/uploads\/2023\/06\/FCSLAB-5-768x512.jpg 768w, https:\/\/www.upo.es\/diario\/wp-content\/uploads\/2023\/06\/FCSLAB-5-1536x1024.jpg 1536w, https:\/\/www.upo.es\/diario\/wp-content\/uploads\/2023\/06\/FCSLAB-5-2048x1366.jpg 2048w, https:\/\/www.upo.es\/diario\/wp-content\/uploads\/2023\/06\/FCSLAB-5-165x109.jpg 165w, https:\/\/www.upo.es\/diario\/wp-content\/uploads\/2023\/06\/FCSLAB-5-1320x880.jpg 1320w\" sizes=\"auto, (max-width: 750px) 100vw, 750px\" \/><\/a>El Laboratorio de la Facultad de Ciencias Sociales de la Universidad Pablo de Olavide, inaugurado en marzo de 2021, se ha convertido en un recurso esencial en el campus.<strong> Ideado como un lugar para el aprendizaje activo, cuenta con un equipamiento de alta tecnolog\u00eda en un espacio polivalente para la docencia, la transferencia, la participaci\u00f3n y la transformaci\u00f3n<\/strong>. Para ello, dispone de cuatro salas especializadas que lo convierten en un recurso pionero en Andaluc\u00eda en el \u00e1mbito de las Ciencias Sociales.<\/p>\n<p>En estos momentos, el laboratorio est\u00e1 en proceso de ampliaci\u00f3n de sus instalaciones puesto que, en algunos meses del curso acad\u00e9mico, su ocupaci\u00f3n ha llegado al 90% y sigue creciendo, con m\u00e1s de 2.000 personas usuarias solo durante el a\u00f1o pasado. Uno de los a\u00f1adidos al FCSLab ser\u00e1 una sala para entrevistas en profundidad y, paralelamente, se han adquirido nuevos materiales t\u00e9cnicos.<\/p>\n<p>Como explica la profesora de la Facultad de Ciencias Sociales, Rosa Mar\u00eda D\u00edaz Jim\u00e9nez, \u201cel Laboratorio ha supuesto un impulso para las tareas investigadoras y, al mismo tiempo, se ha consolidado como servicio de apoyo a las actividades docentes de este centro. Por ello, su creciente uso a lo largo del tiempo va dando a conocer el Laboratorio entre cada vez m\u00e1s sectores de la comunidad universitaria, convirti\u00e9ndose ya en un espacio de referencia para la innovaci\u00f3n docente orientada al aprendizaje activo\u201d.<\/p>\n<p>As\u00ed, por ejemplo, el <strong>FCSLab impulsa un proyecto de investigaci\u00f3n aplicada orientado a generar un <em>software<\/em> de transcripci\u00f3n autom\u00e1tica que d\u00e9 respuesta espec\u00edfica a las necesidades de transcripci\u00f3n realizada en la investigaci\u00f3n social<\/strong>, \u2018CS-transcribe: Investigaci\u00f3n de Necesidades y Desarrollo de una Herramienta Digital de Transcripci\u00f3n para las Ciencias Sociales\u2019 obtuvo financiaci\u00f3n de la Agencia Estatal de Investigaci\u00f3n para un periodo de dos a\u00f1os. Con la participaci\u00f3n tambi\u00e9n del Laboratorio de Ciencias Sociales de la Universitat de Valencia, se ha formado un equipo interdisciplinar formado por personal procedente de la sociolog\u00eda, la ling\u00fc\u00edstica, la antropolog\u00eda y la ingenier\u00eda inform\u00e1tica, que dirigir\u00e1n los trabajos de desarrollo t\u00e9cnico de la aplicaci\u00f3n.<\/p>\n<p>Por otro lado, el Laboratorio se asocia como entidad colaboradora a dos proyectos europeos para la mejora de la Educaci\u00f3n Superior financiados por convocatorias dentro del marco Erasmus+ con un amplio n\u00famero de socios de pa\u00edses europeos y dirigidos por la Universidad Pablo de Olavide: \u2018Voices of Innmigrant Women\u2019 (VIW), que tiene como objetivo contribuir a la construcci\u00f3n de un sistema de Educaci\u00f3n Superior m\u00e1s inclusivo que aborde el desaf\u00edo social que representan las migraciones y, m\u00e1s concretamente, los flujos migratorios de mujeres en el contexto europeo actual; e \u2018IHES \u2013 Sistemas Educaci\u00f3n Superior Inclusivo para estudiantes con discapacidad intelectual\u2019, cuya finalidad es pilotar una metodolog\u00eda para apoyar la inclusi\u00f3n de estudiantes con discapacidad intelectual en la Educaci\u00f3n Superior.<\/p>\n<p>Adem\u00e1s, el FCSLab acoge clases, tanto pr\u00e1cticas de las distintas asignaturas de la Facultad de Ciencias Sociales, como clases del proyecto piloto \u2018Afrontando el TFG desde metodolog\u00edas de acompa\u00f1amiento para el dise\u00f1o de una intervenci\u00f3n desde Trabajo Social\u2019 promovido por el Departamento de Trabajo Social y Servicios Sociales. Este ha sido seleccionado como Proyecto de Innovaci\u00f3n Docente para el curso que est\u00e1 terminando tras obtener una puntuaci\u00f3n superior a cien por parte de la Direcci\u00f3n de Evaluaci\u00f3n y Acreditaci\u00f3n de Andaluc\u00eda. El Laboratorio tambi\u00e9n presta servicio como escenario de cursos y asistencia como apoyo t\u00e9cnico en eventos, seminarios, reuniones o presentaciones.<\/p>\n<h3><strong>Instalaciones pioneras<\/strong><\/h3>\n<p><img loading=\"lazy\" decoding=\"async\" class=\"alignright size-medium wp-image-30879127\" src=\"https:\/\/www.upo.es\/diario\/wp-content\/uploads\/2023\/06\/FCS-Lab-1-420x276.jpg\" alt=\"\" width=\"420\" height=\"276\" srcset=\"https:\/\/www.upo.es\/diario\/wp-content\/uploads\/2023\/06\/FCS-Lab-1-420x276.jpg 420w, https:\/\/www.upo.es\/diario\/wp-content\/uploads\/2023\/06\/FCS-Lab-1-750x494.jpg 750w, https:\/\/www.upo.es\/diario\/wp-content\/uploads\/2023\/06\/FCS-Lab-1-768x506.jpg 768w, https:\/\/www.upo.es\/diario\/wp-content\/uploads\/2023\/06\/FCS-Lab-1-1536x1011.jpg 1536w, https:\/\/www.upo.es\/diario\/wp-content\/uploads\/2023\/06\/FCS-Lab-1-2048x1348.jpg 2048w, https:\/\/www.upo.es\/diario\/wp-content\/uploads\/2023\/06\/FCS-Lab-1-380x250.jpg 380w, https:\/\/www.upo.es\/diario\/wp-content\/uploads\/2023\/06\/FCS-Lab-1-760x500.jpg 760w\" sizes=\"auto, (max-width: 420px) 100vw, 420px\" \/>El FCSLab cuenta con una sala de aprendizaje para la intervenci\u00f3n y la investigaci\u00f3n con pantalla <em>clevertouch<\/em> y materiales para din\u00e1micas sociales; una sala Gesell y de t\u00e9cnicas conversacionales con micr\u00f3fonos y c\u00e1maras; otra de observaci\u00f3n con nueve ordenadores de alto rendimiento con software profesional y pedales de transcripci\u00f3n; y una m\u00e1s de an\u00e1lisis y de t\u00e9cnicas cuantitativas desde la que se maneja el resto del laboratorio mediante un equipo profesional de grabaci\u00f3n, <em>streaming<\/em> y edici\u00f3n audiovisual.<\/p>\n<p>Todas ellas pueden ser reservadas por parte de docentes, personal de investigaci\u00f3n y alumnado de la Facultad de Ciencias Sociales, a las que se suman los numerosos recursos online para el aprendizaje: herramientas de apoyo para las clases, presentaciones y dise\u00f1os efectivos, gamificaci\u00f3n en el aula, plataformas de gesti\u00f3n documental y trabajo colaborativo en la nube.<\/p>\n","protected":false},"excerpt":{"rendered":"<p>El Laboratorio de la Facultad de Ciencias Sociales de la Universidad Pablo de Olavide, inaugurado en marzo de 2021, se ha convertido en un recurso esencial en el campus. Ideado como un lugar para el aprendizaje activo, cuenta con un equipamiento de alta tecnolog\u00eda en un espacio polivalente para la docencia, la transferencia, la participaci\u00f3n y la transformaci\u00f3n. Para ello, dispone de cuatro salas especializadas que lo convierten en un recurso pionero en Andaluc\u00eda en el \u00e1mbito de las Ciencias Sociales.<\/p>\n","protected":false},"author":4,"featured_media":30879103,"comment_status":"closed","ping_status":"open","sticky":false,"template":"","format":"standard","meta":{"_monsterinsights_skip_tracking":false,"_monsterinsights_sitenote_active":false,"_monsterinsights_sitenote_note":"","_monsterinsights_sitenote_category":0,"footnotes":""},"categories":[5842],"tags":[487,8489,2497,56,7282],"class_list":["post-30879102","post","type-post","status-publish","format-standard","has-post-thumbnail","hentry","category-comunidad","tag-facultad-ciencias-sociales","tag-innovacion-academica","tag-innovacion-docente","tag-investigacion","tag-laboratorio-fcs-lab"],"_links":{"self":[{"href":"https:\/\/www.upo.es\/diario\/wp-json\/wp\/v2\/posts\/30879102","targetHints":{"allow":["GET"]}}],"collection":[{"href":"https:\/\/www.upo.es\/diario\/wp-json\/wp\/v2\/posts"}],"about":[{"href":"https:\/\/www.upo.es\/diario\/wp-json\/wp\/v2\/types\/post"}],"author":[{"embeddable":true,"href":"https:\/\/www.upo.es\/diario\/wp-json\/wp\/v2\/users\/4"}],"replies":[{"embeddable":true,"href":"https:\/\/www.upo.es\/diario\/wp-json\/wp\/v2\/comments?post=30879102"}],"version-history":[{"count":5,"href":"https:\/\/www.upo.es\/diario\/wp-json\/wp\/v2\/posts\/30879102\/revisions"}],"predecessor-version":[{"id":30879162,"href":"https:\/\/www.upo.es\/diario\/wp-json\/wp\/v2\/posts\/30879102\/revisions\/30879162"}],"wp:featuredmedia":[{"embeddable":true,"href":"https:\/\/www.upo.es\/diario\/wp-json\/wp\/v2\/media\/30879103"}],"wp:attachment":[{"href":"https:\/\/www.upo.es\/diario\/wp-json\/wp\/v2\/media?parent=30879102"}],"wp:term":[{"taxonomy":"category","embeddable":true,"href":"https:\/\/www.upo.es\/diario\/wp-json\/wp\/v2\/categories?post=30879102"},{"taxonomy":"post_tag","embeddable":true,"href":"https:\/\/www.upo.es\/diario\/wp-json\/wp\/v2\/tags?post=30879102"}],"curies":[{"name":"wp","href":"https:\/\/api.w.org\/{rel}","templated":true}]}}