{"id":30879112,"date":"2023-06-26T19:01:14","date_gmt":"2023-06-26T17:01:14","guid":{"rendered":"https:\/\/www.upo.es\/diario\/?p=30879112"},"modified":"2023-06-27T13:03:02","modified_gmt":"2023-06-27T11:03:02","slug":"la-profesora-de-la-upo-paula-rodriguez-defiende-que-las-altas-temperaturas-son-una-consecuencia-de-no-tener-en-cuenta-los-costes-ambientales-en-la-economia","status":"publish","type":"post","link":"https:\/\/www.upo.es\/diario\/cursos-verano\/2023\/06\/la-profesora-de-la-upo-paula-rodriguez-defiende-que-las-altas-temperaturas-son-una-consecuencia-de-no-tener-en-cuenta-los-costes-ambientales-en-la-economia\/","title":{"rendered":"La profesora de la UPO Paula Rodr\u00edguez defiende que las altas temperaturas son una \u201cconsecuencia\u201d de no tener en cuenta los costes ambientales en la econom\u00eda"},"content":{"rendered":"<figure id=\"attachment_30879113\" aria-describedby=\"caption-attachment-30879113\" style=\"width: 420px\" class=\"wp-caption alignright\"><a href=\"https:\/\/www.upo.es\/diario\/wp-content\/uploads\/2023\/06\/Paula.jpg\"><img loading=\"lazy\" decoding=\"async\" class=\"size-medium wp-image-30879113\" src=\"https:\/\/www.upo.es\/diario\/wp-content\/uploads\/2023\/06\/Paula-420x280.jpg\" alt=\"\" width=\"420\" height=\"280\" srcset=\"https:\/\/www.upo.es\/diario\/wp-content\/uploads\/2023\/06\/Paula-420x280.jpg 420w, https:\/\/www.upo.es\/diario\/wp-content\/uploads\/2023\/06\/Paula-750x500.jpg 750w, https:\/\/www.upo.es\/diario\/wp-content\/uploads\/2023\/06\/Paula-768x512.jpg 768w, https:\/\/www.upo.es\/diario\/wp-content\/uploads\/2023\/06\/Paula-1536x1023.jpg 1536w, https:\/\/www.upo.es\/diario\/wp-content\/uploads\/2023\/06\/Paula-165x109.jpg 165w, https:\/\/www.upo.es\/diario\/wp-content\/uploads\/2023\/06\/Paula-1320x879.jpg 1320w, https:\/\/www.upo.es\/diario\/wp-content\/uploads\/2023\/06\/Paula.jpg 1600w\" sizes=\"auto, (max-width: 420px) 100vw, 420px\" \/><\/a><figcaption id=\"caption-attachment-30879113\" class=\"wp-caption-text\">Paula Rodr\u00edguez, directora del curso de verano &#8216;Econom\u00eda cr\u00edtica para una transformaci\u00f3n ecosocial justa&#8217;<\/figcaption><\/figure>\n<p>La directora del curso de verano &#8216;Econom\u00eda cr\u00edtica para una transformaci\u00f3n ecosocial justa&#8217; de la Universidad Pablo Olavide (UPO), Paula Rodr\u00edguez, ha defendido este lunes que las altas temperaturas son \u00abuna consecuencia\u00bb de haber apostado econ\u00f3micamente por \u00abunos modelos de crecimiento que no han tenido en cuenta los costes ambientales\u00bb, al tiempo que ha apostado por que la econom\u00eda \u00abtome un modelo que vaya m\u00e1s all\u00e1 del crecimiento y que se detenga a estudiar las consecuencias en el medioambiente\u00bb.<\/p>\n<p>\u201cEl Estado del Bienestar en el que vivimos atraviesa por diferentes problemas como es el cambio clim\u00e1tico. Esto pone de manifiesto que la econom\u00eda debe actuar para poder llegar a poner en pr\u00e1ctica pol\u00edticas econ\u00f3micas que den soluci\u00f3n a estos cambios ambientales que estamos sufriendo\u201d, ha afirmado la profesora en una entrevista realizada por Europa Press con motivo de los Cursos de Verano que la UPO ha iniciado esta jornada en su sede de Carmona (Sevilla).<\/p>\n<p>La tambi\u00e9n profesora del Departamento de Econom\u00eda, M\u00e9todos Cuantitativos e Historia Econ\u00f3mica de la UPO dirige en esta sede universitaria el curso de &#8216;Econom\u00eda cr\u00edtica&#8217;, que ha dado comienzo hoy.<\/p>\n<p>Rodr\u00edguez ha afirmado que, \u201ctradicionalmente la econom\u00eda se ha centrado en el aumento de la productividad y en la mejora de la competitividad de los pa\u00edses, sin tener en cuenta todos los costes medioambientales que esto ha provocado. Las altas temperaturas son consecuencia de haber apostado econ\u00f3micamente por unos modelos de crecimiento que no han tenido en cuenta los costes ambientales\u201d, por lo que ahora, en su opini\u00f3n los gobiernos deben tener en cuenta a la hora de aplicar pol\u00edticas econ\u00f3micas en qu\u00e9 sectores deben invertir m\u00e1s capital, ya que determinados sectores como el de la alimentaci\u00f3n producen costes ambientales que ya estamos sufriendo.<\/p>\n<p>\u201cPara afrontar el cambio clim\u00e1tico, desde la Uni\u00f3n Europea se est\u00e1n invirtiendo fondos importantes para transici\u00f3n energ\u00e9tica, pero la cuesti\u00f3n que debe preocupar a la econom\u00eda cr\u00edtica es que esos fondos no sirvan \u00fanicamente para la expansi\u00f3n de las grandes multinacionales, sino al contrario, que se repartan de forma equitativa en todos los territorios\u201d ha se\u00f1alado.<\/p>\n<p>Por otro lado, seg\u00fan la especialista en sistemas agroalimentarios Marta Soler \u201cla alimentaci\u00f3n en la actualidad se enfrenta a las restricciones que el cambio clim\u00e1tico y los impactos ambientales est\u00e1n generando, esto invita a repensar la forma en que organizamos nuestra alimentaci\u00f3n. El sistema agroalimentario influye directamente al cambio clim\u00e1tico, tanto con la producci\u00f3n en finca como vinculado al transporte, a la industria y a la distribuci\u00f3n en un mercado global\u201d.<\/p>\n<p>Asimismo, ha afirmado que, \u201cespecialmente la agricultura tiene la capacidad de contribuir a la mitigaci\u00f3n con un cambio en el modelo de producci\u00f3n, esos cambios deben ser en todo el sistema de producci\u00f3n, modificando desde c\u00f3mo se cultiva en el campo hasta la dieta de las familias\u201d.<\/p>\n<p>Se\u00f1ala que, \u201chay que tomar consciencia de los impactos ambientales y sociales que tiene la forma de alimentarnos. En cuanto a los sociales, hay que destacar la crisis de rentabilidad que se est\u00e1 viviendo en el medio rural\u201d. Por \u00faltimo, Soler ha destacado que, \u201clas alternativas que se plantean desde la agroecolog\u00eda est\u00e1n en la l\u00ednea de cambiar la forma de cultivar y la forma de alimentarnos con criterios de equidad social\u201d.<\/p>\n","protected":false},"excerpt":{"rendered":"<p>La directora del curso de verano &#8216;Econom\u00eda cr\u00edtica para una transformaci\u00f3n ecosocial justa&#8217; de la Universidad Pablo Olavide (UPO), Paula Rodr\u00edguez, ha defendido este lunes que las altas temperaturas son \u00abuna consecuencia\u00bb de haber apostado econ\u00f3micamente por \u00abunos modelos de crecimiento que no han tenido en cuenta los costes ambientales\u00bb, al tiempo que ha apostado por que la econom\u00eda \u00abtome un modelo que vaya m\u00e1s all\u00e1 del crecimiento y que se detenga a estudiar las consecuencias en el medioambiente\u00bb.<\/p>\n","protected":false},"author":4,"featured_media":30879113,"comment_status":"closed","ping_status":"open","sticky":false,"template":"","format":"standard","meta":{"_monsterinsights_skip_tracking":false,"_monsterinsights_sitenote_active":false,"_monsterinsights_sitenote_note":"","_monsterinsights_sitenote_category":0,"footnotes":""},"categories":[729],"tags":[593,22,8491,519,8492],"class_list":["post-30879112","post","type-post","status-publish","format-standard","has-post-thumbnail","hentry","category-cursos-verano","tag-cambio-climatico","tag-cursos-de-verano","tag-economia-critica","tag-olavide-en-carmona","tag-paula-rodriguez"],"_links":{"self":[{"href":"https:\/\/www.upo.es\/diario\/wp-json\/wp\/v2\/posts\/30879112","targetHints":{"allow":["GET"]}}],"collection":[{"href":"https:\/\/www.upo.es\/diario\/wp-json\/wp\/v2\/posts"}],"about":[{"href":"https:\/\/www.upo.es\/diario\/wp-json\/wp\/v2\/types\/post"}],"author":[{"embeddable":true,"href":"https:\/\/www.upo.es\/diario\/wp-json\/wp\/v2\/users\/4"}],"replies":[{"embeddable":true,"href":"https:\/\/www.upo.es\/diario\/wp-json\/wp\/v2\/comments?post=30879112"}],"version-history":[{"count":1,"href":"https:\/\/www.upo.es\/diario\/wp-json\/wp\/v2\/posts\/30879112\/revisions"}],"predecessor-version":[{"id":30879114,"href":"https:\/\/www.upo.es\/diario\/wp-json\/wp\/v2\/posts\/30879112\/revisions\/30879114"}],"wp:featuredmedia":[{"embeddable":true,"href":"https:\/\/www.upo.es\/diario\/wp-json\/wp\/v2\/media\/30879113"}],"wp:attachment":[{"href":"https:\/\/www.upo.es\/diario\/wp-json\/wp\/v2\/media?parent=30879112"}],"wp:term":[{"taxonomy":"category","embeddable":true,"href":"https:\/\/www.upo.es\/diario\/wp-json\/wp\/v2\/categories?post=30879112"},{"taxonomy":"post_tag","embeddable":true,"href":"https:\/\/www.upo.es\/diario\/wp-json\/wp\/v2\/tags?post=30879112"}],"curies":[{"name":"wp","href":"https:\/\/api.w.org\/{rel}","templated":true}]}}