{"id":30879115,"date":"2023-06-27T14:15:15","date_gmt":"2023-06-27T12:15:15","guid":{"rendered":"https:\/\/www.upo.es\/diario\/?p=30879115"},"modified":"2023-06-27T14:15:15","modified_gmt":"2023-06-27T12:15:15","slug":"unas-jornadas-analizan-la-implantacion-de-soluciones-de-inteligencia-artificial-en-el-ambito-de-la-justicia","status":"publish","type":"post","link":"https:\/\/www.upo.es\/diario\/docencia-formacion\/2023\/06\/unas-jornadas-analizan-la-implantacion-de-soluciones-de-inteligencia-artificial-en-el-ambito-de-la-justicia\/","title":{"rendered":"Unas jornadas analizan la implantaci\u00f3n de soluciones de Inteligencia Artificial en el \u00e1mbito de la Justicia"},"content":{"rendered":"<figure id=\"attachment_30879116\" aria-describedby=\"caption-attachment-30879116\" style=\"width: 700px\" class=\"wp-caption aligncenter\"><a href=\"https:\/\/www.upo.es\/diario\/wp-content\/uploads\/2023\/06\/inauguracionjornada.jpeg\"><img loading=\"lazy\" decoding=\"async\" class=\"wp-image-30879116 size-large\" src=\"https:\/\/www.upo.es\/diario\/wp-content\/uploads\/2023\/06\/inauguracionjornada-700x525.jpeg\" alt=\"\" width=\"700\" height=\"525\" srcset=\"https:\/\/www.upo.es\/diario\/wp-content\/uploads\/2023\/06\/inauguracionjornada-700x525.jpeg 700w, https:\/\/www.upo.es\/diario\/wp-content\/uploads\/2023\/06\/inauguracionjornada-420x315.jpeg 420w, https:\/\/www.upo.es\/diario\/wp-content\/uploads\/2023\/06\/inauguracionjornada-768x576.jpeg 768w, https:\/\/www.upo.es\/diario\/wp-content\/uploads\/2023\/06\/inauguracionjornada-1536x1152.jpeg 1536w, https:\/\/www.upo.es\/diario\/wp-content\/uploads\/2023\/06\/inauguracionjornada-1320x990.jpeg 1320w, https:\/\/www.upo.es\/diario\/wp-content\/uploads\/2023\/06\/inauguracionjornada.jpeg 2048w\" sizes=\"auto, (max-width: 700px) 100vw, 700px\" \/><\/a><figcaption id=\"caption-attachment-30879116\" class=\"wp-caption-text\">De izquierda a derecha: Ana Mar\u00eda Corredera, Jos\u00e9 Antonio Nieto, Francisco Oliva y Eduardo Gamero<\/figcaption><\/figure>\n<p>Especialistas y acad\u00e9micos se han reunido hoy martes en la <strong>Jornada \u2018Inteligencia Artificial en la Administraci\u00f3n de Justicia\u2019<\/strong>, una actividad organizada por la Universidad Pablo de Olavide a trav\u00e9s del proyecto de investigaci\u00f3n \u2018Inteligencia artificial y Derecho Administrativo: problem\u00e1tica general y aplicaciones en la Junta de Andaluc\u00eda\u2019. La jornada tiene como objetivo analizar las ventajas y reparos que plantea la implantaci\u00f3n de soluciones de Inteligencia Artificial (IA) en el \u00e1mbito de la Justicia.<\/p>\n<p>El acto ha sido inaugurado por el rector de la UPO Francisco Oliva; el consejero y viceconsejera de Justicia, Administraci\u00f3n Local y Funci\u00f3n P\u00fablica de la Junta de Andaluc\u00eda Jos\u00e9 Antonio Nieto y Ana Mar\u00eda Corredera; y el catedr\u00e1tico de Derecho Administrativo de la UPO, Eduardo Gamero. La jornada se ha celebrado en la Fundaci\u00f3n Valent\u00edn de Madariaga y Oya.<\/p>\n<p>A lo largo de la jornada se ha reflexionado sobre las oportunidades, l\u00edmites y retos que presenta la aplicaci\u00f3n de la IA en el sistema de Justicia, ya sea como soporte a la toma de decisiones procesales, ya en auxilio de la Oficina Judicial.<\/p>\n<p>La actividad combina e integra la visi\u00f3n acad\u00e9mica, aportada por el catedr\u00e1tico de Derecho Procesal de la Universidad Carlos III de Madrid y presidente de la Fundaci\u00f3n Inteligencia Artificial Legal (FIAL) V\u00edctor Moreno Catena, con la exposici\u00f3n de casos de uso por parte del Joint Research Centre de la Comisi\u00f3n Europea y de empresas tecnol\u00f3gicas que vienen desarrollando soluciones de IA para el sistema de Justicia, as\u00ed como con la visi\u00f3n de diferentes operadores del sistema: responsables pol\u00edticos del Ministerio de Justicia y de la Consejer\u00eda de Justicia, Administraci\u00f3n Local y Funci\u00f3n P\u00fablica de la Junta de Andaluc\u00eda; y representantes de la magistratura, del cuerpo de Letrados de Administraci\u00f3n de Justicia y de la Abogac\u00eda.<\/p>\n<p>&nbsp;<\/p>\n<p>&nbsp;<\/p>\n","protected":false},"excerpt":{"rendered":"<p>Especialistas y acad\u00e9micos se han reunido hoy martes en la Jornada \u2018Inteligencia Artificial en la Administraci\u00f3n de Justicia\u2019, una actividad organizada por la Universidad Pablo de Olavide a trav\u00e9s del proyecto de investigaci\u00f3n \u2018Inteligencia artificial y Derecho Administrativo: problem\u00e1tica general y aplicaciones en la Junta de Andaluc\u00eda\u2019. La jornada tiene como objetivo analizar las ventajas y reparos que plantea la implantaci\u00f3n de soluciones de Inteligencia Artificial (IA) en el \u00e1mbito de la Justicia.<\/p>\n","protected":false},"author":4,"featured_media":30879116,"comment_status":"closed","ping_status":"open","sticky":false,"template":"","format":"standard","meta":{"_monsterinsights_skip_tracking":false,"_monsterinsights_sitenote_active":false,"_monsterinsights_sitenote_note":"","_monsterinsights_sitenote_category":0,"footnotes":""},"categories":[2779],"tags":[1002,543,7381,151,514,8493,613],"class_list":["post-30879115","post","type-post","status-publish","format-standard","has-post-thumbnail","hentry","category-docencia-formacion","tag-consejeria-de-justicia","tag-eduardo-gamero","tag-francisco-oliva","tag-inteligencia-artificial","tag-jornada","tag-jose-antonio-nieto","tag-justicia"],"_links":{"self":[{"href":"https:\/\/www.upo.es\/diario\/wp-json\/wp\/v2\/posts\/30879115","targetHints":{"allow":["GET"]}}],"collection":[{"href":"https:\/\/www.upo.es\/diario\/wp-json\/wp\/v2\/posts"}],"about":[{"href":"https:\/\/www.upo.es\/diario\/wp-json\/wp\/v2\/types\/post"}],"author":[{"embeddable":true,"href":"https:\/\/www.upo.es\/diario\/wp-json\/wp\/v2\/users\/4"}],"replies":[{"embeddable":true,"href":"https:\/\/www.upo.es\/diario\/wp-json\/wp\/v2\/comments?post=30879115"}],"version-history":[{"count":1,"href":"https:\/\/www.upo.es\/diario\/wp-json\/wp\/v2\/posts\/30879115\/revisions"}],"predecessor-version":[{"id":30879117,"href":"https:\/\/www.upo.es\/diario\/wp-json\/wp\/v2\/posts\/30879115\/revisions\/30879117"}],"wp:featuredmedia":[{"embeddable":true,"href":"https:\/\/www.upo.es\/diario\/wp-json\/wp\/v2\/media\/30879116"}],"wp:attachment":[{"href":"https:\/\/www.upo.es\/diario\/wp-json\/wp\/v2\/media?parent=30879115"}],"wp:term":[{"taxonomy":"category","embeddable":true,"href":"https:\/\/www.upo.es\/diario\/wp-json\/wp\/v2\/categories?post=30879115"},{"taxonomy":"post_tag","embeddable":true,"href":"https:\/\/www.upo.es\/diario\/wp-json\/wp\/v2\/tags?post=30879115"}],"curies":[{"name":"wp","href":"https:\/\/api.w.org\/{rel}","templated":true}]}}