{"id":30879118,"date":"2023-06-22T14:23:11","date_gmt":"2023-06-22T12:23:11","guid":{"rendered":"https:\/\/www.upo.es\/diario\/?p=30879118"},"modified":"2023-06-27T14:29:11","modified_gmt":"2023-06-27T12:29:11","slug":"una-nueva-promocion-del-grado-en-nutricion-humana-y-dietetica-se-gradua-en-la-universidad-pablo-de-olavide","status":"publish","type":"post","link":"https:\/\/www.upo.es\/diario\/comunidad\/2023\/06\/una-nueva-promocion-del-grado-en-nutricion-humana-y-dietetica-se-gradua-en-la-universidad-pablo-de-olavide\/","title":{"rendered":"Una nueva promoci\u00f3n del Grado en Nutrici\u00f3n Humana y Diet\u00e9tica se grad\u00faa en la Universidad Pablo de Olavide"},"content":{"rendered":"<figure id=\"attachment_30879119\" aria-describedby=\"caption-attachment-30879119\" style=\"width: 750px\" class=\"wp-caption aligncenter\"><a href=\"https:\/\/www.upo.es\/diario\/wp-content\/uploads\/2023\/06\/escalera.jpg\"><img loading=\"lazy\" decoding=\"async\" class=\"size-large wp-image-30879119\" src=\"https:\/\/www.upo.es\/diario\/wp-content\/uploads\/2023\/06\/escalera-750x500.jpg\" alt=\"\" width=\"750\" height=\"500\" srcset=\"https:\/\/www.upo.es\/diario\/wp-content\/uploads\/2023\/06\/escalera-750x500.jpg 750w, https:\/\/www.upo.es\/diario\/wp-content\/uploads\/2023\/06\/escalera-420x280.jpg 420w, https:\/\/www.upo.es\/diario\/wp-content\/uploads\/2023\/06\/escalera-768x512.jpg 768w, https:\/\/www.upo.es\/diario\/wp-content\/uploads\/2023\/06\/escalera-1536x1024.jpg 1536w, https:\/\/www.upo.es\/diario\/wp-content\/uploads\/2023\/06\/escalera-165x109.jpg 165w, https:\/\/www.upo.es\/diario\/wp-content\/uploads\/2023\/06\/escalera-1320x880.jpg 1320w, https:\/\/www.upo.es\/diario\/wp-content\/uploads\/2023\/06\/escalera.jpg 2000w\" sizes=\"auto, (max-width: 750px) 100vw, 750px\" \/><\/a><figcaption id=\"caption-attachment-30879119\" class=\"wp-caption-text\">Promoci\u00f3n 2019\/23 del Grado en Nutrici\u00f3n Humana y Diet\u00e9tica<\/figcaption><\/figure>\n<p>La ceremonia de egresados y egresadas de la promoci\u00f3n 2019\/23 del Grado en Nutrici\u00f3n Humana y Diet\u00e9tica se celebr\u00f3 ayer mi\u00e9rcoles en el Paraninfo de la Universidad Pablo de Olavide. El acto fue presidido por Pilar Ortiz Calder\u00f3n, decana en funciones de la Facultad de Ciencias Experimentales de la UPO.<\/p>\n<p>La madrina de la promoci\u00f3n fue Mercedes Sotos Prieto, investigadora Ram\u00f3n y Cajal de la Universidad Aut\u00f3noma de Madrid. A la ceremonia tambi\u00e9n asistieron Javier S\u00e1nchez Perona del \u00c1rea de Nutrici\u00f3n y Bromatolog\u00eda de la UPO y profesor honor\u00edfico; Isabel Cerrillo Garc\u00eda, directora acad\u00e9mica del Grado en Nutrici\u00f3n Humana y Diet\u00e9tica y Luis J. Mor\u00e1n Fag\u00fandez, vocal del Colegio Profesional de Dietistas-Nutricionistas de Andaluc\u00eda (CODINAN).<\/p>\n<figure id=\"attachment_30879120\" aria-describedby=\"caption-attachment-30879120\" style=\"width: 420px\" class=\"wp-caption alignright\"><a href=\"https:\/\/www.upo.es\/diario\/wp-content\/uploads\/2023\/06\/estudiantes.jpg\"><img loading=\"lazy\" decoding=\"async\" class=\"size-medium wp-image-30879120\" src=\"https:\/\/www.upo.es\/diario\/wp-content\/uploads\/2023\/06\/estudiantes-420x280.jpg\" alt=\"\" width=\"420\" height=\"280\" srcset=\"https:\/\/www.upo.es\/diario\/wp-content\/uploads\/2023\/06\/estudiantes-420x280.jpg 420w, https:\/\/www.upo.es\/diario\/wp-content\/uploads\/2023\/06\/estudiantes-750x500.jpg 750w, https:\/\/www.upo.es\/diario\/wp-content\/uploads\/2023\/06\/estudiantes-768x512.jpg 768w, https:\/\/www.upo.es\/diario\/wp-content\/uploads\/2023\/06\/estudiantes-1536x1024.jpg 1536w, https:\/\/www.upo.es\/diario\/wp-content\/uploads\/2023\/06\/estudiantes-165x109.jpg 165w, https:\/\/www.upo.es\/diario\/wp-content\/uploads\/2023\/06\/estudiantes-1320x880.jpg 1320w, https:\/\/www.upo.es\/diario\/wp-content\/uploads\/2023\/06\/estudiantes.jpg 2000w\" sizes=\"auto, (max-width: 420px) 100vw, 420px\" \/><\/a><figcaption id=\"caption-attachment-30879120\" class=\"wp-caption-text\">Las estudiantes Patricia Dom\u00ednguez y \u00c1ngela Aznar<\/figcaption><\/figure>\n<p>En representaci\u00f3n del alumnado egresado, pronunciaron los discursos Patricia Dom\u00ednguez D\u00edaz y \u00c1ngela Aznar S\u00e1nchez. Un total de 50 egresados y egresadas asistieron, junto a sus familiares, a este acto con el que la Universidad Pablo de Olavide recupera una antigua tradici\u00f3n de las universidades europeas.<\/p>\n<p>&nbsp;<\/p>\n<p>&nbsp;<\/p>\n","protected":false},"excerpt":{"rendered":"<p>La ceremonia de egresados y egresadas de la promoci\u00f3n 2019\/23 del Grado en Nutrici\u00f3n Humana y Diet\u00e9tica se ha celebrado en el Paraninfo de la Universidad Pablo de Olavide. Un total de 50 egresados y egresadas asistieron, junto a sus familiares, a este acto con el que la UPO recupera una antigua tradici\u00f3n de las universidades europeas.<\/p>\n","protected":false},"author":4,"featured_media":30879119,"comment_status":"closed","ping_status":"open","sticky":false,"template":"","format":"standard","meta":{"_monsterinsights_skip_tracking":false,"_monsterinsights_sitenote_active":false,"_monsterinsights_sitenote_note":"","_monsterinsights_sitenote_category":0,"footnotes":""},"categories":[5842],"tags":[581,122,4176,1456],"class_list":["post-30879118","post","type-post","status-publish","format-standard","has-post-thumbnail","hentry","category-comunidad","tag-ceremonia-de-egresados","tag-facultad-ciencias-experimentales","tag-fin-de-grado","tag-grado-en-nutricion-humana-y-dietetica"],"_links":{"self":[{"href":"https:\/\/www.upo.es\/diario\/wp-json\/wp\/v2\/posts\/30879118","targetHints":{"allow":["GET"]}}],"collection":[{"href":"https:\/\/www.upo.es\/diario\/wp-json\/wp\/v2\/posts"}],"about":[{"href":"https:\/\/www.upo.es\/diario\/wp-json\/wp\/v2\/types\/post"}],"author":[{"embeddable":true,"href":"https:\/\/www.upo.es\/diario\/wp-json\/wp\/v2\/users\/4"}],"replies":[{"embeddable":true,"href":"https:\/\/www.upo.es\/diario\/wp-json\/wp\/v2\/comments?post=30879118"}],"version-history":[{"count":1,"href":"https:\/\/www.upo.es\/diario\/wp-json\/wp\/v2\/posts\/30879118\/revisions"}],"predecessor-version":[{"id":30879121,"href":"https:\/\/www.upo.es\/diario\/wp-json\/wp\/v2\/posts\/30879118\/revisions\/30879121"}],"wp:featuredmedia":[{"embeddable":true,"href":"https:\/\/www.upo.es\/diario\/wp-json\/wp\/v2\/media\/30879119"}],"wp:attachment":[{"href":"https:\/\/www.upo.es\/diario\/wp-json\/wp\/v2\/media?parent=30879118"}],"wp:term":[{"taxonomy":"category","embeddable":true,"href":"https:\/\/www.upo.es\/diario\/wp-json\/wp\/v2\/categories?post=30879118"},{"taxonomy":"post_tag","embeddable":true,"href":"https:\/\/www.upo.es\/diario\/wp-json\/wp\/v2\/tags?post=30879118"}],"curies":[{"name":"wp","href":"https:\/\/api.w.org\/{rel}","templated":true}]}}