{"id":30879139,"date":"2023-06-29T13:20:36","date_gmt":"2023-06-29T11:20:36","guid":{"rendered":"https:\/\/www.upo.es\/diario\/?p=30879139"},"modified":"2023-07-03T12:35:55","modified_gmt":"2023-07-03T10:35:55","slug":"tom-martin-benitez-la-objetividad-no-existe-lo-mas-que-se-le-puede-pedir-a-un-periodista-es-una-honrada-subjetividad","status":"publish","type":"post","link":"https:\/\/www.upo.es\/diario\/cursos-verano\/2023\/06\/tom-martin-benitez-la-objetividad-no-existe-lo-mas-que-se-le-puede-pedir-a-un-periodista-es-una-honrada-subjetividad\/","title":{"rendered":"Tom Mart\u00edn Ben\u00edtez: \u201cLa objetividad no existe, lo m\u00e1s que se le puede pedir a un periodista es una honrada subjetividad\u201d"},"content":{"rendered":"<figure id=\"attachment_30879140\" aria-describedby=\"caption-attachment-30879140\" style=\"width: 729px\" class=\"wp-caption aligncenter\"><a href=\"https:\/\/www.upo.es\/diario\/wp-content\/uploads\/2023\/06\/Tom-Martin-Benitez.jpg\"><img loading=\"lazy\" decoding=\"async\" class=\"size-large wp-image-30879140\" src=\"https:\/\/www.upo.es\/diario\/wp-content\/uploads\/2023\/06\/Tom-Martin-Benitez-729x525.jpg\" alt=\"\" width=\"729\" height=\"525\" srcset=\"https:\/\/www.upo.es\/diario\/wp-content\/uploads\/2023\/06\/Tom-Martin-Benitez-729x525.jpg 729w, https:\/\/www.upo.es\/diario\/wp-content\/uploads\/2023\/06\/Tom-Martin-Benitez-420x303.jpg 420w, https:\/\/www.upo.es\/diario\/wp-content\/uploads\/2023\/06\/Tom-Martin-Benitez-768x553.jpg 768w, https:\/\/www.upo.es\/diario\/wp-content\/uploads\/2023\/06\/Tom-Martin-Benitez-765x550.jpg 765w, https:\/\/www.upo.es\/diario\/wp-content\/uploads\/2023\/06\/Tom-Martin-Benitez-95x67.jpg 95w, https:\/\/www.upo.es\/diario\/wp-content\/uploads\/2023\/06\/Tom-Martin-Benitez.jpg 1141w\" sizes=\"auto, (max-width: 729px) 100vw, 729px\" \/><\/a><figcaption id=\"caption-attachment-30879140\" class=\"wp-caption-text\">Tom Mart\u00edn Ben\u00edtez en los Cursos de Verano de Carmona<\/figcaption><\/figure>\n<p>En el taller magistral<strong> \u2018Hablar en p\u00fablico: claves para una comunicaci\u00f3n eficaz. Curso pr\u00e1ctico para formaci\u00f3n de portavoces\u2019<\/strong> de la Universidad Pablo de Olavide (UPO), el periodista <strong>Tom Mart\u00edn Ben\u00edtez<\/strong> ha afirmado que de lo que se trata a la hora de comunicar \u201ces que haya una armon\u00eda entre las ideas, la estructura de esas ideas, elegir las palabras, decirlas de una forma adecuada para que lleguen y con una expresi\u00f3n corporal y una comunicaci\u00f3n no verbal que ayude a todo ese proceso\u201d, se\u00f1alando que \u201cel mejor comunicador es la mejor persona y la que dedica m\u00e1s tiempo a tener m\u00e1s cosas que decir\u201d.<\/p>\n<p>\u201cTodos sabemos hablar, pero una cosa es hablar y otra cosa es hablar en p\u00fablico y comunicar. Hablar en p\u00fablico significa que hay que saber primero preparar lo que quieres decir teniendo en cuenta una estructura. Debe tener un comienzo y unos argumentos junto con un final. Hablar en p\u00fablico significa hacerlo de una forma correcta y eficiente y hay muchas maneras de hacerlo, pero hablar en p\u00fablico es controlar algo que se llama el lenguaje no verbal, ya que no comunicamos solo a trav\u00e9s de la palabra, que es uno de nuestros recursos, sino que hablamos tambi\u00e9n con gestos, con emociones\u201d ha afirmado el periodista en una entrevista realizada por Europa Press con motivo de los Cursos de Verano que la UPO est\u00e1 celebrando en su sede de Carmona (Sevilla).<\/p>\n<p>Para poder llegar a comunicar en p\u00fablico, Tom ha se\u00f1alado que \u201clo que hay que hacer es prepararnos, primero, tener algo que decir, despu\u00e9s preparar c\u00f3mo decirlo de la forma m\u00e1s sencilla posible porque el mejor comunicador no es el que est\u00e1 continuamente haciendo intervenciones, sino el que est\u00e1 enriqueci\u00e9ndose por dentro para luego comunicar lo que tiene. Hay que ser persona y llenarse como persona y luego comunicarlo con esas normas que se aprenden\u201d.<\/p>\n<p>Refiri\u00e9ndose a las personas que tienen miedo a hablar en p\u00fablico, ha se\u00f1alado que eso es cuesti\u00f3n de car\u00e1cter, \u201ccada uno tiene un car\u00e1cter y muchas personas no tienen esa facilidad y, a veces, ocurre lo contrario, que se nace con disposici\u00f3n y una capacidad de comunicaci\u00f3n y de entenderse con los dem\u00e1s. Pero todo se puede entrenar y es susceptible de mejorar. Se mejora sacando a la persona que cada uno lleva dentro, sacando posibilidades y habilidades que no utiliza porque no se lo ha planteado antes o porque no lo ha necesitado. Despu\u00e9s hay que pulir esas capacidades, entrenarlas y mejorarlas para que se saque la pasi\u00f3n por hablar y por enamorar al p\u00fablico con la palabra. Una vez conseguida esa habilidad, hay que adaptarlo a la personalidad con la habilidad que se ten\u00eda pero que se ha desarrollado.\u201d<\/p>\n<p>Sobre el periodismo en la actualidad, ha asegurado que \u201cla profesi\u00f3n debe ser reflejo de la realidad. Lo primero son los datos, hay que dar los datos y contar las cosas como son. La objetividad no existe, lo m\u00e1s que se le puede pedir a un periodista es una honrada subjetividad, porque cualquiera que ve una realidad la traslada de una determinada manera. Pero lo que nunca puede estar en entredicho ni puede ser discusi\u00f3n es la verdad y los datos, de modo que hay que contar las cosas como son y dejando una honrada subjetividad para una cuesti\u00f3n de estilo\u201d.<\/p>\n<p>A su vez, ha destacado que \u201ccuando una persona hace una declaraci\u00f3n ante los periodistas, debe ser consciente de que quien est\u00e1 escuch\u00e1ndole va a hacer un resumen de lo que est\u00e1 diciendo y si t\u00fa puedes ser claro, conciso y llegar de una manera clara con el mensaje que quieres dar, debes pulir lo que quieres decir para que llegue mucho mejor, incluso le facilitas el trabajo al periodista. Si piensas lo que vas a decir, dir\u00e1s lo que has pensado, pero si te lanzas a hablar, terminar\u00e1s hablando sin ning\u00fan control. Por tanto, lo que hay que hacer es controlar el mensaje que quieres dar y darlo de una manera correcta y dejarle al periodista, si es de interpretaci\u00f3n, la interpretaci\u00f3n que es libre. Pero los datos y el mensaje deben llegar claramente\u201d.<\/p>\n<p>Mart\u00edn Ben\u00edtez ha concluido hablando de la radio y del podcast, asegurando que \u201cel podcast no va a ser capaz de romper la estrella de la radio. Tenemos una radio de una calidad extraordinaria, de un concepto de servicio p\u00fablico, de acompa\u00f1amiento, de novedad continua y de saber que, si est\u00e1 pasando algo, enciendes la radio y sale la vida\u201d. Finalmente, Tom ha afirmado que \u201ces tan brutalmente buena nuestra radio en general, que estoy seguro de que no va a desaparecer, aunque sea maravilloso el podcast\u201d.<\/p>\n<p>Fuente: Europa Press<\/p>\n","protected":false},"excerpt":{"rendered":"<p>En el taller magistral \u2018Hablar en p\u00fablico: claves para una comunicaci\u00f3n eficaz. Curso pr\u00e1ctico para formaci\u00f3n de portavoces\u2019 de la Universidad Pablo de Olavide (UPO), el periodista Tom Mart\u00edn Ben\u00edtez ha afirmado que de lo que se trata a la hora de comunicar \u201ces que haya una armon\u00eda entre las ideas, la estructura de esas ideas, elegir las palabras, decirlas de una forma adecuada para que lleguen y con una expresi\u00f3n corporal y una comunicaci\u00f3n no verbal que ayude a todo ese proceso\u201d, se\u00f1alando que \u201cel mejor comunicador es la mejor persona y la que dedica m\u00e1s tiempo a tener m\u00e1s cosas que decir\u201d.<\/p>\n","protected":false},"author":14,"featured_media":30879140,"comment_status":"closed","ping_status":"open","sticky":false,"template":"","format":"standard","meta":{"_monsterinsights_skip_tracking":false,"_monsterinsights_sitenote_active":false,"_monsterinsights_sitenote_note":"","_monsterinsights_sitenote_category":0,"footnotes":""},"categories":[729],"tags":[350,22,509,4240,687,8497],"class_list":["post-30879139","post","type-post","status-publish","format-standard","has-post-thumbnail","hentry","category-cursos-verano","tag-comunicacion","tag-cursos-de-verano","tag-formacion","tag-hablar-en-publico","tag-periodismo","tag-tom-martin-benitez"],"_links":{"self":[{"href":"https:\/\/www.upo.es\/diario\/wp-json\/wp\/v2\/posts\/30879139","targetHints":{"allow":["GET"]}}],"collection":[{"href":"https:\/\/www.upo.es\/diario\/wp-json\/wp\/v2\/posts"}],"about":[{"href":"https:\/\/www.upo.es\/diario\/wp-json\/wp\/v2\/types\/post"}],"author":[{"embeddable":true,"href":"https:\/\/www.upo.es\/diario\/wp-json\/wp\/v2\/users\/14"}],"replies":[{"embeddable":true,"href":"https:\/\/www.upo.es\/diario\/wp-json\/wp\/v2\/comments?post=30879139"}],"version-history":[{"count":2,"href":"https:\/\/www.upo.es\/diario\/wp-json\/wp\/v2\/posts\/30879139\/revisions"}],"predecessor-version":[{"id":30879144,"href":"https:\/\/www.upo.es\/diario\/wp-json\/wp\/v2\/posts\/30879139\/revisions\/30879144"}],"wp:featuredmedia":[{"embeddable":true,"href":"https:\/\/www.upo.es\/diario\/wp-json\/wp\/v2\/media\/30879140"}],"wp:attachment":[{"href":"https:\/\/www.upo.es\/diario\/wp-json\/wp\/v2\/media?parent=30879139"}],"wp:term":[{"taxonomy":"category","embeddable":true,"href":"https:\/\/www.upo.es\/diario\/wp-json\/wp\/v2\/categories?post=30879139"},{"taxonomy":"post_tag","embeddable":true,"href":"https:\/\/www.upo.es\/diario\/wp-json\/wp\/v2\/tags?post=30879139"}],"curies":[{"name":"wp","href":"https:\/\/api.w.org\/{rel}","templated":true}]}}