{"id":30879148,"date":"2023-06-30T10:20:30","date_gmt":"2023-06-30T08:20:30","guid":{"rendered":"https:\/\/www.upo.es\/diario\/?p=30879148"},"modified":"2023-07-05T13:19:20","modified_gmt":"2023-07-05T11:19:20","slug":"nuria-lopez-ccoo-a-sobre-la-transicion-energetica-el-futuro-no-puede-ser-el-basurero-del-presente","status":"publish","type":"post","link":"https:\/\/www.upo.es\/diario\/cursos-verano\/2023\/06\/nuria-lopez-ccoo-a-sobre-la-transicion-energetica-el-futuro-no-puede-ser-el-basurero-del-presente\/","title":{"rendered":"Nuria L\u00f3pez (CCOO-A), sobre la transici\u00f3n energ\u00e9tica: \u00abEl futuro no puede ser el basurero del presente\u00bb"},"content":{"rendered":"<figure id=\"attachment_30879149\" aria-describedby=\"caption-attachment-30879149\" style=\"width: 750px\" class=\"wp-caption aligncenter\"><a href=\"https:\/\/www.upo.es\/diario\/wp-content\/uploads\/2023\/06\/Nuria-Lopez-y-Carlos-Aristu1.jpg\"><img loading=\"lazy\" decoding=\"async\" class=\"size-large wp-image-30879149\" src=\"https:\/\/www.upo.es\/diario\/wp-content\/uploads\/2023\/06\/Nuria-Lopez-y-Carlos-Aristu1-750x500.jpg\" alt=\"\" width=\"750\" height=\"500\" srcset=\"https:\/\/www.upo.es\/diario\/wp-content\/uploads\/2023\/06\/Nuria-Lopez-y-Carlos-Aristu1-750x500.jpg 750w, https:\/\/www.upo.es\/diario\/wp-content\/uploads\/2023\/06\/Nuria-Lopez-y-Carlos-Aristu1-420x280.jpg 420w, https:\/\/www.upo.es\/diario\/wp-content\/uploads\/2023\/06\/Nuria-Lopez-y-Carlos-Aristu1-768x512.jpg 768w, https:\/\/www.upo.es\/diario\/wp-content\/uploads\/2023\/06\/Nuria-Lopez-y-Carlos-Aristu1-1536x1023.jpg 1536w, https:\/\/www.upo.es\/diario\/wp-content\/uploads\/2023\/06\/Nuria-Lopez-y-Carlos-Aristu1-165x109.jpg 165w, https:\/\/www.upo.es\/diario\/wp-content\/uploads\/2023\/06\/Nuria-Lopez-y-Carlos-Aristu1-1320x879.jpg 1320w, https:\/\/www.upo.es\/diario\/wp-content\/uploads\/2023\/06\/Nuria-Lopez-y-Carlos-Aristu1.jpg 1600w\" sizes=\"auto, (max-width: 750px) 100vw, 750px\" \/><\/a><figcaption id=\"caption-attachment-30879149\" class=\"wp-caption-text\">Carlos Aristu y Nuria L\u00f3pez atienden a los medios de comunicaci\u00f3n en Carmona<\/figcaption><\/figure>\n<p>La secretaria general de CCOO Andaluc\u00eda, <strong>Nuria L\u00f3pez<\/strong>, ha advertido este jueves de que \u00abel futuro no puede ser el basurero del presente\u00bb a la hora de analizar el impacto que la transici\u00f3n digital y energ\u00e9tica\u00bb puede dejar en la sociedad, teniendo en cuenta que estos cambios \u00abya est\u00e1n afectando al mercado laboral\u00bb. \u00abEstamos en medio de esa transici\u00f3n digital, tecnol\u00f3gica y medioambiental\u00bb, ha asegurado en el marco del Curso de Verano de la UPO en Carmona <strong>\u2018Oportunidades, retos y riesgos de las transiciones digital y energ\u00e9tica\u2019<\/strong>.<\/p>\n<p>L\u00f3pez ha manifestado que CCOO est\u00e1 trabajando en las transiciones de organizaci\u00f3n del trabajo a trav\u00e9s de los distintos procedimientos de la protecci\u00f3n del medio ambiente, asegurando que se est\u00e1 \u00abapostando por transiciones justas, para no dejar a ning\u00fan trabajador atr\u00e1s\u00bb.<\/p>\n<p>Seg\u00fan ha afirmado la secretaria de CCOO en Andaluc\u00eda, \u00ablas oportunidades tecnol\u00f3gicas que se est\u00e1n dando hacen que puedan desaparecer algunos determinados puestos de trabajo\u00bb pero, por contra, ha asegurado que \u00abse crear\u00e1n otros puestos nuevos para lo que se necesitan pasarelas de cara a que esas transiciones se den en t\u00e9rminos formativos y tambi\u00e9n en t\u00e9rminos de protecci\u00f3n de los nuevos riesgos que pueden surgir\u00bb.<\/p>\n<p>\u00abSon m\u00faltiples los retos que tenemos en el mundo del trabajo\u00bb, ha se\u00f1alado, a la vez que ha subrayado que \u00abtambi\u00e9n entendemos que en la negociaci\u00f3n colectiva tienen que incorporarse nuevos valores, nuevas materias que tienen que cubrir los riesgos del trabajador\u00bb, ya que \u00abtambi\u00e9n hay elementos que el propio Estado y las administraciones tienen que proveer\u00bb.<\/p>\n<p>\u00abLo tenemos claro en Comisiones Obreras, el futuro no puede ser el basurero del presente\u00bb, con estas palabras ha instado a \u00abno dilatar tanto en el tiempo\u00bb las decisiones y ha llamado a abordarlas. \u00abSi no, acabamos peg\u00e1ndole una patada para adelante a las decisiones estrat\u00e9gicas y acabamos echando la basura en el futuro\u00bb, ha avisado.<\/p>\n<p>La l\u00edder sindical ha indicado que \u00abestos cambios hay que abordarlos desde la negociaci\u00f3n colectiva\u00bb, pero tambi\u00e9n \u00abdesde la regulaci\u00f3n legal, sin dejar de lado uno de los desaf\u00edos principales que tenemos como es la protecci\u00f3n del medio ambiente\u00bb. As\u00ed, ha hecho hincapi\u00e9 en que \u00abhay que aprovechar los fondos europeos que tenemos ahora mismo a disposici\u00f3n\u00bb, con un esfuerzo que \u00abdebe ir dirigido por el Estado y al que se tienen que sumar las empresas cambiando la mentalidad\u00bb.<\/p>\n<h3><strong>Andaluc\u00eda: \u00abun esfuerzo de inmediato\u00bb<\/strong><\/h3>\n<p>Refiri\u00e9ndose a Andaluc\u00eda, ha defendido que \u00abtenemos que hacer ese esfuerzo de inmediato\u00bb, ya que \u00abdespu\u00e9s de cinco a\u00f1os, hay un d\u00e9ficit h\u00eddrico brutal\u00bb por lo que \u00abno hay agua para todo ni para todos\u00bb y, por tanto, \u00abhay que hacer una planificaci\u00f3n de nuevas infraestructuras\u00bb.<\/p>\n<p>Los trabajadores, seg\u00fan ha se\u00f1alado, no tienen que tener miedo a los cambios. \u00abLo que tenemos que exigir es gobernar esos cambios y participar en ellos\u00bb ya que, \u00abhabr\u00e1 puestos de trabajo que desaparezcan, pero estos puestos de trabajo se pueden transformar\u00bb, ha advertido.<\/p>\n<p>Para ello, L\u00f3pez pide \u00abla participaci\u00f3n del sindicato, la participaci\u00f3n activa de los trabajadores en todo aquello que puede transformar la vida, en la negociaci\u00f3n colectiva en la empresa y en el di\u00e1logo social\u00bb para as\u00ed \u00abgobernar todos esos fondos europeos que ahora mismo est\u00e1n llegando a Espa\u00f1a y a Andaluc\u00eda\u00bb.<\/p>\n<p>Actualmente, para que no se pierdan esos empleos, sino que se transformen, CCOO trabaja en tres convenios con los que, seg\u00fan L\u00f3pez, \u00abasegurarles a los trabajadores que van a tener una formaci\u00f3n y una recualificaci\u00f3n\u00bb. Para ello, la secretaria general apuesta por la \u00abnegociaci\u00f3n de la formaci\u00f3n profesional que se necesite en esa nueva actividad y la b\u00fasqueda alternativas\u00bb en otros puestos de trabajo a trav\u00e9s de las distintas pol\u00edticas activas de empleo que se generen.<\/p>\n<h3><strong>Negociaci\u00f3n colectiva y di\u00e1logo social<\/strong><\/h3>\n<p>Seg\u00fan L\u00f3pez, las empresas andaluzas \u00abno est\u00e1n en esa transici\u00f3n\u00bb y ha criticado que contin\u00faen pensando en \u00abc\u00f3mo seguir sacando rendimiento de la tecnolog\u00eda, de los fondos europeos o de las normas medioambientales para tener una obtenci\u00f3n de beneficio a corto plazo\u00bb. Lo que tienen que plantearse, seg\u00fan L\u00f3pez, es c\u00f3mo se hace \u00abese tr\u00e1nsito desde la negociaci\u00f3n colectiva y tambi\u00e9n desde el di\u00e1logo social de la intervenci\u00f3n en nuevas leyes y que el Estado oriente\u00bb.<\/p>\n<p>Ha a\u00f1adido que los trabajadores \u00abdeben tomar una actitud proactiva, evitar esos discursos triunfalistas y catastrofistas, que nos dicen que el mundo se va a acabar\u00bb siendo conscientes de que \u00abel mundo se va a transformar\u00bb.<\/p>\n<p>Por \u00faltimo, ha concluido diciendo que \u00abtenemos un reto como sociedad y al menos Comisiones Obreras est\u00e1 preparada para el reto de abordar la transformaci\u00f3n desde lo concreto, desde donde se da certeza, que es la negociaci\u00f3n colectiva y el di\u00e1logo social\u00bb.<\/p>\n<p>Fuente: Europa Press<\/p>\n","protected":false},"excerpt":{"rendered":"<p>La secretaria general de CCOO Andaluc\u00eda, Nuria L\u00f3pez, ha advertido este jueves de que \u00abel futuro no puede ser el basurero del presente\u00bb a la hora de analizar el impacto que la transici\u00f3n digital y energ\u00e9tica\u00bb puede dejar en la sociedad, teniendo en cuenta que estos cambios \u00abya est\u00e1n afectando al mercado laboral\u00bb. \u00abEstamos en medio de esa transici\u00f3n digital, tecnol\u00f3gica y medioambiental\u00bb, ha asegurado en el marco del Curso de Verano de la UPO en Carmona \u2018Oportunidades, retos y riesgos de las transiciones digital y energ\u00e9tica\u2019.<\/p>\n","protected":false},"author":14,"featured_media":30879149,"comment_status":"closed","ping_status":"open","sticky":false,"template":"","format":"standard","meta":{"_monsterinsights_skip_tracking":false,"_monsterinsights_sitenote_active":false,"_monsterinsights_sitenote_note":"","_monsterinsights_sitenote_category":0,"footnotes":""},"categories":[729],"tags":[5055,22,438,8499,4285,2975,8498],"class_list":["post-30879148","post","type-post","status-publish","format-standard","has-post-thumbnail","hentry","category-cursos-verano","tag-ccoo","tag-cursos-de-verano","tag-empleo","tag-negociacion-colectiva","tag-nuria-lopez","tag-sindicalismo","tag-transicion-digital"],"_links":{"self":[{"href":"https:\/\/www.upo.es\/diario\/wp-json\/wp\/v2\/posts\/30879148","targetHints":{"allow":["GET"]}}],"collection":[{"href":"https:\/\/www.upo.es\/diario\/wp-json\/wp\/v2\/posts"}],"about":[{"href":"https:\/\/www.upo.es\/diario\/wp-json\/wp\/v2\/types\/post"}],"author":[{"embeddable":true,"href":"https:\/\/www.upo.es\/diario\/wp-json\/wp\/v2\/users\/14"}],"replies":[{"embeddable":true,"href":"https:\/\/www.upo.es\/diario\/wp-json\/wp\/v2\/comments?post=30879148"}],"version-history":[{"count":1,"href":"https:\/\/www.upo.es\/diario\/wp-json\/wp\/v2\/posts\/30879148\/revisions"}],"predecessor-version":[{"id":30879150,"href":"https:\/\/www.upo.es\/diario\/wp-json\/wp\/v2\/posts\/30879148\/revisions\/30879150"}],"wp:featuredmedia":[{"embeddable":true,"href":"https:\/\/www.upo.es\/diario\/wp-json\/wp\/v2\/media\/30879149"}],"wp:attachment":[{"href":"https:\/\/www.upo.es\/diario\/wp-json\/wp\/v2\/media?parent=30879148"}],"wp:term":[{"taxonomy":"category","embeddable":true,"href":"https:\/\/www.upo.es\/diario\/wp-json\/wp\/v2\/categories?post=30879148"},{"taxonomy":"post_tag","embeddable":true,"href":"https:\/\/www.upo.es\/diario\/wp-json\/wp\/v2\/tags?post=30879148"}],"curies":[{"name":"wp","href":"https:\/\/api.w.org\/{rel}","templated":true}]}}