{"id":30879151,"date":"2023-06-30T11:21:19","date_gmt":"2023-06-30T09:21:19","guid":{"rendered":"https:\/\/www.upo.es\/diario\/?p=30879151"},"modified":"2023-06-30T11:22:14","modified_gmt":"2023-06-30T09:22:14","slug":"la-fundacion-de-municipios-pablo-de-olavide-aprueba-las-cuentas-anuales-del-ejercicio-2022","status":"publish","type":"post","link":"https:\/\/www.upo.es\/diario\/institucional\/2023\/06\/la-fundacion-de-municipios-pablo-de-olavide-aprueba-las-cuentas-anuales-del-ejercicio-2022\/","title":{"rendered":"La Fundaci\u00f3n de Municipios Pablo de Olavide aprueba las cuentas anuales del ejercicio 2022"},"content":{"rendered":"<figure id=\"attachment_30879153\" aria-describedby=\"caption-attachment-30879153\" style=\"width: 750px\" class=\"wp-caption aligncenter\"><img loading=\"lazy\" decoding=\"async\" class=\"size-large wp-image-30879153\" src=\"https:\/\/www.upo.es\/diario\/wp-content\/uploads\/2023\/06\/Patronato-Fund-Municipios-750x367.jpg\" alt=\"\" width=\"750\" height=\"367\" srcset=\"https:\/\/www.upo.es\/diario\/wp-content\/uploads\/2023\/06\/Patronato-Fund-Municipios-750x367.jpg 750w, https:\/\/www.upo.es\/diario\/wp-content\/uploads\/2023\/06\/Patronato-Fund-Municipios-420x205.jpg 420w, https:\/\/www.upo.es\/diario\/wp-content\/uploads\/2023\/06\/Patronato-Fund-Municipios-768x375.jpg 768w, https:\/\/www.upo.es\/diario\/wp-content\/uploads\/2023\/06\/Patronato-Fund-Municipios-1536x751.jpg 1536w, https:\/\/www.upo.es\/diario\/wp-content\/uploads\/2023\/06\/Patronato-Fund-Municipios-2048x1001.jpg 2048w, https:\/\/www.upo.es\/diario\/wp-content\/uploads\/2023\/06\/Patronato-Fund-Municipios-1320x645.jpg 1320w\" sizes=\"auto, (max-width: 750px) 100vw, 750px\" \/><figcaption id=\"caption-attachment-30879153\" class=\"wp-caption-text\">Roc\u00edo Reinoso, Francisco Oliva y Laura L\u00f3pez han presidido el Patronato de la Fundaci\u00f3n de Municipios Pablo de Olavide<\/figcaption><\/figure>\n<p>El Patronato de la Fundaci\u00f3n de Municipios Pablo de Olavide se ha reunido esta semana para aprobar las <strong>cuentas anuales correspondientes al ejercicio 2022<\/strong> de esta Fundaci\u00f3n. Adem\u00e1s, tambi\u00e9n se ha aprobado la memoria de actividades y la convocatoria de los Premios Extraordinarios de Bachillerato \u2018Pablo de Olavide\u2019 de la edici\u00f3n 2022\/2023.<\/p>\n<p>Durante 2022 la Fundaci\u00f3n de Municipios ha realizado diferentes actividades con el fin de realizar promoci\u00f3n y desarrollo de la relaci\u00f3n entre la vida universitaria y la local. Entre ellas destacan los <strong>18 Premios Extraordinarios de Bachillerato \u2018Pablo de Olavide\u2019<\/strong> concedidos y que consisten en una ayuda de 600 euros para cada uno de ellos, la posibilidad de matr\u00edcula gratuita en el primer a\u00f1o de estudios en la UPO y el alojamiento gratuito durante el primer curso en la Residencia Universitaria Flora Trist\u00e1n.<\/p>\n<p>Destaca tambi\u00e9n la edici\u00f3n de una obra que se suma a las ya editadas anteriormente bajo la <strong>Colecci\u00f3n Olavide-Ilustraci\u00f3n<\/strong>, \u2018Vida y obra de un sacerdote ilustrado ursaon\u00e9s. Manuel Mar\u00eda de Arjona y Cubas (1771-1820)\u2019, coordinada por Francisco Luis D\u00edaz Torrej\u00f3n y Juan Manuel Moreno D\u00edaz. Con esta nueva publicaci\u00f3n son ya seis las editadas en esta colecci\u00f3n de la Fundaci\u00f3n de Municipios que naci\u00f3 en 2020 y cuyo objetivo es poner en valor la historia y el patrimonio cultural de las nuevas poblaciones creadas por Pablo de Olavide.<\/p>\n<p>Adem\u00e1s, se ha puesto en marcha la <strong>exposici\u00f3n itinerante \u2018250 a\u00f1os del plano de Olavide\u2019<\/strong>, muestra que est\u00e1 formada por 20 paneles informativos y en los que se recogen los eventos relacionados con la creaci\u00f3n del plano, la figura de Pablo de Olavide, la Sevilla del siglo XVIII y la creaci\u00f3n de la Universidad Pablo de Olavide. Esta actividad est\u00e1 acercando la exposici\u00f3n a todos los municipios que componen el Patronato de la Fundaci\u00f3n y est\u00e1 dando a conocer a su ciudadan\u00eda la figura y obra de Don Pablo de Olavide, as\u00ed como momentos hist\u00f3ricos relevantes de la Ilustraci\u00f3n.<\/p>\n<p>A la reuni\u00f3n han asistido por parte de los Ayuntamientos que forman parte de la Fundaci\u00f3n: el alcalde de Ca\u00f1ada Rosal, Rodrigo Rodr\u00edguez Hans; el alcalde de Carboneros, Domingo Bonillo Avi; el alcalde de La Carolina, Crist\u00f3bal P\u00e9rez Mart\u00ednez; el alcalde de Santa Elena, Ram\u00f3n Coloma Gonz\u00e1lez; el alcalde de San Sebasti\u00e1n de los Ballesteros, Francisco Javier Maestre Ansio; la teniente alcalde de Dos Hermanas, Carmen Gil Ortega; el delegado de Cultura de Fuente Palmera, Enrique Pedro Gonz\u00e1lez Mestre; el delegado de Cultura de La Luisiana, Ignacio Mateo Selfa y la delegada de Educaci\u00f3n del Ayuntamiento de Sevilla, Blanca Gastalver Molina. El acto ha sido presidido por el rector de la UPO y presidente del Patronato, Francisco Oliva Bl\u00e1zquez; la vicepresidenta de la Fundaci\u00f3n, Roc\u00edo Reinoso Cuevas junto a la vicepresidenta ejecutiva, Laura L\u00f3pez de la Cruz y el vicesecretario de la Universidad Pablo de Olavide, Francisco Toscano Gil.<\/p>\n<p>La Fundaci\u00f3n de Municipios Pablo de Olavide es una instituci\u00f3n universitaria de \u00edndole cultural y social que est\u00e1 compuesta por los pueblos fundados por el ilustrado Pablo de Olavide. Actualmente forman parte de esta fundaci\u00f3n los municipios de <strong>Aldeaquemada, Arquillos, Baeza, Ca\u00f1ada Rosal, Carboneros, Dos Hermanas, Fuente Carreteros, Fuente Palmera, Guarrom\u00e1n, La Carlota, La Carolina, La Luisiana, Montiz\u00f3n, Prado del Rey, San Sebasti\u00e1n de los Ballesteros, Santa Elena y Sevilla<\/strong>.<\/p>\n","protected":false},"excerpt":{"rendered":"<p>Los premios de Bachillerato, la edici\u00f3n de un libro en la Colecci\u00f3n Olavide-Ilustraci\u00f3n y la exposici\u00f3n itinerante \u2018250 a\u00f1os del plano de Olavide\u2019, entre las actividades destacadas de 2022.<\/p>\n","protected":false},"author":6,"featured_media":30879153,"comment_status":"closed","ping_status":"open","sticky":false,"template":"","format":"standard","meta":{"_monsterinsights_skip_tracking":false,"_monsterinsights_sitenote_active":false,"_monsterinsights_sitenote_note":"","_monsterinsights_sitenote_category":0,"footnotes":""},"categories":[6],"tags":[3621,1655,730,7974],"class_list":["post-30879151","post","type-post","status-publish","format-standard","has-post-thumbnail","hentry","category-institucional","tag-fundacion-de-municipios-pablo-de-olavide","tag-pablo-de-olavide","tag-patronato","tag-sede-olavide-en-carmona"],"_links":{"self":[{"href":"https:\/\/www.upo.es\/diario\/wp-json\/wp\/v2\/posts\/30879151","targetHints":{"allow":["GET"]}}],"collection":[{"href":"https:\/\/www.upo.es\/diario\/wp-json\/wp\/v2\/posts"}],"about":[{"href":"https:\/\/www.upo.es\/diario\/wp-json\/wp\/v2\/types\/post"}],"author":[{"embeddable":true,"href":"https:\/\/www.upo.es\/diario\/wp-json\/wp\/v2\/users\/6"}],"replies":[{"embeddable":true,"href":"https:\/\/www.upo.es\/diario\/wp-json\/wp\/v2\/comments?post=30879151"}],"version-history":[{"count":3,"href":"https:\/\/www.upo.es\/diario\/wp-json\/wp\/v2\/posts\/30879151\/revisions"}],"predecessor-version":[{"id":30879155,"href":"https:\/\/www.upo.es\/diario\/wp-json\/wp\/v2\/posts\/30879151\/revisions\/30879155"}],"wp:featuredmedia":[{"embeddable":true,"href":"https:\/\/www.upo.es\/diario\/wp-json\/wp\/v2\/media\/30879153"}],"wp:attachment":[{"href":"https:\/\/www.upo.es\/diario\/wp-json\/wp\/v2\/media?parent=30879151"}],"wp:term":[{"taxonomy":"category","embeddable":true,"href":"https:\/\/www.upo.es\/diario\/wp-json\/wp\/v2\/categories?post=30879151"},{"taxonomy":"post_tag","embeddable":true,"href":"https:\/\/www.upo.es\/diario\/wp-json\/wp\/v2\/tags?post=30879151"}],"curies":[{"name":"wp","href":"https:\/\/api.w.org\/{rel}","templated":true}]}}