{"id":30879156,"date":"2023-06-30T11:34:04","date_gmt":"2023-06-30T09:34:04","guid":{"rendered":"https:\/\/www.upo.es\/diario\/?p=30879156"},"modified":"2023-07-05T09:52:53","modified_gmt":"2023-07-05T07:52:53","slug":"los-cursos-de-verano-de-la-upo-abordaran-el-papel-de-las-mujeres-en-la-cultura-en-el-siglo-xxi","status":"publish","type":"post","link":"https:\/\/www.upo.es\/diario\/cursos-verano\/2023\/06\/los-cursos-de-verano-de-la-upo-abordaran-el-papel-de-las-mujeres-en-la-cultura-en-el-siglo-xxi\/","title":{"rendered":"Los Cursos de Verano de la UPO abordar\u00e1n el papel de las mujeres en la cultura en el siglo XXI"},"content":{"rendered":"<p><a href=\"https:\/\/www.upo.es\/diario\/wp-content\/uploads\/2023\/04\/2023-cursos-verano-portada.jpg\"><img loading=\"lazy\" decoding=\"async\" class=\"aligncenter size-large wp-image-30878061\" src=\"https:\/\/www.upo.es\/diario\/wp-content\/uploads\/2023\/04\/2023-cursos-verano-portada-750x422.jpg\" alt=\"Cursos de Verano 2023\" width=\"750\" height=\"422\" srcset=\"https:\/\/www.upo.es\/diario\/wp-content\/uploads\/2023\/04\/2023-cursos-verano-portada-750x422.jpg 750w, https:\/\/www.upo.es\/diario\/wp-content\/uploads\/2023\/04\/2023-cursos-verano-portada-385x217.jpg 385w, https:\/\/www.upo.es\/diario\/wp-content\/uploads\/2023\/04\/2023-cursos-verano-portada-768x432.jpg 768w, https:\/\/www.upo.es\/diario\/wp-content\/uploads\/2023\/04\/2023-cursos-verano-portada-1536x864.jpg 1536w, https:\/\/www.upo.es\/diario\/wp-content\/uploads\/2023\/04\/2023-cursos-verano-portada-1320x743.jpg 1320w, https:\/\/www.upo.es\/diario\/wp-content\/uploads\/2023\/04\/2023-cursos-verano-portada.jpg 1920w\" sizes=\"auto, (max-width: 750px) 100vw, 750px\" \/><\/a><\/p>\n<p>Tres seminarios abrir\u00e1n el pr\u00f3ximo lunes 3 de junio la programaci\u00f3n de la segunda semana de la XXI edici\u00f3n de los Cursos de Verano de la Universidad Pablo de Olavide en Carmona. Ser\u00e1n los cursos <strong>\u2018Trastornos de conducta en el aula. Propuesta de intervenci\u00f3n desde enfoques psicol\u00f3gicos y educativos de tercera generaci\u00f3n. 3\u00aa edici\u00f3n\u2019<\/strong>; <strong>\u2018Ellas crean. Mujeres y arte, mujeres y literatura, mujeres y cine, mujeres y pensamiento\u2019<\/strong> y <strong>\u2018Comunicaci\u00f3n pol\u00edtica para un s\u00faper a\u00f1o electoral. 2\u00aa edici\u00f3n<\/strong>\u2019. Los tres se celebran en formato dual.<\/p>\n<p>En el curso \u2018Trastornos de conducta en el aula. Propuesta de intervenci\u00f3n desde enfoques psicol\u00f3gicos y educativos de tercera generaci\u00f3n. 3\u00aa edici\u00f3n\u2019, que se celebrar\u00e1 del 3 al 7 de julio, participar\u00e1n en la jornada del lunes Alma Serra, directora del curso, psic\u00f3loga y antrop\u00f3loga; Mercedes Aguirre, directora de Laboratorios Nual Biological Innovations S. L.; y Sara G\u00f3mez Mateos, psic\u00f3loga y psicoterapeuta humanista. Entre los temas a debatir se encuentran los problemas de conducta en el aula; la neurobiolog\u00eda del apego y desarrollo escolar; la alimentaci\u00f3n y escuela o el acompa\u00f1amiento educativo.<\/p>\n<p>Adem\u00e1s del seminario anterior, dar\u00e1 comienzo este lunes el curso \u2018Ellas crean. Mujeres y arte, mujeres y literatura, mujeres y cine, mujeres y pensamiento\u2019, un seminario que dirigen la doctora en Derecho Amparo Rubiales y la periodista y escritora Mercedes de Pablos.<\/p>\n<p>Durante este primer d\u00eda, se celebrar\u00e1 una conferencia denominada \u2018La biograf\u00eda como herramienta de rescate\u2019, que impartir\u00e1 Ana Mar\u00eda Caball\u00e9, bi\u00f3grafa de Concepci\u00f3n Arenal y Carmen Laforet, entre otras. Asimismo, se celebrar\u00e1 una mesa redonda bajo el t\u00edtulo \u201cEl ruido de la (buena) memoria: las invisibles. Las rescatadas\u201d, que presentar\u00e1 la periodista y escritora Eva D\u00edaz P\u00e9rez. Posteriormente, se proyectar\u00e1 el documental \u2018Mar\u00eda Lej\u00e1rraga\u2019.<\/p>\n<p>El \u00faltimo curso que se inaugurar\u00e1 el lunes es \u2018Comunicaci\u00f3n pol\u00edtica para un s\u00faper a\u00f1o electoral. 2\u00aa edici\u00f3n\u2019, dirigido por los profesores de la Universidad Pablo de Olavide Marta V\u00e9lez Rodr\u00edguez y Jos\u00e9 Manuel Trujillo.<\/p>\n<p>En dicha jornada, participar\u00e1n profesionales como Trist\u00e1n Pert\u00ed\u00f1ez Blasco, director del Centro de Estudios Andaluces; Manuel Ricardo Torres Soriano, catedr\u00e1tico del \u00c1rea de Ciencia Pol\u00edtica y de la Administraci\u00f3n de la UPO; Xavier Peytibi, consultor de comunicaci\u00f3n pol\u00edtica; Jos\u00e9 Ram\u00f3n Carmona, secretario 3\u00ba de la Mesa del Parlamento andaluz; y Sergio P\u00e9rez Casta\u00f1os, profesor de la Universidad de Burgos.<\/p>\n<p>Entre los temas a debatir, se encuentran la investigaci\u00f3n sociopol\u00edtica y la comunicaci\u00f3n institucional; las campa\u00f1as conectadas; las campa\u00f1as pol\u00edticas en tiempo de post pandemia y la polarizaci\u00f3n pol\u00edtica.<\/p>\n<p>Para consultar los programas de los cursos:<\/p>\n<ul>\n<li><a href=\"https:\/\/www.upo.es\/formacionpermanente\/cursos-de-verano\/trastornos-de-conducta-en-el-aula-propuesta-de-intervencion-desde-enfoques-psicologicos-y-educativos-de-tercera-generacion\/\">Trastornos de conducta en el aula \u2018Trastornos de conducta en el aula. Propuesta de intervenci\u00f3n desde enfoques psicol\u00f3gicos y educativos de tercera generaci\u00f3n. 3\u00aa edici\u00f3n (3 al 7 de julio)<\/a><\/li>\n<li><a href=\"https:\/\/www.upo.es\/formacionpermanente\/cursos-de-verano\/ellas-crean-mujeres-arte-literatura-cine-pensamiento\/\"> \u2018Ellas crean. Mujeres y arte, mujeres y Literatura, mujeres y cine, mujeres y pensamiento\u2019<\/a> (3 al 5 de julio)<\/li>\n<li><a href=\"https:\/\/www.upo.es\/formacionpermanente\/cursos-de-verano\/comunicacion-politica-para-un-super-ano-electoral\/\">Comunicaci\u00f3n pol\u00edtica para un s\u00faper a\u00f1o electoral (3 al 5 de julio)<\/a><\/li>\n<\/ul>\n<p>Asimismo, durante la semana se celebrar\u00e1n los siguientes cursos:<\/p>\n<ul>\n<li><a href=\"https:\/\/www.upo.es\/formacionpermanente\/cursos-de-verano\/el-flamenco-segun-sevilla\/\">El flamenco seg\u00fan Sevilla. 2\u00aa edici\u00f3n<\/a> (5 al 7 de julio. Modalidad dual).<\/li>\n<li><a href=\"https:\/\/www.upo.es\/formacionpermanente\/cursos-de-verano\/actualizacion-en-los-trastornos-del-espectro-del-autismo-tea\/\">Actualizaci\u00f3n en los trastornos del espectro del autismo (TEA)<\/a> (5 y 6 de julio. Modalidad online).<\/li>\n<li><a href=\"https:\/\/www.upo.es\/formacionpermanente\/cursos-de-verano\/retos-y-oportunidades-del-sistema-de-garantias-en-la-financiacion-de-pymes-y-autonomos\/\">Retos y oportunidades del sistema de garant\u00edas en la financiaci\u00f3n de pymes y aut\u00f3nomos<\/a> (5 de julio. Modalidad presencial).<\/li>\n<li><a href=\"https:\/\/www.upo.es\/formacionpermanente\/cursos-de-verano\/sostenibilidad-medio-ambiente-y-economia-azul\/\">Sostenibilidad, medio ambiente y econom\u00eda azul<\/a> (6 y 7 de julio. Modalidad dual)<\/li>\n<\/ul>\n<p>Fuente: Fundaci\u00f3n Universidad Pablo de Olavide<\/p>\n","protected":false},"excerpt":{"rendered":"<p>Tres seminarios abrir\u00e1n el pr\u00f3ximo lunes 3 de junio la programaci\u00f3n de la segunda semana de la XXI edici\u00f3n de los Cursos de Verano de la Universidad Pablo de Olavide en Carmona. Ser\u00e1n los cursos \u2018Trastornos de conducta en el aula. Propuesta de intervenci\u00f3n desde enfoques psicol\u00f3gicos y educativos de tercera generaci\u00f3n. 3\u00aa edici\u00f3n\u2019; \u2018Ellas crean. Mujeres y arte, mujeres y literatura, mujeres y cine, mujeres y pensamiento\u2019 y \u2018Comunicaci\u00f3n pol\u00edtica para un s\u00faper a\u00f1o electoral. 2\u00aa edici\u00f3n\u2019.<\/p>\n","protected":false},"author":14,"featured_media":30878061,"comment_status":"closed","ping_status":"open","sticky":false,"template":"","format":"standard","meta":{"_monsterinsights_skip_tracking":false,"_monsterinsights_sitenote_active":false,"_monsterinsights_sitenote_note":"","_monsterinsights_sitenote_category":0,"footnotes":""},"categories":[729],"tags":[8500,2632,22,465,69,517,1053,519],"class_list":["post-30879156","post","type-post","status-publish","format-standard","has-post-thumbnail","hentry","category-cursos-verano","tag-agenda","tag-comunicacion-politica","tag-cursos-de-verano","tag-educacion","tag-elecciones","tag-igualdad","tag-mujeres","tag-olavide-en-carmona"],"_links":{"self":[{"href":"https:\/\/www.upo.es\/diario\/wp-json\/wp\/v2\/posts\/30879156","targetHints":{"allow":["GET"]}}],"collection":[{"href":"https:\/\/www.upo.es\/diario\/wp-json\/wp\/v2\/posts"}],"about":[{"href":"https:\/\/www.upo.es\/diario\/wp-json\/wp\/v2\/types\/post"}],"author":[{"embeddable":true,"href":"https:\/\/www.upo.es\/diario\/wp-json\/wp\/v2\/users\/14"}],"replies":[{"embeddable":true,"href":"https:\/\/www.upo.es\/diario\/wp-json\/wp\/v2\/comments?post=30879156"}],"version-history":[{"count":1,"href":"https:\/\/www.upo.es\/diario\/wp-json\/wp\/v2\/posts\/30879156\/revisions"}],"predecessor-version":[{"id":30879157,"href":"https:\/\/www.upo.es\/diario\/wp-json\/wp\/v2\/posts\/30879156\/revisions\/30879157"}],"wp:featuredmedia":[{"embeddable":true,"href":"https:\/\/www.upo.es\/diario\/wp-json\/wp\/v2\/media\/30878061"}],"wp:attachment":[{"href":"https:\/\/www.upo.es\/diario\/wp-json\/wp\/v2\/media?parent=30879156"}],"wp:term":[{"taxonomy":"category","embeddable":true,"href":"https:\/\/www.upo.es\/diario\/wp-json\/wp\/v2\/categories?post=30879156"},{"taxonomy":"post_tag","embeddable":true,"href":"https:\/\/www.upo.es\/diario\/wp-json\/wp\/v2\/tags?post=30879156"}],"curies":[{"name":"wp","href":"https:\/\/api.w.org\/{rel}","templated":true}]}}