{"id":30879182,"date":"2023-07-03T13:34:18","date_gmt":"2023-07-03T11:34:18","guid":{"rendered":"https:\/\/www.upo.es\/diario\/?p=30879182"},"modified":"2023-07-04T11:54:07","modified_gmt":"2023-07-04T09:54:07","slug":"un-total-140-estudiantes-del-grado-en-trabajo-social-de-la-upo-celebra-su-graduacion","status":"publish","type":"post","link":"https:\/\/www.upo.es\/diario\/comunidad\/2023\/07\/un-total-140-estudiantes-del-grado-en-trabajo-social-de-la-upo-celebra-su-graduacion\/","title":{"rendered":"Un total de 140 estudiantes del Grado en Trabajo Social de la UPO celebra su graduaci\u00f3n"},"content":{"rendered":"<figure id=\"attachment_30879183\" aria-describedby=\"caption-attachment-30879183\" style=\"width: 700px\" class=\"wp-caption aligncenter\"><a href=\"https:\/\/www.upo.es\/diario\/wp-content\/uploads\/2023\/07\/FotoJet-5.jpg\"><img loading=\"lazy\" decoding=\"async\" class=\"wp-image-30879183 size-large\" src=\"https:\/\/www.upo.es\/diario\/wp-content\/uploads\/2023\/07\/FotoJet-5-700x525.jpg\" alt=\"\" width=\"700\" height=\"525\" srcset=\"https:\/\/www.upo.es\/diario\/wp-content\/uploads\/2023\/07\/FotoJet-5-700x525.jpg 700w, https:\/\/www.upo.es\/diario\/wp-content\/uploads\/2023\/07\/FotoJet-5-420x315.jpg 420w, https:\/\/www.upo.es\/diario\/wp-content\/uploads\/2023\/07\/FotoJet-5-768x576.jpg 768w, https:\/\/www.upo.es\/diario\/wp-content\/uploads\/2023\/07\/FotoJet-5-1536x1152.jpg 1536w, https:\/\/www.upo.es\/diario\/wp-content\/uploads\/2023\/07\/FotoJet-5-1320x990.jpg 1320w, https:\/\/www.upo.es\/diario\/wp-content\/uploads\/2023\/07\/FotoJet-5.jpg 1600w\" sizes=\"auto, (max-width: 700px) 100vw, 700px\" \/><\/a><figcaption id=\"caption-attachment-30879183\" class=\"wp-caption-text\">Promoci\u00f3n 2019\/23 del Grado en Trabajo Social<\/figcaption><\/figure>\n<p>Un total de 140 estudiantes de la promoci\u00f3n 2019\/23 del Grado en Trabajo Social celebr\u00f3 su ceremonia de graduaci\u00f3n el pasado viernes en el Paraninfo de la Universidad Pablo de Olavide. El acto fue presidido por Juan Miguel G\u00f3mez Espino, decano de la Facultad de Ciencias Sociales de la UPO y la madrina de los egresados y egresadas fue la profesora Ana Vallejo Andrada del \u00c1rea de Trabajo Social y Servicios Sociales de la Universidad de Huelva.<\/p>\n<figure id=\"attachment_30879185\" aria-describedby=\"caption-attachment-30879185\" style=\"width: 420px\" class=\"wp-caption alignright\"><a href=\"https:\/\/www.upo.es\/diario\/wp-content\/uploads\/2023\/07\/madrina.jpg\"><img loading=\"lazy\" decoding=\"async\" class=\"size-medium wp-image-30879185\" src=\"https:\/\/www.upo.es\/diario\/wp-content\/uploads\/2023\/07\/madrina-420x280.jpg\" alt=\"\" width=\"420\" height=\"280\" srcset=\"https:\/\/www.upo.es\/diario\/wp-content\/uploads\/2023\/07\/madrina-420x280.jpg 420w, https:\/\/www.upo.es\/diario\/wp-content\/uploads\/2023\/07\/madrina-750x500.jpg 750w, https:\/\/www.upo.es\/diario\/wp-content\/uploads\/2023\/07\/madrina-768x512.jpg 768w, https:\/\/www.upo.es\/diario\/wp-content\/uploads\/2023\/07\/madrina-1536x1024.jpg 1536w, https:\/\/www.upo.es\/diario\/wp-content\/uploads\/2023\/07\/madrina-165x109.jpg 165w, https:\/\/www.upo.es\/diario\/wp-content\/uploads\/2023\/07\/madrina-1320x880.jpg 1320w, https:\/\/www.upo.es\/diario\/wp-content\/uploads\/2023\/07\/madrina.jpg 2000w\" sizes=\"auto, (max-width: 420px) 100vw, 420px\" \/><\/a><figcaption id=\"caption-attachment-30879185\" class=\"wp-caption-text\">Ana Vallejo Andrada, madrina de la promoci\u00f3n03<\/figcaption><\/figure>\n<p>El acto se dividi\u00f3 en dos ceremonias, la primera la l\u00ednea 1 a la que asistieron Amapola Povedano D\u00edaz, directora general de Empleabilidad y Emprendimiento de la UPO, el profesor Francisco Caravaca S\u00e1nchez del \u00c1rea de Trabajo Social y Servicios Sociales de la UPO como invitado de honor y Fernando Relinque Medina, responsable de Calidad del Grado en Trabajo Social; la segunda ceremonia fue la de las l\u00edneas 2 y 3 a la que asistieron tambi\u00e9n el profesor Francisco Caravaca S\u00e1nchez y \u00a0Valent\u00edn Gonz\u00e1lez Calvo y Manuel Flores S\u00e1nchez, profesores del \u00c1rea de Trabajo Social y Servicios Sociales de la UPO, ambos invitados de honor de las l\u00edneas 2 y 3 respectivamente.<\/p>\n<p>En representaci\u00f3n del alumnado egresado, pronunciaron los discursos Cristina Jim\u00e9nez Garc\u00eda y Carmen Jim\u00e9nez Zamora de la l\u00ednea 1; Jos\u00e9 Luis Romero Mart\u00edn y Ana Salguer Borrego de la l\u00ednea 2 y Pablo Iglesias Nicasio y Lorena Freire Acal de la l\u00ednea 3 del Grado en Trabajo Social.<\/p>\n<p>Con estas ceremonias de graduaci\u00f3n, la Universidad Pablo de Olavide finaliza estos actos institucionales del presente curso en el que egresados y egresadas, junto a sus familiares, asisten a la celebraci\u00f3n del acto de fin de grado, con el que la UPO recupera una antigua tradici\u00f3n de las universidades europeas.<\/p>\n<p>&nbsp;<\/p>\n<p>&nbsp;<\/p>\n","protected":false},"excerpt":{"rendered":"<p>Un total de 140 estudiantes de la promoci\u00f3n 2019\/23 del Grado en Trabajo Social celebr\u00f3 su ceremonia de graduaci\u00f3n el pasado viernes en el Paraninfo de la Universidad Pablo de Olavide. El acto fue presidido por Juan Miguel G\u00f3mez Espino, decano de la Facultad de Ciencias Sociales de la UPO y la madrina de los egresados y egresadas fue la profesora Ana Vallejo Andrada del \u00c1rea de Trabajo Social y Servicios Sociales de la Universidad de Huelva.<\/p>\n","protected":false},"author":4,"featured_media":30879183,"comment_status":"closed","ping_status":"open","sticky":false,"template":"","format":"standard","meta":{"_monsterinsights_skip_tracking":false,"_monsterinsights_sitenote_active":false,"_monsterinsights_sitenote_note":"","_monsterinsights_sitenote_category":0,"footnotes":""},"categories":[5842],"tags":[581,487,1457],"class_list":["post-30879182","post","type-post","status-publish","format-standard","has-post-thumbnail","hentry","category-comunidad","tag-ceremonia-de-egresados","tag-facultad-ciencias-sociales","tag-grado-en-trabajo-social"],"_links":{"self":[{"href":"https:\/\/www.upo.es\/diario\/wp-json\/wp\/v2\/posts\/30879182","targetHints":{"allow":["GET"]}}],"collection":[{"href":"https:\/\/www.upo.es\/diario\/wp-json\/wp\/v2\/posts"}],"about":[{"href":"https:\/\/www.upo.es\/diario\/wp-json\/wp\/v2\/types\/post"}],"author":[{"embeddable":true,"href":"https:\/\/www.upo.es\/diario\/wp-json\/wp\/v2\/users\/4"}],"replies":[{"embeddable":true,"href":"https:\/\/www.upo.es\/diario\/wp-json\/wp\/v2\/comments?post=30879182"}],"version-history":[{"count":3,"href":"https:\/\/www.upo.es\/diario\/wp-json\/wp\/v2\/posts\/30879182\/revisions"}],"predecessor-version":[{"id":30879188,"href":"https:\/\/www.upo.es\/diario\/wp-json\/wp\/v2\/posts\/30879182\/revisions\/30879188"}],"wp:featuredmedia":[{"embeddable":true,"href":"https:\/\/www.upo.es\/diario\/wp-json\/wp\/v2\/media\/30879183"}],"wp:attachment":[{"href":"https:\/\/www.upo.es\/diario\/wp-json\/wp\/v2\/media?parent=30879182"}],"wp:term":[{"taxonomy":"category","embeddable":true,"href":"https:\/\/www.upo.es\/diario\/wp-json\/wp\/v2\/categories?post=30879182"},{"taxonomy":"post_tag","embeddable":true,"href":"https:\/\/www.upo.es\/diario\/wp-json\/wp\/v2\/tags?post=30879182"}],"curies":[{"name":"wp","href":"https:\/\/api.w.org\/{rel}","templated":true}]}}