{"id":30879209,"date":"2023-07-06T10:14:56","date_gmt":"2023-07-06T08:14:56","guid":{"rendered":"https:\/\/www.upo.es\/diario\/?p=30879209"},"modified":"2023-07-06T15:05:47","modified_gmt":"2023-07-06T13:05:47","slug":"cristina-hoyos-senala-en-la-upo-que-el-flamenco-es-un-arte-innato-hay-que-tener-un-corazon-dentro-para-bailar","status":"publish","type":"post","link":"https:\/\/www.upo.es\/diario\/cursos-verano\/2023\/07\/cristina-hoyos-senala-en-la-upo-que-el-flamenco-es-un-arte-innato-hay-que-tener-un-corazon-dentro-para-bailar\/","title":{"rendered":"Cristina Hoyos se\u00f1ala en la UPO que el flamenco es un arte innato: \u00abHay que tener un coraz\u00f3n dentro para bailar\u00bb"},"content":{"rendered":"<figure id=\"attachment_30879210\" aria-describedby=\"caption-attachment-30879210\" style=\"width: 750px\" class=\"wp-caption aligncenter\"><a href=\"https:\/\/www.upo.es\/diario\/wp-content\/uploads\/2023\/07\/imagen1_CristinaHoyos.jpg\"><img loading=\"lazy\" decoding=\"async\" class=\"size-large wp-image-30879210\" src=\"https:\/\/www.upo.es\/diario\/wp-content\/uploads\/2023\/07\/imagen1_CristinaHoyos-750x514.jpg\" alt=\"\" width=\"750\" height=\"514\" srcset=\"https:\/\/www.upo.es\/diario\/wp-content\/uploads\/2023\/07\/imagen1_CristinaHoyos-750x514.jpg 750w, https:\/\/www.upo.es\/diario\/wp-content\/uploads\/2023\/07\/imagen1_CristinaHoyos-420x288.jpg 420w, https:\/\/www.upo.es\/diario\/wp-content\/uploads\/2023\/07\/imagen1_CristinaHoyos-768x526.jpg 768w, https:\/\/www.upo.es\/diario\/wp-content\/uploads\/2023\/07\/imagen1_CristinaHoyos.jpg 1251w\" sizes=\"auto, (max-width: 750px) 100vw, 750px\" \/><\/a><figcaption id=\"caption-attachment-30879210\" class=\"wp-caption-text\">Cristina Hoyos en los Cursos de Verano de la UPO<\/figcaption><\/figure>\n<p>Para <strong>Cristina Hoyos<\/strong>, el flamenco se lleva innato, apuntando que, al bailar o al cantar, \u00abalgo de dentro te tiene que salir de las tripas, del coraz\u00f3n, de todas partes\u00bb. Para ella, si el artista, sea en el baile, a la guitarra o en el cante \u00abno lo hace con amor y lo transmite al p\u00fablico\u00bb, entonces \u00abmejor que se vaya\u00bb. La bailaora asegura que hay que tener \u00abuna fuerza y una potencia para poder bailar\u00bb pero lo m\u00e1s importante es tener un \u00abcoraz\u00f3n dentro de ti\u00bb para potenciar aquello que el artista necesita darle al p\u00fablico.<\/p>\n<p>As\u00ed lo ha manifestado Hoyos en una entrevista concedida a Europa Press con motivo de su ponencia en la segunda edici\u00f3n del curso <strong>&#8216;El flamenco seg\u00fan Sevilla&#8217;<\/strong> que se est\u00e1 celebrando en el marco de los <strong>Cursos de Verano de la Universidad Pablo de Olavide en su sede de Carmona<\/strong> (Sevilla).<\/p>\n<p>Seg\u00fan ha puesto de manifiesto la bailaora, el flamenco actualmente se encuentra en un \u00abbuen momento\u00bb. Aunque sin entrar en detalles, la artista afirma que hay cosas dentro de este arte que \u00abest\u00e1n muy bien, otras que est\u00e1n regular y otras que est\u00e1n fatal\u00bb pero \u00abhay que seguir adelante\u00bb.<\/p>\n<p>Con una dilatada y reconocida carrera art\u00edstica, la core\u00f3grafa asegura que el Museo del Baile Flamenco que ella puso en marcha fue un regalo a Sevilla que sigue, desde el a\u00f1o 2006, siendo un referente y una iniciativa declarada Lugar de Inter\u00e9s Tur\u00edstico para poner en valor el flamenco cada d\u00eda.<\/p>\n<p>Para finalizar, ha a\u00f1adido que hay personas que \u00able dan el valor que al flamenco que merece y otras, en cambio, que no se lo dan\u00bb, pero si se trata de un \u00abbuen artista\u00bb que es capaz de transmitir, llegar al p\u00fablico y emocionarlo, Hoyos asegura que \u00abs\u00ed se le reconoce\u00bb.<\/p>\n","protected":false},"excerpt":{"rendered":"<p>Para Cristina Hoyos, el flamenco se lleva innato, apuntando que, al bailar o al cantar, \u00abalgo de dentro te tiene que salir de las tripas, del coraz\u00f3n, de todas partes\u00bb. Para ella, si el artista, sea en el baile, a la guitarra o en el cante \u00abno lo hace con amor y lo transmite al p\u00fablico\u00bb, entonces \u00abmejor que se vaya\u00bb. La bailaora asegura que hay que tener \u00abuna fuerza y una potencia para poder bailar\u00bb pero lo m\u00e1s importante es tener un \u00abcoraz\u00f3n dentro de ti\u00bb para potenciar aquello que el artista necesita darle al p\u00fablico.<\/p>\n","protected":false},"author":14,"featured_media":30879210,"comment_status":"closed","ping_status":"open","sticky":false,"template":"","format":"standard","meta":{"_monsterinsights_skip_tracking":false,"_monsterinsights_sitenote_active":false,"_monsterinsights_sitenote_note":"","_monsterinsights_sitenote_category":0,"footnotes":""},"categories":[729],"tags":[265,2345,8511,22,93,519],"class_list":["post-30879209","post","type-post","status-publish","format-standard","has-post-thumbnail","hentry","category-cursos-verano","tag-arte","tag-baile","tag-cristina-hoyos","tag-cursos-de-verano","tag-flamenco","tag-olavide-en-carmona"],"_links":{"self":[{"href":"https:\/\/www.upo.es\/diario\/wp-json\/wp\/v2\/posts\/30879209","targetHints":{"allow":["GET"]}}],"collection":[{"href":"https:\/\/www.upo.es\/diario\/wp-json\/wp\/v2\/posts"}],"about":[{"href":"https:\/\/www.upo.es\/diario\/wp-json\/wp\/v2\/types\/post"}],"author":[{"embeddable":true,"href":"https:\/\/www.upo.es\/diario\/wp-json\/wp\/v2\/users\/14"}],"replies":[{"embeddable":true,"href":"https:\/\/www.upo.es\/diario\/wp-json\/wp\/v2\/comments?post=30879209"}],"version-history":[{"count":1,"href":"https:\/\/www.upo.es\/diario\/wp-json\/wp\/v2\/posts\/30879209\/revisions"}],"predecessor-version":[{"id":30879211,"href":"https:\/\/www.upo.es\/diario\/wp-json\/wp\/v2\/posts\/30879209\/revisions\/30879211"}],"wp:featuredmedia":[{"embeddable":true,"href":"https:\/\/www.upo.es\/diario\/wp-json\/wp\/v2\/media\/30879210"}],"wp:attachment":[{"href":"https:\/\/www.upo.es\/diario\/wp-json\/wp\/v2\/media?parent=30879209"}],"wp:term":[{"taxonomy":"category","embeddable":true,"href":"https:\/\/www.upo.es\/diario\/wp-json\/wp\/v2\/categories?post=30879209"},{"taxonomy":"post_tag","embeddable":true,"href":"https:\/\/www.upo.es\/diario\/wp-json\/wp\/v2\/tags?post=30879209"}],"curies":[{"name":"wp","href":"https:\/\/api.w.org\/{rel}","templated":true}]}}