{"id":30879218,"date":"2023-06-19T12:46:55","date_gmt":"2023-06-19T10:46:55","guid":{"rendered":"https:\/\/www.upo.es\/diario\/?p=30879218"},"modified":"2023-07-06T12:57:55","modified_gmt":"2023-07-06T10:57:55","slug":"la-promocion-2019-23-del-grado-en-biotecnologia-celebra-su-ceremonia-de-graduacion","status":"publish","type":"post","link":"https:\/\/www.upo.es\/diario\/comunidad\/2023\/06\/la-promocion-2019-23-del-grado-en-biotecnologia-celebra-su-ceremonia-de-graduacion\/","title":{"rendered":"La promoci\u00f3n 2019\/23 del Grado en Biotecnolog\u00eda celebra su ceremonia de graduaci\u00f3n"},"content":{"rendered":"<figure id=\"attachment_30879219\" aria-describedby=\"caption-attachment-30879219\" style=\"width: 750px\" class=\"wp-caption aligncenter\"><a href=\"https:\/\/www.upo.es\/diario\/wp-content\/uploads\/2023\/07\/3255730.jpg\"><img loading=\"lazy\" decoding=\"async\" class=\"size-large wp-image-30879219\" src=\"https:\/\/www.upo.es\/diario\/wp-content\/uploads\/2023\/07\/3255730-750x500.jpg\" alt=\"\" width=\"750\" height=\"500\" srcset=\"https:\/\/www.upo.es\/diario\/wp-content\/uploads\/2023\/07\/3255730-750x500.jpg 750w, https:\/\/www.upo.es\/diario\/wp-content\/uploads\/2023\/07\/3255730-420x280.jpg 420w, https:\/\/www.upo.es\/diario\/wp-content\/uploads\/2023\/07\/3255730-768x512.jpg 768w, https:\/\/www.upo.es\/diario\/wp-content\/uploads\/2023\/07\/3255730-165x109.jpg 165w, https:\/\/www.upo.es\/diario\/wp-content\/uploads\/2023\/07\/3255730.jpg 1200w\" sizes=\"auto, (max-width: 750px) 100vw, 750px\" \/><\/a><figcaption id=\"caption-attachment-30879219\" class=\"wp-caption-text\">Promoci\u00f3n 2019\/23 del Grado en Biotecnolog\u00eda<\/figcaption><\/figure>\n<p>La ceremonia de egresados y egresadas de la promoci\u00f3n 2019\/23 del Grado en Biotecnolog\u00eda se celebr\u00f3 el pasado viernes en el Paraninfo de la Universidad Pablo de Olavide. El acto fue presidido por Pilar Ortiz Calder\u00f3n, decana en funciones de la Facultad de Ciencias Experimentales de la UPO.<\/p>\n<p>El padrino de la promoci\u00f3n ha sido Agust\u00edn Ruiz Laza, director de investigaci\u00f3n de la Fundaci\u00f3n ACE. A la ceremonia tambi\u00e9n han asistido el decano electo de la Facultad de Ciencias Experimentales de la UPO, Juan Carlos Rodr\u00edguez Aguilera; el profesor Gassan Hodaifa Meri del \u00c1rea de Ingenier\u00eda Qu\u00edmica de la Facultad de Ciencias Experimentales y profesor honor\u00edfico; Aroa L\u00f3pez S\u00e1nchez, directora acad\u00e9mica del Grado en Biotecnolog\u00eda de la UPO y Rafael Serrano Dur\u00e1n, presidente de AsBan.<\/p>\n<figure id=\"attachment_30879220\" aria-describedby=\"caption-attachment-30879220\" style=\"width: 420px\" class=\"wp-caption alignright\"><a href=\"https:\/\/www.upo.es\/diario\/wp-content\/uploads\/2023\/07\/2679401.jpg\"><img loading=\"lazy\" decoding=\"async\" class=\"size-medium wp-image-30879220\" src=\"https:\/\/www.upo.es\/diario\/wp-content\/uploads\/2023\/07\/2679401-420x280.jpg\" alt=\"\" width=\"420\" height=\"280\" srcset=\"https:\/\/www.upo.es\/diario\/wp-content\/uploads\/2023\/07\/2679401-420x280.jpg 420w, https:\/\/www.upo.es\/diario\/wp-content\/uploads\/2023\/07\/2679401-750x500.jpg 750w, https:\/\/www.upo.es\/diario\/wp-content\/uploads\/2023\/07\/2679401-768x512.jpg 768w, https:\/\/www.upo.es\/diario\/wp-content\/uploads\/2023\/07\/2679401-165x109.jpg 165w, https:\/\/www.upo.es\/diario\/wp-content\/uploads\/2023\/07\/2679401.jpg 1200w\" sizes=\"auto, (max-width: 420px) 100vw, 420px\" \/><\/a><figcaption id=\"caption-attachment-30879220\" class=\"wp-caption-text\">Los estudiantes Julio Ram\u00edrez y Paula Mera<\/figcaption><\/figure>\n<p>En representaci\u00f3n del alumnado egresado, pronunciaron los discursos Paula Mera Lozano y Julio Ram\u00edrez Guerrero. Un total de 55 egresados y egresadas asistieron, junto a sus familiares, a este acto con el que la Universidad Pablo de Olavide recupera una antigua tradici\u00f3n de las universidades europeas.<\/p>\n","protected":false},"excerpt":{"rendered":"<p>La ceremonia de egresados y egresadas de la promoci\u00f3n 2019\/23 del Grado en Biotecnolog\u00eda se ha celebrado en el Paraninfo de la Universidad Pablo de Olavide. Un total de 55 egresados y egresadas asistieron, junto a sus familiares, a este acto con el que la UPO recupera una antigua tradici\u00f3n de las universidades europeas.<\/p>\n","protected":false},"author":4,"featured_media":30879219,"comment_status":"closed","ping_status":"open","sticky":false,"template":"","format":"standard","meta":{"_monsterinsights_skip_tracking":false,"_monsterinsights_sitenote_active":false,"_monsterinsights_sitenote_note":"","_monsterinsights_sitenote_category":0,"footnotes":""},"categories":[5842],"tags":[581,122,2426],"class_list":["post-30879218","post","type-post","status-publish","format-standard","has-post-thumbnail","hentry","category-comunidad","tag-ceremonia-de-egresados","tag-facultad-ciencias-experimentales","tag-grado-en-biotecnologia"],"_links":{"self":[{"href":"https:\/\/www.upo.es\/diario\/wp-json\/wp\/v2\/posts\/30879218","targetHints":{"allow":["GET"]}}],"collection":[{"href":"https:\/\/www.upo.es\/diario\/wp-json\/wp\/v2\/posts"}],"about":[{"href":"https:\/\/www.upo.es\/diario\/wp-json\/wp\/v2\/types\/post"}],"author":[{"embeddable":true,"href":"https:\/\/www.upo.es\/diario\/wp-json\/wp\/v2\/users\/4"}],"replies":[{"embeddable":true,"href":"https:\/\/www.upo.es\/diario\/wp-json\/wp\/v2\/comments?post=30879218"}],"version-history":[{"count":2,"href":"https:\/\/www.upo.es\/diario\/wp-json\/wp\/v2\/posts\/30879218\/revisions"}],"predecessor-version":[{"id":30879222,"href":"https:\/\/www.upo.es\/diario\/wp-json\/wp\/v2\/posts\/30879218\/revisions\/30879222"}],"wp:featuredmedia":[{"embeddable":true,"href":"https:\/\/www.upo.es\/diario\/wp-json\/wp\/v2\/media\/30879219"}],"wp:attachment":[{"href":"https:\/\/www.upo.es\/diario\/wp-json\/wp\/v2\/media?parent=30879218"}],"wp:term":[{"taxonomy":"category","embeddable":true,"href":"https:\/\/www.upo.es\/diario\/wp-json\/wp\/v2\/categories?post=30879218"},{"taxonomy":"post_tag","embeddable":true,"href":"https:\/\/www.upo.es\/diario\/wp-json\/wp\/v2\/tags?post=30879218"}],"curies":[{"name":"wp","href":"https:\/\/api.w.org\/{rel}","templated":true}]}}