{"id":30879256,"date":"2023-07-11T09:55:30","date_gmt":"2023-07-11T07:55:30","guid":{"rendered":"https:\/\/www.upo.es\/diario\/?p=30879256"},"modified":"2023-07-11T09:55:30","modified_gmt":"2023-07-11T07:55:30","slug":"experta-en-educacion-y-psicologia-social-apunta-en-la-upo-que-se-esta-perdiendo-el-habito-de-educar-en-comunidad","status":"publish","type":"post","link":"https:\/\/www.upo.es\/diario\/cursos-verano\/2023\/07\/experta-en-educacion-y-psicologia-social-apunta-en-la-upo-que-se-esta-perdiendo-el-habito-de-educar-en-comunidad\/","title":{"rendered":"Experta en educaci\u00f3n y psicolog\u00eda social apunta en la UPO que \u00abse est\u00e1 perdiendo el h\u00e1bito de educar en comunidad\u00bb"},"content":{"rendered":"<figure id=\"attachment_30879257\" aria-describedby=\"caption-attachment-30879257\" style=\"width: 750px\" class=\"wp-caption aligncenter\"><a href=\"https:\/\/www.upo.es\/diario\/wp-content\/uploads\/2023\/07\/imagen1_Cosette.jpg\"><img loading=\"lazy\" decoding=\"async\" class=\"size-large wp-image-30879257\" src=\"https:\/\/www.upo.es\/diario\/wp-content\/uploads\/2023\/07\/imagen1_Cosette-750x477.jpg\" alt=\"\" width=\"750\" height=\"477\" srcset=\"https:\/\/www.upo.es\/diario\/wp-content\/uploads\/2023\/07\/imagen1_Cosette-750x477.jpg 750w, https:\/\/www.upo.es\/diario\/wp-content\/uploads\/2023\/07\/imagen1_Cosette-420x267.jpg 420w, https:\/\/www.upo.es\/diario\/wp-content\/uploads\/2023\/07\/imagen1_Cosette-768x488.jpg 768w, https:\/\/www.upo.es\/diario\/wp-content\/uploads\/2023\/07\/imagen1_Cosette-1320x840.jpg 1320w, https:\/\/www.upo.es\/diario\/wp-content\/uploads\/2023\/07\/imagen1_Cosette.jpg 1382w\" sizes=\"auto, (max-width: 750px) 100vw, 750px\" \/><\/a><figcaption id=\"caption-attachment-30879257\" class=\"wp-caption-text\">Cosette Francos en los Cursos de Verano de la UPO<\/figcaption><\/figure>\n<p>La profesora <strong>Cossete Franco<\/strong>, del Departamento de Educaci\u00f3n y Psicolog\u00eda Social de la Universidad Pablo de Olavide (UPO), ha se\u00f1alado que uno de los problemas de la educaci\u00f3n es que \u00abno es compartida entre padres y profesores\u00bb, destacando que \u00abse est\u00e1 perdiendo el h\u00e1bito de educar en comunidad\u00bb.<\/p>\n<p>As\u00ed lo ha manifestado en una entrevista concedida a Europa Press con motivo de los <strong>Cursos de Verano que la UPO est\u00e1 celebrando en su sede de Carmona (Sevilla)<\/strong>, donde dirige el curso <strong>&#8216;Educador Parental. 2\u00aa edici\u00f3n&#8217;<\/strong>, formaci\u00f3n que est\u00e1 dirigida fundamentalmente a profesionales de la educaci\u00f3n en todas sus ramas, como son la educativa, la de intervenci\u00f3n, la socio educativa y las familias; y desde el que se intenta reflexionar y \u00abdar herramientas\u00bb sobre la tarea de educar, especialmente a adolescentes y j\u00f3venes \u00abconflictivos\u00bb.<\/p>\n<p>Franco ha afirmado que la convivencia en general, tanto en el \u00e1mbito privado como en el escolar, es un tema que \u00abpreocupa mucho y no solo a los profesionales, sino tambi\u00e9n a las familias\u00bb. Por una parte, seg\u00fan dice, actualmente se encuentran \u00abproblemas en los grupos de iguales, ya que las relaciones son muy artificiales a trav\u00e9s de redes sociales, fundamentalmente porque los padres dejan el m\u00f3vil a sus hijos y se pasa poco tiempo compartido en casa\u00bb.<\/p>\n<p>Por otra parte, la profesora ha destacado que los chicos y chicas est\u00e1n muy \u00absobreprotegidos porque tienen falta de l\u00edmites de unos padres democr\u00e1ticos que se pierden en argumentos pero son incapaces de dar \u00f3rdenes, no estableciendo una l\u00ednea entre lo que es la norma y el afecto\u00bb.<\/p>\n<p>Del mismo modo, la directora del curso ha indicado que \u00ablos problemas de conducta se dan en edad muy temprana, aunque muy pocas veces se detectan pronto o no se le da la importancia que tienen y se justifican las conductas de los ni\u00f1os\u00bb. En el caso de la violencia filoparental, la profesora sostiene que \u00ablos \u00faltimos estudios subrayan que empieza a partir de los 11 a\u00f1os, aunque antes hab\u00eda indicios\u00bb. De hecho, \u00ablos recientes avances en neuropsicolog\u00eda hablan de que estos problemas se pueden, incluso, concebir en el vientre materno\u00bb, afirma.<\/p>\n<h3><strong>Asociaci\u00f3n Albores<\/strong><\/h3>\n<p>Franco destaca que, desde la Asociaci\u00f3n Albores, en la que trabaja, \u00abofrecen a las familias acompa\u00f1amiento en el proceso de educar, no solamente cuando hay situaciones de conflicto, sino tambi\u00e9n para la vida cotidiana\u00bb. Todo ello, \u00abcon el objetivo de dotar a los padres de esas herramientas que hacen falta para llevar una educaci\u00f3n arm\u00f3nica\u00bb.<\/p>\n<p>Seg\u00fan ha indicado, \u00abtrabajan tanto en los domicilios como en el AMPA de centros educativos, as\u00ed como en familias con conflictos como en normalizadas de cualquier barrio sevillano o de la provincia\u00bb. Albores est\u00e1 basado \u00aben dos pilares fundamentales\u00bb, tratando b\u00e1sicamente de orientar a los padres y madres de una manera sist\u00e9mica con un establecimiento de \u00abnormas desde el amor\u00bb, indica .<\/p>\n<p>Franco ha concluido diciendo que los profesionales deben \u00abfavorecer y apoyar a estas familias\u00bb para que tengan una actitud \u00abproactiva\u00bb. Ante estas situaciones, hay una tendencia al abandono, a la victimizaci\u00f3n, por ello, desde Albores se apuesta por mostrarles que \u00abhay alternativas y a que es tiempo de ponerse manos a la obra\u00bb.<\/p>\n<p>Fuente: Europa Press<\/p>\n","protected":false},"excerpt":{"rendered":"<p>La profesora Cossete Franco, del Departamento de Educaci\u00f3n y Psicolog\u00eda Social de la Universidad Pablo de Olavide (UPO), ha se\u00f1alado que uno de los problemas de la educaci\u00f3n es que \u00abno es compartida entre padres y profesores\u00bb, destacando que \u00abse est\u00e1 perdiendo el h\u00e1bito de educar en comunidad\u00bb.<\/p>\n","protected":false},"author":14,"featured_media":30879257,"comment_status":"closed","ping_status":"open","sticky":false,"template":"","format":"standard","meta":{"_monsterinsights_skip_tracking":false,"_monsterinsights_sitenote_active":false,"_monsterinsights_sitenote_note":"","_monsterinsights_sitenote_category":0,"footnotes":""},"categories":[729],"tags":[8520,22,8515,5172,793,622,519,2983],"class_list":["post-30879256","post","type-post","status-publish","format-standard","has-post-thumbnail","hentry","category-cursos-verano","tag-asociacion-albores","tag-cursos-de-verano","tag-educacion-parental","tag-familias","tag-intervencion-social","tag-menores","tag-olavide-en-carmona","tag-psicologia-social"],"_links":{"self":[{"href":"https:\/\/www.upo.es\/diario\/wp-json\/wp\/v2\/posts\/30879256","targetHints":{"allow":["GET"]}}],"collection":[{"href":"https:\/\/www.upo.es\/diario\/wp-json\/wp\/v2\/posts"}],"about":[{"href":"https:\/\/www.upo.es\/diario\/wp-json\/wp\/v2\/types\/post"}],"author":[{"embeddable":true,"href":"https:\/\/www.upo.es\/diario\/wp-json\/wp\/v2\/users\/14"}],"replies":[{"embeddable":true,"href":"https:\/\/www.upo.es\/diario\/wp-json\/wp\/v2\/comments?post=30879256"}],"version-history":[{"count":1,"href":"https:\/\/www.upo.es\/diario\/wp-json\/wp\/v2\/posts\/30879256\/revisions"}],"predecessor-version":[{"id":30879258,"href":"https:\/\/www.upo.es\/diario\/wp-json\/wp\/v2\/posts\/30879256\/revisions\/30879258"}],"wp:featuredmedia":[{"embeddable":true,"href":"https:\/\/www.upo.es\/diario\/wp-json\/wp\/v2\/media\/30879257"}],"wp:attachment":[{"href":"https:\/\/www.upo.es\/diario\/wp-json\/wp\/v2\/media?parent=30879256"}],"wp:term":[{"taxonomy":"category","embeddable":true,"href":"https:\/\/www.upo.es\/diario\/wp-json\/wp\/v2\/categories?post=30879256"},{"taxonomy":"post_tag","embeddable":true,"href":"https:\/\/www.upo.es\/diario\/wp-json\/wp\/v2\/tags?post=30879256"}],"curies":[{"name":"wp","href":"https:\/\/api.w.org\/{rel}","templated":true}]}}