{"id":30879262,"date":"2023-07-11T12:35:05","date_gmt":"2023-07-11T10:35:05","guid":{"rendered":"https:\/\/www.upo.es\/diario\/?p=30879262"},"modified":"2023-07-13T14:43:31","modified_gmt":"2023-07-13T12:43:31","slug":"entrega-de-los-premios-del-iv-certamen-literario-rectora-rosario-valpuesta","status":"publish","type":"post","link":"https:\/\/www.upo.es\/diario\/cultura-social\/2023\/07\/entrega-de-los-premios-del-iv-certamen-literario-rectora-rosario-valpuesta\/","title":{"rendered":"Entrega de los Premios del IV Certamen Literario \u2018Rectora Rosario Valpuesta\u2019"},"content":{"rendered":"<figure id=\"attachment_30879263\" aria-describedby=\"caption-attachment-30879263\" style=\"width: 750px\" class=\"wp-caption aligncenter\"><a href=\"https:\/\/www.upo.es\/diario\/wp-content\/uploads\/2023\/07\/Premios-Certamen-Literario-Rosario-Valpuesta_2023-5-scaled.jpg\"><img loading=\"lazy\" decoding=\"async\" class=\"size-large wp-image-30879263\" src=\"https:\/\/www.upo.es\/diario\/wp-content\/uploads\/2023\/07\/Premios-Certamen-Literario-Rosario-Valpuesta_2023-5-750x394.jpg\" alt=\"\" width=\"750\" height=\"394\" srcset=\"https:\/\/www.upo.es\/diario\/wp-content\/uploads\/2023\/07\/Premios-Certamen-Literario-Rosario-Valpuesta_2023-5-750x394.jpg 750w, https:\/\/www.upo.es\/diario\/wp-content\/uploads\/2023\/07\/Premios-Certamen-Literario-Rosario-Valpuesta_2023-5-420x220.jpg 420w, https:\/\/www.upo.es\/diario\/wp-content\/uploads\/2023\/07\/Premios-Certamen-Literario-Rosario-Valpuesta_2023-5-768x403.jpg 768w, https:\/\/www.upo.es\/diario\/wp-content\/uploads\/2023\/07\/Premios-Certamen-Literario-Rosario-Valpuesta_2023-5-1536x806.jpg 1536w, https:\/\/www.upo.es\/diario\/wp-content\/uploads\/2023\/07\/Premios-Certamen-Literario-Rosario-Valpuesta_2023-5-2048x1075.jpg 2048w\" sizes=\"auto, (max-width: 750px) 100vw, 750px\" \/><\/a><figcaption id=\"caption-attachment-30879263\" class=\"wp-caption-text\">Entrega de los Premios &#8216;Rectora Rosario Valpuesta&#8217;<\/figcaption><\/figure>\n<p>El Centro Cultural La Almona de Dos Hermanas ha acogido el acto de entrega de los premios de la <strong>IV edici\u00f3n del Certamen Literario \u2018Rectora Rosario Valpuesta\u2019<\/strong> que organiza la Delegaci\u00f3n de Igualdad y Juventud del Ayuntamiento de Dos Hermanas, a trav\u00e9s del Programa Dos Hermanas Divertida, en estrecha colaboraci\u00f3n con la Universidad Pablo de Olavide.<\/p>\n<p>Esta iniciativa, que cada a\u00f1o tiene m\u00e1s calado entre el colectivo juvenil, se ha convertido en un punto de encuentro para autores y autoras n\u00f3veles, tanto a nivel local como nacional. Asimismo, la IV edici\u00f3n ha contado con <strong>una categor\u00eda especial con motivo del XX Aniversario del Aula Abierta de Mayores de la UPO<\/strong> y, en ella, ha podido participar el alumnado de este programa. En total, se han recibido 84 poes\u00edas y 115 relatos cortos.<\/p>\n<p>El acto estuvo presidido por la delegada de Igualdad y Juventud del Ayuntamiento de Dos Hermanas, <strong>Mar\u00eda de los Reyes Garrido Ja\u00e9n<\/strong>, y tambi\u00e9n cont\u00f3 con la presencia de <strong>F\u00e1tima Murillo Vera<\/strong>, delegada del Distrito de Quinto; <strong>Fernando P\u00e9rez Serrano<\/strong>, delegado de H\u00e1bitat Urbano y Fuente del Rey; y <strong>Roc\u00edo Cruz D\u00edaz<\/strong>, directora del Aula Abierta de Mayores de la Universidad Pablo de Olavide; quienes realizaron la entrega de premios, momento del que tambi\u00e9n fueron part\u00edcipes los miembros del jurado de esta edici\u00f3n del certamen.<\/p>\n<p>En la modalidad de relato corto, la obra ganadora ha sido \u2018Noticias de ultratumba\u2019, de Luis Gir\u00f3n Ju\u00e1rez, en la categor\u00eda General; \u2018Un espectro en la Alquer\u00eda\u2019, de Lucas Naranjo Rodr\u00edguez, en la categor\u00eda Local; \u2018Jaque mate\u2019, de Raquel Luque Ram\u00edrez del IES Galileo Galilei, en la categor\u00eda Local Menores de 18 a\u00f1os; y \u2018Encerrada\u2019, de Cristina Casal Ram\u00edrez, en la categor\u00eda Comunidad Universitaria Pablo de Olavide.<\/p>\n<p>Por otro lado, en la modalidad de poes\u00eda, la obra ganadora en la categor\u00eda General ha sido \u2018Cuesti\u00f3n de tiempo\u2019, de Paula L\u00f3pez Gonz\u00e1lez; en la categor\u00eda Local, \u2018El llanto de la piedra\u2019, de Ana Mar\u00eda Portillo Flores; en Local Menores de 18 a\u00f1os, \u2018El ni\u00f1o de mis recuerdos\u2019, de Alejandro Romero S\u00e1nchez del CC Mar\u00eda Zambrano; y en la categor\u00eda Comunidad Universitaria, \u2018En la casa de los pobres\u2019, de Miguel \u00c1ngel Andrada Ceballos.<\/p>\n<p>Finalmente, en la modalidad Aula Abierta de Mayores, la obra ganadora ha sido \u2018Rigor mortis\u2019, de Eva Mar\u00eda Ch\u00eda Luna. Y la Menci\u00f3n Especial al mejor mensaje por la igualdad ha sido para \u2018En el reflejo de mi espejo\u2019, de Laura Silva Aranda; \u2018No es amor, querida Dafne\u2019, de Jorge \u00c1vila Abada. Tambi\u00e9n se ha reconocido al IES Galileo Galilei como Semillero de Relato Corto y al CC Mar\u00eda Zambrano como Semillero de Poes\u00eda.<\/p>\n","protected":false},"excerpt":{"rendered":"<p>El Centro Cultural La Almona de Dos Hermanas ha acogido el acto de entrega de los premios de la IV edici\u00f3n del Certamen Literario \u2018Rectora Rosario Valpuesta\u2019 que organiza la Delegaci\u00f3n de Igualdad y Juventud del Ayuntamiento de Dos Hermanas, a trav\u00e9s del Programa Dos Hermanas Divertida, en estrecha colaboraci\u00f3n con la Universidad Pablo de Olavide.<\/p>\n","protected":false},"author":14,"featured_media":30879263,"comment_status":"closed","ping_status":"open","sticky":false,"template":"","format":"standard","meta":{"_monsterinsights_skip_tracking":false,"_monsterinsights_sitenote_active":false,"_monsterinsights_sitenote_note":"","_monsterinsights_sitenote_category":0,"footnotes":""},"categories":[5843],"tags":[52,4542,8371,517,457,1739,8372],"class_list":["post-30879262","post","type-post","status-publish","format-standard","has-post-thumbnail","hentry","category-cultura-social","tag-aula-abierta-de-mayores","tag-ayuntamiento-de-dos-hermanas","tag-certamen-literario","tag-igualdad","tag-juventud","tag-poesia","tag-relato-corto"],"_links":{"self":[{"href":"https:\/\/www.upo.es\/diario\/wp-json\/wp\/v2\/posts\/30879262","targetHints":{"allow":["GET"]}}],"collection":[{"href":"https:\/\/www.upo.es\/diario\/wp-json\/wp\/v2\/posts"}],"about":[{"href":"https:\/\/www.upo.es\/diario\/wp-json\/wp\/v2\/types\/post"}],"author":[{"embeddable":true,"href":"https:\/\/www.upo.es\/diario\/wp-json\/wp\/v2\/users\/14"}],"replies":[{"embeddable":true,"href":"https:\/\/www.upo.es\/diario\/wp-json\/wp\/v2\/comments?post=30879262"}],"version-history":[{"count":3,"href":"https:\/\/www.upo.es\/diario\/wp-json\/wp\/v2\/posts\/30879262\/revisions"}],"predecessor-version":[{"id":30879266,"href":"https:\/\/www.upo.es\/diario\/wp-json\/wp\/v2\/posts\/30879262\/revisions\/30879266"}],"wp:featuredmedia":[{"embeddable":true,"href":"https:\/\/www.upo.es\/diario\/wp-json\/wp\/v2\/media\/30879263"}],"wp:attachment":[{"href":"https:\/\/www.upo.es\/diario\/wp-json\/wp\/v2\/media?parent=30879262"}],"wp:term":[{"taxonomy":"category","embeddable":true,"href":"https:\/\/www.upo.es\/diario\/wp-json\/wp\/v2\/categories?post=30879262"},{"taxonomy":"post_tag","embeddable":true,"href":"https:\/\/www.upo.es\/diario\/wp-json\/wp\/v2\/tags?post=30879262"}],"curies":[{"name":"wp","href":"https:\/\/api.w.org\/{rel}","templated":true}]}}