{"id":30879280,"date":"2023-07-12T12:16:39","date_gmt":"2023-07-12T10:16:39","guid":{"rendered":"https:\/\/www.upo.es\/diario\/?p=30879280"},"modified":"2023-09-11T10:04:38","modified_gmt":"2023-09-11T08:04:38","slug":"francisco-oliva-participa-en-el-encuentro-de-rectores-espanoles-e-iberoamericanos-en-la-rabida","status":"publish","type":"post","link":"https:\/\/www.upo.es\/diario\/institucional\/2023\/07\/francisco-oliva-participa-en-el-encuentro-de-rectores-espanoles-e-iberoamericanos-en-la-rabida\/","title":{"rendered":"Francisco Oliva participa en el Encuentro de Rectores Espa\u00f1oles e Iberoamericanos en La R\u00e1bida"},"content":{"rendered":"<figure id=\"attachment_30879281\" aria-describedby=\"caption-attachment-30879281\" style=\"width: 700px\" class=\"wp-caption aligncenter\"><a href=\"https:\/\/www.upo.es\/diario\/wp-content\/uploads\/2023\/07\/imagen1_Rectores.jpg\"><img loading=\"lazy\" decoding=\"async\" class=\"wp-image-30879281 size-large\" src=\"https:\/\/www.upo.es\/diario\/wp-content\/uploads\/2023\/07\/imagen1_Rectores-700x525.jpg\" alt=\"\" width=\"700\" height=\"525\" srcset=\"https:\/\/www.upo.es\/diario\/wp-content\/uploads\/2023\/07\/imagen1_Rectores-700x525.jpg 700w, https:\/\/www.upo.es\/diario\/wp-content\/uploads\/2023\/07\/imagen1_Rectores-420x315.jpg 420w, https:\/\/www.upo.es\/diario\/wp-content\/uploads\/2023\/07\/imagen1_Rectores-768x576.jpg 768w, https:\/\/www.upo.es\/diario\/wp-content\/uploads\/2023\/07\/imagen1_Rectores-1536x1152.jpg 1536w, https:\/\/www.upo.es\/diario\/wp-content\/uploads\/2023\/07\/imagen1_Rectores-1320x990.jpg 1320w, https:\/\/www.upo.es\/diario\/wp-content\/uploads\/2023\/07\/imagen1_Rectores.jpg 2048w\" sizes=\"auto, (max-width: 700px) 100vw, 700px\" \/><\/a><figcaption id=\"caption-attachment-30879281\" class=\"wp-caption-text\">Mesa redonda con Francisco Oliva, a la derecha, en el Encuentro de rectores en La R\u00e1bida<\/figcaption><\/figure>\n<p>El rector de la Universidad Pablo de Olavide, <strong>Francisco Oliva Bl\u00e1zquez<\/strong>, ha participado en el <strong>Encuentro de Rectores Espa\u00f1oles e Iberoamericanos<\/strong> que ha tenido lugar en la sede de la Universidad Internacional de Andaluc\u00eda (UNIA) en su sede Santa Mar\u00eda de La R\u00e1bida (Huelva) bajo el lema <strong>\u2018La R\u00e1bida. 80 a\u00f1os generando Espacio Iberoamericano de Conocimiento\u2019<\/strong> que ha tenido lugar durante los d\u00edas 10 y 11 de julio y en el que han participado hasta 25 universidades.<\/p>\n<p>Francisco Oliva ha sido una de las personas invitadas a la mesa redonda que se ha desarrollado con el t\u00edtulo <strong>\u2018Mirada desde dos orillas del Espacio Iberoamericano del Conocimiento\u2019<\/strong>, junto con la rectora de la Universidad de Huelva, <strong>Mar\u00eda Antonia Pe\u00f1a<\/strong>; el rector de la Universidad de Concepci\u00f3n \u2013 Chile, <strong>Carlos Saavedra<\/strong>; y el de la Pontificia Universidad Cat\u00f3lica del Per\u00fa, <strong>Carlos Garatea<\/strong>.<\/p>\n<p>Este encuentro ha sido organizado por la UNIA y tiene como objetivo desarrollar un lugar de encuentro, debate y reflexi\u00f3n sobre los avances en la cooperaci\u00f3n interuniversitaria dentro del llamado Espacio Iberoamericano del Conocimiento (EIC), as\u00ed como sus distintas aportaciones a la sociedad y sus perspectivas de desarrollo futuro. En definitiva, se trata de un nuevo hito en las relaciones universitarias a ambos lados del Atl\u00e1ntico y una oportunidad para seguir generando sinergias, alianzas y redes que permitan, como fin \u00faltimo, aportar a la consecuci\u00f3n de los Objetivos de Desarrollo Sostenible y, con ello, a un mayor progreso social entre los pa\u00edses del entorno iberoamericano.<\/p>\n<p>Las jornadas han contado con la presencia, entre otros, del consejero de Universidad, Investigaci\u00f3n e Innovaci\u00f3n de la Junta de Andaluc\u00eda, <strong>Jos\u00e9 Carlos G\u00f3mez Villamandos<\/strong>; el responsable de la Secretar\u00eda General Iberoamericana, <strong>Andr\u00e9s Allamand<\/strong>; el rector de la Universidad de Sevilla y presidente de la Asociaci\u00f3n Universitaria Iberoamericana de Postgrado (AUIP), <strong>Miguel \u00c1ngel Castro<\/strong>; y el rector de la UNIA y presidente del Grupo de Universidades Iberoamericanas La R\u00e1bida (GUILR), <strong>Jos\u00e9 Ignacio Garc\u00eda<\/strong>.<\/p>\n<p>Entre las conclusiones del Encuentro, se ha hecho alusi\u00f3n a la puesta en marcha de una plataforma com\u00fan donde est\u00e9n disponibles todos los recursos, convocatorias y posibilidades de intercambio acad\u00e9mico; as\u00ed como profundizar en el trabajo para desarrollar m\u00f3dulos de formaci\u00f3n del profesorado. La intenci\u00f3n es generar redes de investigaci\u00f3n de calidad con el fin de gestionar conocimiento en la ciencia, tecnolog\u00eda e innovaci\u00f3n que hace posible una sociedad desarrollada.<\/p>\n<p>Finalmente, las universidades presentes se emplazaron a trabajar para que esta asociaci\u00f3n siga creciendo con instituciones de otros espacios iberoamericanos como las universidades centroamericanas, del Caribe, del mundo andino y de Brasil y Portugal.<\/p>\n","protected":false},"excerpt":{"rendered":"<p>El rector de la Universidad Pablo de Olavide, Francisco Oliva Bl\u00e1zquez, ha participado en el Encuentro de Rectores Espa\u00f1oles e Iberoamericanos que ha tenido lugar en la sede de la Universidad Internacional de Andaluc\u00eda (UNIA) en su sede Santa Mar\u00eda de La R\u00e1bida (Huelva) bajo el lema \u2018La R\u00e1bida. 80 a\u00f1os generando Espacio Iberoamericano de Conocimiento\u2019 que ha tenido lugar durante los d\u00edas 10 y 11 de julio y en el que han participado hasta 25 universidades.<\/p>\n","protected":false},"author":14,"featured_media":30879281,"comment_status":"closed","ping_status":"open","sticky":false,"template":"","format":"standard","meta":{"_monsterinsights_skip_tracking":false,"_monsterinsights_sitenote_active":false,"_monsterinsights_sitenote_note":"","_monsterinsights_sitenote_category":0,"footnotes":""},"categories":[6],"tags":[7857,4021,8529,805,964,737,170,39],"class_list":["post-30879280","post","type-post","status-publish","format-standard","has-post-thumbnail","hentry","category-institucional","tag-eic","tag-francisco-oliva-blazquez","tag-guilr","tag-iberoamerica","tag-la-rabida","tag-rectores","tag-unia","tag-universidades"],"_links":{"self":[{"href":"https:\/\/www.upo.es\/diario\/wp-json\/wp\/v2\/posts\/30879280","targetHints":{"allow":["GET"]}}],"collection":[{"href":"https:\/\/www.upo.es\/diario\/wp-json\/wp\/v2\/posts"}],"about":[{"href":"https:\/\/www.upo.es\/diario\/wp-json\/wp\/v2\/types\/post"}],"author":[{"embeddable":true,"href":"https:\/\/www.upo.es\/diario\/wp-json\/wp\/v2\/users\/14"}],"replies":[{"embeddable":true,"href":"https:\/\/www.upo.es\/diario\/wp-json\/wp\/v2\/comments?post=30879280"}],"version-history":[{"count":1,"href":"https:\/\/www.upo.es\/diario\/wp-json\/wp\/v2\/posts\/30879280\/revisions"}],"predecessor-version":[{"id":30879282,"href":"https:\/\/www.upo.es\/diario\/wp-json\/wp\/v2\/posts\/30879280\/revisions\/30879282"}],"wp:featuredmedia":[{"embeddable":true,"href":"https:\/\/www.upo.es\/diario\/wp-json\/wp\/v2\/media\/30879281"}],"wp:attachment":[{"href":"https:\/\/www.upo.es\/diario\/wp-json\/wp\/v2\/media?parent=30879280"}],"wp:term":[{"taxonomy":"category","embeddable":true,"href":"https:\/\/www.upo.es\/diario\/wp-json\/wp\/v2\/categories?post=30879280"},{"taxonomy":"post_tag","embeddable":true,"href":"https:\/\/www.upo.es\/diario\/wp-json\/wp\/v2\/tags?post=30879280"}],"curies":[{"name":"wp","href":"https:\/\/api.w.org\/{rel}","templated":true}]}}