{"id":30879283,"date":"2023-07-12T12:44:16","date_gmt":"2023-07-12T10:44:16","guid":{"rendered":"https:\/\/www.upo.es\/diario\/?p=30879283"},"modified":"2023-07-12T12:44:16","modified_gmt":"2023-07-12T10:44:16","slug":"jose-maria-cabeza-apunta-los-puntos-fuertes-de-la-candidatura-de-carmona-a-patrimonio-mundial-de-la-unesco","status":"publish","type":"post","link":"https:\/\/www.upo.es\/diario\/cursos-verano\/2023\/07\/jose-maria-cabeza-apunta-los-puntos-fuertes-de-la-candidatura-de-carmona-a-patrimonio-mundial-de-la-unesco\/","title":{"rendered":"Jos\u00e9 Mar\u00eda Cabeza apunta los puntos fuertes de la candidatura de Carmona a Patrimonio Mundial de la UNESCO"},"content":{"rendered":"<figure id=\"attachment_30879284\" aria-describedby=\"caption-attachment-30879284\" style=\"width: 750px\" class=\"wp-caption aligncenter\"><a href=\"https:\/\/www.upo.es\/diario\/wp-content\/uploads\/2023\/07\/CuVeJoseMariaCabeza-minfgon-scaled.jpg\"><img loading=\"lazy\" decoding=\"async\" class=\"size-large wp-image-30879284\" src=\"https:\/\/www.upo.es\/diario\/wp-content\/uploads\/2023\/07\/CuVeJoseMariaCabeza-minfgon-750x500.jpg\" alt=\"\" width=\"750\" height=\"500\" srcset=\"https:\/\/www.upo.es\/diario\/wp-content\/uploads\/2023\/07\/CuVeJoseMariaCabeza-minfgon-750x500.jpg 750w, https:\/\/www.upo.es\/diario\/wp-content\/uploads\/2023\/07\/CuVeJoseMariaCabeza-minfgon-420x280.jpg 420w, https:\/\/www.upo.es\/diario\/wp-content\/uploads\/2023\/07\/CuVeJoseMariaCabeza-minfgon-768x512.jpg 768w, https:\/\/www.upo.es\/diario\/wp-content\/uploads\/2023\/07\/CuVeJoseMariaCabeza-minfgon-1536x1024.jpg 1536w, https:\/\/www.upo.es\/diario\/wp-content\/uploads\/2023\/07\/CuVeJoseMariaCabeza-minfgon-2048x1365.jpg 2048w, https:\/\/www.upo.es\/diario\/wp-content\/uploads\/2023\/07\/CuVeJoseMariaCabeza-minfgon-165x109.jpg 165w, https:\/\/www.upo.es\/diario\/wp-content\/uploads\/2023\/07\/CuVeJoseMariaCabeza-minfgon-1320x880.jpg 1320w\" sizes=\"auto, (max-width: 750px) 100vw, 750px\" \/><\/a><figcaption id=\"caption-attachment-30879284\" class=\"wp-caption-text\">Jos\u00e9 Mar\u00eda Cabeza en los Cursos de Verano de la UPO<\/figcaption><\/figure>\n<p>El 14 de julio de 2021, el Ayuntamiento de Carmona aprob\u00f3 iniciar el expediente de candidatura para la declaraci\u00f3n de la ciudad como Patrimonio Mundial. Los criterios que se han expuesto para dicha candidatura es que se ha considerado que Carmona constituye un ejemplo eminentemente representativo de conjunto arquitect\u00f3nico que ilustra varios periodos significativos de la historia: tart\u00e9sico, romano, isl\u00e1mico y medieval cristiano e inicios de la Edad Moderna.<\/p>\n<p>\u201cA su vez, el paisaje cultural en el que se inserta compone un ejemplo notable de formas tradicionales de asentamiento humano y representativo de las diferentes culturas que lo han habitado a lo largo de m\u00e1s de cinco mil a\u00f1os\u201d. Son palabras de <strong>Jos\u00e9 Mar\u00eda Cabeza M\u00e9ndez<\/strong>, arquitecto t\u00e9cnico y codirector del <strong>Curso de Olavide en Carmona \u2018Patrimonio mundial y Carmona\u2019<\/strong>, que se ha inaugurado hoy dentro del programa de los Cursos de Verano.<\/p>\n<p>En esta l\u00ednea, considera que los puntos fuertes de Carmona son su posici\u00f3n estrat\u00e9gica y dominio del territorio, junto a la continuidad y persistencia como lugar habitado: \u201cUna continuidad que atesora la significaci\u00f3n de los periodos representados en un amplio espacio de tiempo y que testimonia la configuraci\u00f3n urbana estructurando su paisaje, la planificaci\u00f3n romana del urbanismo, la formaci\u00f3n cristiana del arrabal y, finalmente, la ordenaci\u00f3n moderna\u201d.<\/p>\n<p>En su camino hacia la designaci\u00f3n de Patrimonio Mundial, Carmona tiene que hacer frente a importantes desaf\u00edos. Por ello y en relaci\u00f3n a qu\u00e9 probabilidades tiene la ciudad de obtener el t\u00edtulo, el codirector del curso sostiene que es dif\u00edcil precisar \u201cporque, sabiendo que Carmona es un lugar muy valorado, de una gran relevancia hist\u00f3rica y cultural, con una riqueza y densidad patrimonial m\u00e1s que reconocida, se encuentra en Espa\u00f1a que, junto a Francia, est\u00e1 situada en el cuarto lugar de bienes declarados de todo el mundo, despu\u00e9s de Italia, China y Alemania. De ah\u00ed que nuestro principal objetivo en la actualidad, una vez que la Junta de Andaluc\u00eda ya valor\u00f3 y aprob\u00f3 nuestra candidatura el pasado a\u00f1o 2022, sea el de ingresar en la Lista Indicativa del Estado espa\u00f1ol donde se re\u00fanen aquellos bienes nacionales susceptibles de ser considerados por la UNESCO como Patrimonio Mundial\u201d.<\/p>\n<p>Asimismo, asegura que la participaci\u00f3n ciudadana es un aspecto a desarrollar de una manera especial en este proceso, no s\u00f3lo porque es fundamental para la adecuada conservaci\u00f3n de la ciudad, sino porque su apoyo resulta imprescindible con vistas a la defensa de la propuesta, tanto ante las administraciones espa\u00f1olas como ante los evaluadores de ICOMOS y ante el propio Comit\u00e9 del Patrimonio Mundial. \u201cSi no existe un claro apoyo social, es muy dif\u00edcil convencer a los responsables de que habr\u00e1 una adecuada conservaci\u00f3n del bien en el futuro\u201d, apunta.<\/p>\n<p>El inter\u00e9s por la conservaci\u00f3n de Carmona viene desde hace mucho tiempo, como se desprende en su declaraci\u00f3n como conjunto hist\u00f3rico en el a\u00f1o 1963. Adem\u00e1s, tiene declarado numerosos inmuebles BIC que garantizan su conservaci\u00f3n. \u201cRecordemos que uno de los primeros monumentos que alcanza ese rango en la provincia de Sevilla est\u00e1 en Carmona, el Alc\u00e1zar de la Puerta de Sevilla, en 1906\u201d, recuerda el que fuera director del Real Alc\u00e1zar de Sevilla.<\/p>\n<p>Esas consideraciones han servido para que, desde antiguo, se haya protegido el patrimonio de la ciudad. Adem\u00e1s, desde 1995 el Ayuntamiento de Carmona tiene en\u00a0 su organizaci\u00f3n\u00a0 administrativa un Servicio de\u00a0 Patrimonio Hist\u00f3rico y\u00a0 Arqueolog\u00eda y, como norma principal en esa l\u00ednea de conservaci\u00f3n, el Consistorio dispone de un plan especial\u00a0 de protecci\u00f3n del patrimonio hist\u00f3rico que fue aprobado en 2009.<\/p>\n<h3><strong>Conservaci\u00f3n del patrimonio y desarrollo sostenible<\/strong><\/h3>\n<p>Sin embargo, tambi\u00e9n se hace necesario garantizar el equilibrio entre la conservaci\u00f3n del patrimonio y el desarrollo sostenible. Por ello, en las diferentes reuniones que ha mantenido el Consejo Asesor, nombrado por el Ayuntamiento, se han tratado cuestiones como \u201caplicar medidas para reducir la luz artificial en la noche y minimizar los efectos de la contaminaci\u00f3n lum\u00ednica, as\u00ed como iniciativas para reducir la contaminaci\u00f3n ac\u00fastica. Tambi\u00e9n procurar que el transporte p\u00fablico urbano sea el\u00e9ctrico o de m\u00ednima contaminaci\u00f3n y aumentar las zonas verdes, con utilizaci\u00f3n preferente de especies aut\u00f3ctonas y minimizaci\u00f3n del agua de riego\u201d, explica el arquitecto t\u00e9cnico.<\/p>\n<p>Para promocionar y difundir la candidatura, desde el \u00c1rea de Cultura, Turismo y Patrimonio, junto con otros departamentos municipales, \u201cse vienen afanando en esa l\u00ednea y en diferentes espacios e instituciones, tanto p\u00fablicas como privadas. Un ejemplo de ello es la organizaci\u00f3n del curso sobre \u2018Patrimonio mundial y Carmona\u2019 que celebramos este verano en la sede Olavide en Carmona\u201d, concluye.<\/p>\n","protected":false},"excerpt":{"rendered":"<p>El 14 de julio de 2021, el Ayuntamiento de Carmona aprob\u00f3 iniciar el expediente de candidatura para la declaraci\u00f3n de la ciudad como Patrimonio Mundial. Los criterios que se han expuesto para dicha candidatura es que se ha considerado que Carmona constituye un ejemplo eminentemente representativo de conjunto arquitect\u00f3nico que ilustra varios periodos significativos de la historia: tart\u00e9sico, romano, isl\u00e1mico y medieval cristiano e inicios de la Edad Moderna.<\/p>\n","protected":false},"author":14,"featured_media":30879284,"comment_status":"closed","ping_status":"open","sticky":false,"template":"","format":"standard","meta":{"_monsterinsights_skip_tracking":false,"_monsterinsights_sitenote_active":false,"_monsterinsights_sitenote_note":"","_monsterinsights_sitenote_category":0,"footnotes":""},"categories":[729],"tags":[23,1146,22,519,3891,7238],"class_list":["post-30879283","post","type-post","status-publish","format-standard","has-post-thumbnail","hentry","category-cursos-verano","tag-carmona","tag-conservacion","tag-cursos-de-verano","tag-olavide-en-carmona","tag-patrimonio-mundial","tag-unesco"],"_links":{"self":[{"href":"https:\/\/www.upo.es\/diario\/wp-json\/wp\/v2\/posts\/30879283","targetHints":{"allow":["GET"]}}],"collection":[{"href":"https:\/\/www.upo.es\/diario\/wp-json\/wp\/v2\/posts"}],"about":[{"href":"https:\/\/www.upo.es\/diario\/wp-json\/wp\/v2\/types\/post"}],"author":[{"embeddable":true,"href":"https:\/\/www.upo.es\/diario\/wp-json\/wp\/v2\/users\/14"}],"replies":[{"embeddable":true,"href":"https:\/\/www.upo.es\/diario\/wp-json\/wp\/v2\/comments?post=30879283"}],"version-history":[{"count":1,"href":"https:\/\/www.upo.es\/diario\/wp-json\/wp\/v2\/posts\/30879283\/revisions"}],"predecessor-version":[{"id":30879285,"href":"https:\/\/www.upo.es\/diario\/wp-json\/wp\/v2\/posts\/30879283\/revisions\/30879285"}],"wp:featuredmedia":[{"embeddable":true,"href":"https:\/\/www.upo.es\/diario\/wp-json\/wp\/v2\/media\/30879284"}],"wp:attachment":[{"href":"https:\/\/www.upo.es\/diario\/wp-json\/wp\/v2\/media?parent=30879283"}],"wp:term":[{"taxonomy":"category","embeddable":true,"href":"https:\/\/www.upo.es\/diario\/wp-json\/wp\/v2\/categories?post=30879283"},{"taxonomy":"post_tag","embeddable":true,"href":"https:\/\/www.upo.es\/diario\/wp-json\/wp\/v2\/tags?post=30879283"}],"curies":[{"name":"wp","href":"https:\/\/api.w.org\/{rel}","templated":true}]}}