{"id":30879287,"date":"2023-07-12T15:00:13","date_gmt":"2023-07-12T13:00:13","guid":{"rendered":"https:\/\/www.upo.es\/diario\/?p=30879287"},"modified":"2023-07-12T15:00:13","modified_gmt":"2023-07-12T13:00:13","slug":"adelanto-pevau-ventaja-estudiantado-demandada-aupa","status":"publish","type":"post","link":"https:\/\/www.upo.es\/diario\/institucional\/2023\/07\/adelanto-pevau-ventaja-estudiantado-demandada-aupa\/","title":{"rendered":"El adelanto de la PEvAU, una ventaja para el estudiantado demandada por las universidades p\u00fablicas andaluzas"},"content":{"rendered":"<figure id=\"attachment_30879289\" aria-describedby=\"caption-attachment-30879289\" style=\"width: 750px\" class=\"wp-caption aligncenter\"><a href=\"https:\/\/www.upo.es\/diario\/wp-content\/uploads\/2023\/07\/comision-coord-PEvAU.jpg\"><img loading=\"lazy\" decoding=\"async\" class=\"size-large wp-image-30879289\" src=\"https:\/\/www.upo.es\/diario\/wp-content\/uploads\/2023\/07\/comision-coord-PEvAU-750x422.jpg\" alt=\"Comisi\u00f3n Coordinadora Interuniversitaria del 9\/11\/2022, celebrada en el campus de la UPO\" width=\"750\" height=\"422\" srcset=\"https:\/\/www.upo.es\/diario\/wp-content\/uploads\/2023\/07\/comision-coord-PEvAU-750x422.jpg 750w, https:\/\/www.upo.es\/diario\/wp-content\/uploads\/2023\/07\/comision-coord-PEvAU-420x236.jpg 420w, https:\/\/www.upo.es\/diario\/wp-content\/uploads\/2023\/07\/comision-coord-PEvAU-768x432.jpg 768w, https:\/\/www.upo.es\/diario\/wp-content\/uploads\/2023\/07\/comision-coord-PEvAU.jpg 1024w\" sizes=\"auto, (max-width: 750px) 100vw, 750px\" \/><\/a><figcaption id=\"caption-attachment-30879289\" class=\"wp-caption-text\">Comisi\u00f3n Coordinadora Interuniversitaria, celebrada en el campus de la UPO en noviembre de 2022<\/figcaption><\/figure>\n<p>Las Universidades P\u00fablicas de Andaluc\u00eda que conforman el Distrito \u00danico Andaluz valoran muy positivamente el adelanto en una semana, y desde el pr\u00f3ximo curso, de la PEvAU, toda vez que <strong>se trata de una petici\u00f3n demandada por la Comisi\u00f3n Coordinadora Interuniversitaria para el desarrollo de los ex\u00e1menes<\/strong>.<\/p>\n<p>El presidente de esta Comisi\u00f3n y rector de la Universidad Pablo de Olavide, Francisco Oliva Bl\u00e1zquez, solicit\u00f3 este cambio \u2014la modificaci\u00f3n del Decreto 301\/2009, de 14 de julio, por el que se regula el calendario en los centros docentes\u2014 el pasado 4 de julio, y con anterioridad el 18 de noviembre de 2022.<\/p>\n<p>Las bondades del adelanto de una semana de la PEvAU han sido planteadas a las consejer\u00edas competentes en varias ocasiones, ya que <strong>permitir\u00e1 armonizar los procesos de admisi\u00f3n y adjudicaci\u00f3n con el resto de las universidades espa\u00f1olas y, sobre todo, a los estudiantes y las estudiantes de Andaluc\u00eda concurrir en igualdad de oportunidades a las plazas universitarias de Espa\u00f1a<\/strong>.<\/p>\n<p>Por otra parte, el anticipo de la Prueba \u00ad\u2014tanto en su convocatoria ordinaria como en la extraordinaria\u2014 facilitar\u00e1 la adjudicaci\u00f3n definitiva de plazas en las universidades p\u00fablicas, evitando que los procedimientos administrativos se alarguen hasta la primera semana de agosto o septiembre, y que los estudiantes obtengan plaza una vez iniciado el curso acad\u00e9mico.<\/p>\n<p>El Consejo de Gobierno de la Junta de Andaluc\u00eda ha aprobado el Decreto ley por el que se adelantan las Pruebas de Evaluaci\u00f3n y Acceso a la Universidad, que <strong>se celebrar\u00e1n los d\u00edas 4, 5 y 6 de junio de 2024 en la convocatoria ordinaria y los d\u00edas 2, 3 y 4 de julio en la extraordinaria<\/strong>. Para ello se modificar\u00e1 el Decreto 301\/2009, de 14 de julio, sin implicar cambio alguno en las fechas de inicio y final de curso de las ense\u00f1anzas no universitarias.<\/p>\n","protected":false},"excerpt":{"rendered":"<p>Las Pruebas de Evaluaci\u00f3n y Acceso a la Universidad se adelantar\u00e1n una semana a partir de 2024, tal como hab\u00edan solicitado las universidades p\u00fablicas que conforman el Distrito \u00danico Andaluz.<\/p>\n","protected":false},"author":6,"featured_media":30879289,"comment_status":"closed","ping_status":"open","sticky":false,"template":"","format":"standard","meta":{"_monsterinsights_skip_tracking":false,"_monsterinsights_sitenote_active":false,"_monsterinsights_sitenote_note":"","_monsterinsights_sitenote_category":0,"footnotes":""},"categories":[6],"tags":[2842,717,4021,203,4082,3862],"class_list":["post-30879287","post","type-post","status-publish","format-standard","has-post-thumbnail","hentry","category-institucional","tag-aupa","tag-distrito-unico-andaluz","tag-francisco-oliva-blazquez","tag-junta-de-andalucia","tag-pevau","tag-universidades-andaluzas"],"_links":{"self":[{"href":"https:\/\/www.upo.es\/diario\/wp-json\/wp\/v2\/posts\/30879287","targetHints":{"allow":["GET"]}}],"collection":[{"href":"https:\/\/www.upo.es\/diario\/wp-json\/wp\/v2\/posts"}],"about":[{"href":"https:\/\/www.upo.es\/diario\/wp-json\/wp\/v2\/types\/post"}],"author":[{"embeddable":true,"href":"https:\/\/www.upo.es\/diario\/wp-json\/wp\/v2\/users\/6"}],"replies":[{"embeddable":true,"href":"https:\/\/www.upo.es\/diario\/wp-json\/wp\/v2\/comments?post=30879287"}],"version-history":[{"count":3,"href":"https:\/\/www.upo.es\/diario\/wp-json\/wp\/v2\/posts\/30879287\/revisions"}],"predecessor-version":[{"id":30879291,"href":"https:\/\/www.upo.es\/diario\/wp-json\/wp\/v2\/posts\/30879287\/revisions\/30879291"}],"wp:featuredmedia":[{"embeddable":true,"href":"https:\/\/www.upo.es\/diario\/wp-json\/wp\/v2\/media\/30879289"}],"wp:attachment":[{"href":"https:\/\/www.upo.es\/diario\/wp-json\/wp\/v2\/media?parent=30879287"}],"wp:term":[{"taxonomy":"category","embeddable":true,"href":"https:\/\/www.upo.es\/diario\/wp-json\/wp\/v2\/categories?post=30879287"},{"taxonomy":"post_tag","embeddable":true,"href":"https:\/\/www.upo.es\/diario\/wp-json\/wp\/v2\/tags?post=30879287"}],"curies":[{"name":"wp","href":"https:\/\/api.w.org\/{rel}","templated":true}]}}