{"id":30879301,"date":"2023-07-13T12:50:22","date_gmt":"2023-07-13T10:50:22","guid":{"rendered":"https:\/\/www.upo.es\/diario\/?p=30879301"},"modified":"2023-07-19T12:36:10","modified_gmt":"2023-07-19T10:36:10","slug":"mas-de-600-estudiantes-de-bachillerato-participan-en-el-proyecto-de-la-upo-la-odisea-de-las-escritoras","status":"publish","type":"post","link":"https:\/\/www.upo.es\/diario\/docencia-formacion\/2023\/07\/mas-de-600-estudiantes-de-bachillerato-participan-en-el-proyecto-de-la-upo-la-odisea-de-las-escritoras\/","title":{"rendered":"M\u00e1s de 600 estudiantes de Bachillerato participan en el proyecto de la UPO \u2018La Odisea de las Escritoras\u2019"},"content":{"rendered":"<figure id=\"attachment_30879302\" aria-describedby=\"caption-attachment-30879302\" style=\"width: 728px\" class=\"wp-caption aligncenter\"><a href=\"https:\/\/www.upo.es\/diario\/wp-content\/uploads\/2023\/07\/imagen2_Odisea.jpg\"><img loading=\"lazy\" decoding=\"async\" class=\"size-large wp-image-30879302\" src=\"https:\/\/www.upo.es\/diario\/wp-content\/uploads\/2023\/07\/imagen2_Odisea-728x525.jpg\" alt=\"\" width=\"728\" height=\"525\" srcset=\"https:\/\/www.upo.es\/diario\/wp-content\/uploads\/2023\/07\/imagen2_Odisea-728x525.jpg 728w, https:\/\/www.upo.es\/diario\/wp-content\/uploads\/2023\/07\/imagen2_Odisea-420x303.jpg 420w, https:\/\/www.upo.es\/diario\/wp-content\/uploads\/2023\/07\/imagen2_Odisea-768x554.jpg 768w, https:\/\/www.upo.es\/diario\/wp-content\/uploads\/2023\/07\/imagen2_Odisea-1536x1108.jpg 1536w, https:\/\/www.upo.es\/diario\/wp-content\/uploads\/2023\/07\/imagen2_Odisea-1320x952.jpg 1320w, https:\/\/www.upo.es\/diario\/wp-content\/uploads\/2023\/07\/imagen2_Odisea.jpg 1919w\" sizes=\"auto, (max-width: 728px) 100vw, 728px\" \/><\/a><figcaption id=\"caption-attachment-30879302\" class=\"wp-caption-text\">Presentaci\u00f3n del cuadernillo did\u00e1ctico-divulgativo<\/figcaption><\/figure>\n<p>Un total <strong>664 estudiantes de Bachillerato de 16 centros educativos de las provincias de Sevilla, Huelva y C\u00f3rdoba<\/strong> han participado durante el curso acad\u00e9mico 2022\/2023 en el proyecto de la Universidad Pablo de Olavide <strong>\u2018La Odisea de las Escritoras\u2019<\/strong>, una iniciativa de un grupo de investigadoras e investigadores de la <strong>Facultad de Humanidades<\/strong>, liderado por la catedr\u00e1tica de Filolog\u00eda Latina <strong>Rosario Moreno Soldevila<\/strong>, que ha contado con la financiaci\u00f3n de la <strong>Fundaci\u00f3n Espa\u00f1ola para la Ciencia y Tecnolog\u00eda del Ministerio de Ciencia e Innovaci\u00f3n (FECYT).<\/strong><\/p>\n<p>El objetivo de esta iniciativa ha tenido una doble vertiente. Por un lado, fomentar las vocaciones cient\u00edficas en humanidades entre el estudiantado de Bachillerato y, por otro, visibilizar el papel de las mujeres a lo largo de la historia de la literatura, reflexionando sobre las circunstancias que han conducido a que el canon literario occidental siga siendo, hoy en d\u00eda, un canon androc\u00e9ntrico.<\/p>\n<p>El proyecto ha culminado con la publicaci\u00f3n, en junio, de un cuadernillo did\u00e1ctico-divulgativo con el contenido de los talleres cient\u00edficos: <a href=\"https:\/\/dialnet.unirioja.es\/servlet\/libro?codigo=931784\">\u2018La Odisea de las Escritoras: material did\u00e1ctico-divulgativo para repensar la historia de la literatura\u2019<\/a> que han editado los investigadores Daniel Nisa C\u00e1ceres y Alberto Marina Castillo. As\u00ed como un <a href=\"https:\/\/www.youtube.com\/watch?v=ySL-DU9dt4Y\">v\u00eddeo divulgativo<\/a> sobre las dificultades que han encontrado las escritoras a lo largo de la historia para conseguir escribir, publicar, ser conocidas y reconocidas por su obra literaria.<\/p>\n<p>El proyecto se desarroll\u00f3 en cuatro jornadas que combinaron actividades l\u00fadicas con talleres cient\u00edficos, a cargo de investigadores e investigadoras de la Facultad de Humanidades durante los meses de febrero y marzo pasados.<\/p>\n<p>En concreto, los centros participantes en las Jornadas han sido: IES Vel\u00e1zquez, IES Albert Einstein, IES Ram\u00f3n Carande, IES Santa Aurelia, IES Antonio Dom\u00ednguez Ortiz, IES Llanes (Sevilla); IES Al-Guadaira, (Alcal\u00e1 de Guada\u00edra, Sevilla); IES Torre de los Guzmanes (La Algaba, Sevilla); IES Atenea (Mairena del Aljarafe, Sevilla); IES Caura (Coria del R\u00edo, Sevilla); IES Torre de los Herberos, IES Ibn Jald\u00fan y Colegio San Alberto Magno (Dos Hermanas, Sevilla); IES Laguna de Toll\u00f3n (El Cuervo, Sevilla); CES Lope de Vega (C\u00f3rdoba); e IES La Palma (La Palma del Condado, Huelva).<\/p>\n<p><iframe loading=\"lazy\" title=\"YouTube video player\" src=\"https:\/\/www.youtube.com\/embed\/ySL-DU9dt4Y\" width=\"560\" height=\"315\" frameborder=\"0\" allowfullscreen=\"allowfullscreen\"><\/iframe><\/p>\n","protected":false},"excerpt":{"rendered":"<p>Un total 664 estudiantes de Bachillerato de 16 centros educativos de las provincias de Sevilla, Huelva y C\u00f3rdoba han participado durante el curso acad\u00e9mico 2022\/2023 en el proyecto de la Universidad Pablo de Olavide \u2018La Odisea de las Escritoras\u2019, una iniciativa de un grupo de investigadoras e investigadores de la Facultad de Humanidades, liderado por la catedr\u00e1tica de Filolog\u00eda Latina Rosario Moreno Soldevila, que ha contado con la financiaci\u00f3n de la Fundaci\u00f3n Espa\u00f1ola para la Ciencia y Tecnolog\u00eda del Ministerio de Ciencia e Innovaci\u00f3n.<\/p>\n","protected":false},"author":14,"featured_media":30879302,"comment_status":"closed","ping_status":"open","sticky":false,"template":"","format":"standard","meta":{"_monsterinsights_skip_tracking":false,"_monsterinsights_sitenote_active":false,"_monsterinsights_sitenote_note":"","_monsterinsights_sitenote_category":0,"footnotes":""},"categories":[2779],"tags":[644,970,21,96,5794,890,8530,401,1053],"class_list":["post-30879301","post","type-post","status-publish","format-standard","has-post-thumbnail","hentry","category-docencia-formacion","tag-bachillerato","tag-divulgacion","tag-estudiantes","tag-facultad-de-humanidades","tag-fecyt","tag-feminismo","tag-la-odisea-de-las-escritoras","tag-literatura","tag-mujeres"],"_links":{"self":[{"href":"https:\/\/www.upo.es\/diario\/wp-json\/wp\/v2\/posts\/30879301","targetHints":{"allow":["GET"]}}],"collection":[{"href":"https:\/\/www.upo.es\/diario\/wp-json\/wp\/v2\/posts"}],"about":[{"href":"https:\/\/www.upo.es\/diario\/wp-json\/wp\/v2\/types\/post"}],"author":[{"embeddable":true,"href":"https:\/\/www.upo.es\/diario\/wp-json\/wp\/v2\/users\/14"}],"replies":[{"embeddable":true,"href":"https:\/\/www.upo.es\/diario\/wp-json\/wp\/v2\/comments?post=30879301"}],"version-history":[{"count":2,"href":"https:\/\/www.upo.es\/diario\/wp-json\/wp\/v2\/posts\/30879301\/revisions"}],"predecessor-version":[{"id":30879312,"href":"https:\/\/www.upo.es\/diario\/wp-json\/wp\/v2\/posts\/30879301\/revisions\/30879312"}],"wp:featuredmedia":[{"embeddable":true,"href":"https:\/\/www.upo.es\/diario\/wp-json\/wp\/v2\/media\/30879302"}],"wp:attachment":[{"href":"https:\/\/www.upo.es\/diario\/wp-json\/wp\/v2\/media?parent=30879301"}],"wp:term":[{"taxonomy":"category","embeddable":true,"href":"https:\/\/www.upo.es\/diario\/wp-json\/wp\/v2\/categories?post=30879301"},{"taxonomy":"post_tag","embeddable":true,"href":"https:\/\/www.upo.es\/diario\/wp-json\/wp\/v2\/tags?post=30879301"}],"curies":[{"name":"wp","href":"https:\/\/api.w.org\/{rel}","templated":true}]}}