{"id":30879317,"date":"2023-07-12T12:10:57","date_gmt":"2023-07-12T10:10:57","guid":{"rendered":"https:\/\/www.upo.es\/diario\/?p=30879317"},"modified":"2023-07-14T12:25:41","modified_gmt":"2023-07-14T10:25:41","slug":"radiolavide-ensenanza-online-del-espanol-como-lengua-extranjera-toda-una-linea-en-desarrollo","status":"publish","type":"post","link":"https:\/\/www.upo.es\/diario\/podcast\/2023\/07\/radiolavide-ensenanza-online-del-espanol-como-lengua-extranjera-toda-una-linea-en-desarrollo\/","title":{"rendered":"RadiOlavide | Ense\u00f1anza &#8216;online&#8217; del espa\u00f1ol como lengua extranjera, toda una l\u00ednea en desarrollo"},"content":{"rendered":"<p><iframe loading=\"lazy\" id=\"pumukitiframe\" src=\"https:\/\/upotv.upo.es\/iframe\/64a54619abe3c64aa48b459c\" width=\"560\" height=\"315\" frameborder=\"0\" allowfullscreen=\"allowfullscreen\"><span data-mce-type=\"bookmark\" style=\"display: inline-block; width: 0px; overflow: hidden; line-height: 0;\" class=\"mce_SELRES_start\">\ufeff<\/span><\/iframe><br \/>\nEl acr\u00f3nimo ELE significa &#8216;espa\u00f1ol como lengua extranjera&#8217; y se emplea habitualmente entre profesorado, grupos de investigaci\u00f3n, productores de materiales y dem\u00e1s especialistas de la ense\u00f1anza del espa\u00f1ol a hablantes nativos de otras lenguas.<\/p>\n<p>En esta ocasi\u00f3n, hablamos con el profesor <strong>Sergio Delgado Pe\u00f1a<\/strong>, licenciado en Filolog\u00eda Hisp\u00e1nica por la Universidad de Barcelona, para centrarnos en <strong>la ense\u00f1anza de ELE en su modalidad <em>online<\/em> y le preguntamos por sus inicios y experiencia como docente de espa\u00f1ol para extranjeros<\/strong>.<\/p>\n<p>En este podcast adem\u00e1s analizamos con los y las estudiantes los diversos usos de la lengua espa\u00f1ola en el \u00e1mbito social: los contenidos impl\u00edcitos y su interpretaci\u00f3n en la serie de animaci\u00f3n <em>Phineas y Ferb<\/em>, un estudio del podcast <em>Deber\u00edamos estar estudiando<\/em> y el discurso en la publicidad de juguetes.<\/p>\n<figure id=\"attachment_30879318\" aria-describedby=\"caption-attachment-30879318\" style=\"width: 420px\" class=\"wp-caption alignleft\"><a href=\"https:\/\/www.upo.es\/diario\/wp-content\/uploads\/2023\/07\/Andrea-Piacquadio-scaled.jpg\"><img loading=\"lazy\" decoding=\"async\" class=\"size-medium wp-image-30879318\" src=\"https:\/\/www.upo.es\/diario\/wp-content\/uploads\/2023\/07\/Andrea-Piacquadio-420x280.jpg\" alt=\"\" width=\"420\" height=\"280\" srcset=\"https:\/\/www.upo.es\/diario\/wp-content\/uploads\/2023\/07\/Andrea-Piacquadio-420x280.jpg 420w, https:\/\/www.upo.es\/diario\/wp-content\/uploads\/2023\/07\/Andrea-Piacquadio-750x500.jpg 750w, https:\/\/www.upo.es\/diario\/wp-content\/uploads\/2023\/07\/Andrea-Piacquadio-768x512.jpg 768w, https:\/\/www.upo.es\/diario\/wp-content\/uploads\/2023\/07\/Andrea-Piacquadio-1536x1024.jpg 1536w, https:\/\/www.upo.es\/diario\/wp-content\/uploads\/2023\/07\/Andrea-Piacquadio-2048x1365.jpg 2048w\" sizes=\"auto, (max-width: 420px) 100vw, 420px\" \/><\/a><figcaption id=\"caption-attachment-30879318\" class=\"wp-caption-text\">Foto: Andrea Piacquadio<\/figcaption><\/figure>\n<p><strong>Cr\u00e9ditos:<\/strong><\/p>\n<p>Locuci\u00f3n, realizaci\u00f3n y edici\u00f3n: Crist\u00f3bal \u00c1lvarez L\u00f3pez<\/p>\n<p>&nbsp;<\/p>\n<p>&nbsp;<\/p>\n<p>&nbsp;<\/p>\n<p>&nbsp;<\/p>\n<p>&nbsp;<\/p>\n<p><strong>M\u00e1s estrenos de RadiOlavide:<\/strong><\/p>\n<h4><em>\u00c7a d\u00e9lie les langues<\/em>:<br \/>\n<a href=\"https:\/\/upotv.upo.es\/video\/64a547eaabe3c6baa48b4568\">https:\/\/upotv.upo.es\/video\/64a547eaabe3c6baa48b4568<\/a><\/h4>\n<h4><em>O mundo da l\u00edngua portuguesa<\/em>:<br \/>\n<a href=\"https:\/\/upotv.upo.es\/video\/649d61c8abe3c64a548b4569\">https:\/\/upotv.upo.es\/video\/649d61c8abe3c64a548b4569<\/a><\/h4>\n<h4>Radio Wunderbar:<br \/>\n<a href=\"https:\/\/upotv.upo.es\/video\/649ab647abe3c6a7888b4568\">https:\/\/upotv.upo.es\/video\/649ab647abe3c6a7888b4568<\/a><\/h4>\n","protected":false},"excerpt":{"rendered":"<p>Entrevista con el profesor Sergio Delgado en la que nos define nuevas t\u00e9cnicas de ELE y las motivaciones para llevarlas a cabo.<\/p>\n","protected":false},"author":6,"featured_media":30879318,"comment_status":"closed","ping_status":"open","sticky":false,"template":"","format":"standard","meta":{"_monsterinsights_skip_tracking":false,"_monsterinsights_sitenote_active":false,"_monsterinsights_sitenote_note":"","_monsterinsights_sitenote_category":0,"footnotes":""},"categories":[8145],"tags":[],"class_list":["post-30879317","post","type-post","status-publish","format-standard","has-post-thumbnail","hentry","category-podcast"],"_links":{"self":[{"href":"https:\/\/www.upo.es\/diario\/wp-json\/wp\/v2\/posts\/30879317","targetHints":{"allow":["GET"]}}],"collection":[{"href":"https:\/\/www.upo.es\/diario\/wp-json\/wp\/v2\/posts"}],"about":[{"href":"https:\/\/www.upo.es\/diario\/wp-json\/wp\/v2\/types\/post"}],"author":[{"embeddable":true,"href":"https:\/\/www.upo.es\/diario\/wp-json\/wp\/v2\/users\/6"}],"replies":[{"embeddable":true,"href":"https:\/\/www.upo.es\/diario\/wp-json\/wp\/v2\/comments?post=30879317"}],"version-history":[{"count":3,"href":"https:\/\/www.upo.es\/diario\/wp-json\/wp\/v2\/posts\/30879317\/revisions"}],"predecessor-version":[{"id":30879321,"href":"https:\/\/www.upo.es\/diario\/wp-json\/wp\/v2\/posts\/30879317\/revisions\/30879321"}],"wp:featuredmedia":[{"embeddable":true,"href":"https:\/\/www.upo.es\/diario\/wp-json\/wp\/v2\/media\/30879318"}],"wp:attachment":[{"href":"https:\/\/www.upo.es\/diario\/wp-json\/wp\/v2\/media?parent=30879317"}],"wp:term":[{"taxonomy":"category","embeddable":true,"href":"https:\/\/www.upo.es\/diario\/wp-json\/wp\/v2\/categories?post=30879317"},{"taxonomy":"post_tag","embeddable":true,"href":"https:\/\/www.upo.es\/diario\/wp-json\/wp\/v2\/tags?post=30879317"}],"curies":[{"name":"wp","href":"https:\/\/api.w.org\/{rel}","templated":true}]}}