{"id":30879358,"date":"2023-07-20T09:36:53","date_gmt":"2023-07-20T07:36:53","guid":{"rendered":"https:\/\/www.upo.es\/diario\/?p=30879358"},"modified":"2023-09-11T10:04:23","modified_gmt":"2023-09-11T08:04:23","slug":"proyecto-sursuroeste-arquitectos-elegido-rehabilitacion-edificio-termica","status":"publish","type":"post","link":"https:\/\/www.upo.es\/diario\/institucional\/2023\/07\/proyecto-sursuroeste-arquitectos-elegido-rehabilitacion-edificio-termica\/","title":{"rendered":"Un proyecto de Sursuroeste Arquitectos, elegido para la rehabilitaci\u00f3n del edificio de la T\u00e9rmica en la UPO"},"content":{"rendered":"<figure id=\"attachment_30879359\" aria-describedby=\"caption-attachment-30879359\" style=\"width: 750px\" class=\"wp-caption aligncenter\"><a href=\"https:\/\/www.upo.es\/diario\/wp-content\/uploads\/2023\/07\/PrimerPremio_Proyecto_EX-MACHINA-scaled.jpg\"><img loading=\"lazy\" decoding=\"async\" class=\"size-large wp-image-30879359\" src=\"https:\/\/www.upo.es\/diario\/wp-content\/uploads\/2023\/07\/PrimerPremio_Proyecto_EX-MACHINA-750x331.jpg\" alt=\"Proyecto de Sursuroeste Arquitectos para el edificio de la T\u00e9rmica\" width=\"750\" height=\"331\" srcset=\"https:\/\/www.upo.es\/diario\/wp-content\/uploads\/2023\/07\/PrimerPremio_Proyecto_EX-MACHINA-750x331.jpg 750w, https:\/\/www.upo.es\/diario\/wp-content\/uploads\/2023\/07\/PrimerPremio_Proyecto_EX-MACHINA-420x185.jpg 420w, https:\/\/www.upo.es\/diario\/wp-content\/uploads\/2023\/07\/PrimerPremio_Proyecto_EX-MACHINA-768x339.jpg 768w, https:\/\/www.upo.es\/diario\/wp-content\/uploads\/2023\/07\/PrimerPremio_Proyecto_EX-MACHINA-1536x678.jpg 1536w, https:\/\/www.upo.es\/diario\/wp-content\/uploads\/2023\/07\/PrimerPremio_Proyecto_EX-MACHINA-2048x904.jpg 2048w\" sizes=\"auto, (max-width: 750px) 100vw, 750px\" \/><\/a><figcaption id=\"caption-attachment-30879359\" class=\"wp-caption-text\">Proyecto de Sursuroeste Arquitectos para el edificio de la T\u00e9rmica<\/figcaption><\/figure>\n<p>El rector de la Universidad Pablo de Olavide, <strong>Francisco Oliva Bl\u00e1zquez<\/strong>, y la secretaria general de Vivienda de la Junta de Andaluc\u00eda, <strong>Alicia Mart\u00ednez Mart\u00edn<\/strong>, han entregado los premios del <a href=\"https:\/\/contrataciondelestado.es\/wps\/portal\/!ut\/p\/b0\/04_Sj9CPykssy0xPLMnMz0vMAfIjU1JTC3Iy87KtUlJLEnNyUuNzMpMzSxKTgQr0w_Wj9KMyU1zLcvQjTZKDgzISg_1NotLNtS3dPAMj_bJSA21t9Qtycx0Bg5Lemg!!\/\">concurso de arquitectura<\/a> convocado para seleccionar el proyecto para la rehabilitaci\u00f3n del edificio de la antigua Central T\u00e9rmica, proveniente de la Universidad Laboral. La propuesta presentada por el estudio <a href=\"https:\/\/sursuroeste.com\/\">Sursuroeste Arquitectos<\/a> ha obtenido el primer premio, dotado con 5.000 euros y recogido por <strong>Javier Arroyo Yanes, Miguel Bretones del Pozo y Miguel \u00c1ngel de la Cova<\/strong>.<\/p>\n<figure id=\"attachment_30879364\" aria-describedby=\"caption-attachment-30879364\" style=\"width: 420px\" class=\"wp-caption alignleft\"><a href=\"https:\/\/www.upo.es\/diario\/wp-content\/uploads\/2023\/07\/Concurso-Arq-Termica-2-scaled.jpg\"><img loading=\"lazy\" decoding=\"async\" class=\"size-medium wp-image-30879364\" src=\"https:\/\/www.upo.es\/diario\/wp-content\/uploads\/2023\/07\/Concurso-Arq-Termica-2-420x236.jpg\" alt=\"Alicia Mart\u00ednez, Francisco Oliva y Auxiliadora Calvo\" width=\"420\" height=\"236\" srcset=\"https:\/\/www.upo.es\/diario\/wp-content\/uploads\/2023\/07\/Concurso-Arq-Termica-2-420x236.jpg 420w, https:\/\/www.upo.es\/diario\/wp-content\/uploads\/2023\/07\/Concurso-Arq-Termica-2-750x422.jpg 750w, https:\/\/www.upo.es\/diario\/wp-content\/uploads\/2023\/07\/Concurso-Arq-Termica-2-768x432.jpg 768w, https:\/\/www.upo.es\/diario\/wp-content\/uploads\/2023\/07\/Concurso-Arq-Termica-2-1536x864.jpg 1536w, https:\/\/www.upo.es\/diario\/wp-content\/uploads\/2023\/07\/Concurso-Arq-Termica-2-2048x1152.jpg 2048w\" sizes=\"auto, (max-width: 420px) 100vw, 420px\" \/><\/a><figcaption id=\"caption-attachment-30879364\" class=\"wp-caption-text\">Alicia Mart\u00ednez, Francisco Oliva y Auxiliadora Calvo<\/figcaption><\/figure>\n<p>El Jurado ha destacado de la propuesta ganadora \u2014presentada con el lema \u2018<a href=\"https:\/\/www.upo.es\/diario\/wp-content\/uploads\/2023\/07\/EX-MACHINA.pdf\">Ex machina<\/a>\u2019 ya que el concurso ha sido bajo anonimato\u2014 que sea una \u201cactuaci\u00f3n serena, con ausencia de espectacularidad, lenguaje comedido y a la vez contempor\u00e1neo\u201d. Adem\u00e1s, el proyecto de Sursuroeste Arquitectos \u201crealiza un estudio muy completo del entorno, de la conexi\u00f3n con el campus y de los accesos que resultan muy adecuados\u201d.<\/p>\n<p>En la valoraci\u00f3n de las once ofertas recibidas se ha puntuado, adem\u00e1s de la calidad arquitect\u00f3nica de las propuestas y su viabilidad econ\u00f3mica y t\u00e9cnica, la flexibilidad en el uso de los espacios; las soluciones de eficiencia energ\u00e9tica y para lograr un edificio \u2018cero emisiones\u2019; la adecuaci\u00f3n con el entorno y su conexi\u00f3n con el campus; y la adecuaci\u00f3n en el uso de materiales y en el futuro mantenimiento de los principios de la econom\u00eda circular.<\/p>\n<p>El <strong>segundo premio<\/strong>, dotado con 2.500 euros, ha sido para el proyecto redactado por Pablo Rubio \u00c1lvarez, Roc\u00edo Carvajo Lucena, Jos\u00e9 Rodr\u00edguez Lucena, Mar\u00eda Navarro Cifuentes y Manuel J. Pirez Gil, del que el Jurado ha destacado su \u201cpropuesta rotunda y bien definida con un alto grado de creatividad\u201d. El Concurso ha concedido asimismo <strong>dos acc\u00e9sits<\/strong> de mil euros a los proyectos presentados por AF6 Arquitectura y por Javier Haro Greppi y Jes\u00fas Trivi\u00f1o Ruiz.<\/p>\n<p><a href=\"https:\/\/www.upo.es\/diario\/wp-content\/uploads\/2023\/07\/EX-MACHINA.pdf\"><img loading=\"lazy\" decoding=\"async\" class=\"alignright wp-image-30879369 size-large\" src=\"https:\/\/www.upo.es\/diario\/wp-content\/uploads\/2023\/07\/PrimerPremio_Proyecto_EX-MACHINA-2-301x525.jpg\" alt=\"Proyecto para rehabilitar la antigua Central T\u00e9rmica\" width=\"301\" height=\"525\" srcset=\"https:\/\/www.upo.es\/diario\/wp-content\/uploads\/2023\/07\/PrimerPremio_Proyecto_EX-MACHINA-2-301x525.jpg 301w, https:\/\/www.upo.es\/diario\/wp-content\/uploads\/2023\/07\/PrimerPremio_Proyecto_EX-MACHINA-2-241x420.jpg 241w, https:\/\/www.upo.es\/diario\/wp-content\/uploads\/2023\/07\/PrimerPremio_Proyecto_EX-MACHINA-2-768x1340.jpg 768w, https:\/\/www.upo.es\/diario\/wp-content\/uploads\/2023\/07\/PrimerPremio_Proyecto_EX-MACHINA-2-880x1536.jpg 880w, https:\/\/www.upo.es\/diario\/wp-content\/uploads\/2023\/07\/PrimerPremio_Proyecto_EX-MACHINA-2-1173x2048.jpg 1173w, https:\/\/www.upo.es\/diario\/wp-content\/uploads\/2023\/07\/PrimerPremio_Proyecto_EX-MACHINA-2-1320x2304.jpg 1320w, https:\/\/www.upo.es\/diario\/wp-content\/uploads\/2023\/07\/PrimerPremio_Proyecto_EX-MACHINA-2-scaled.jpg 1467w\" sizes=\"auto, (max-width: 301px) 100vw, 301px\" \/><\/a>Francisco Oliva ha resaltado la importancia de incorporar al campus el edificio de la T\u00e9rmica ya que \u201cliberar\u00e1 un espacio muy necesario para la Universidad, en un entorno muy frecuentado\u201d. Del proyecto ha destacado que sea \u201cuna soluci\u00f3n arquitect\u00f3nica no solo para el edificio sino para la zona, y su apuesta por la sostenibilidad\u201d.<\/p>\n<p>La rehabilitaci\u00f3n de la <strong>antigua Central T\u00e9rmica<\/strong>, edificio proveniente de la Universidad Laboral ubicado al norte de la galer\u00eda principal del campus, cuenta con un<strong> presupuesto de 3.724.989 euros<\/strong>, de los cuales 2.924.597 euros ser\u00e1n financiados en el marco del Plan de Impulso a la Rehabilitaci\u00f3n de Edificios P\u00fablicos (PIREP), con fondos <em>Next Generation EU<\/em> a trav\u00e9s del Plan de Recuperaci\u00f3n, Transformaci\u00f3n y Resiliencia del Gobierno de Espa\u00f1a, gracias al <a href=\"https:\/\/www.upo.es\/diario\/institucional\/2022\/12\/la-upo-y-la-junta-de-andalucia-firman-un-convenio-para-la-rehabilitacion-del-edificio-de-la-termica\/\">convenio suscrito con la Consejer\u00eda de Econom\u00eda, Hacienda y Fondos Europeos<\/a> de la Junta de Andaluc\u00eda. La Universidad Pablo de Olavide financiar\u00e1 los 800.392 euros restantes en una actuaci\u00f3n para una superficie total de 1.955 metros cuadrados. Una vez rehabilitado, el edificio de la Central T\u00e9rmica del campus de la UPO <strong>se convertir\u00e1 en un espacio <em>coworking<\/em> con zonas compartidas<\/strong>.<\/p>\n<figure id=\"attachment_30879365\" aria-describedby=\"caption-attachment-30879365\" style=\"width: 750px\" class=\"wp-caption aligncenter\"><a href=\"https:\/\/www.upo.es\/diario\/wp-content\/uploads\/2023\/07\/Concurso-Arq-Termica-3-scaled.jpg\"><img loading=\"lazy\" decoding=\"async\" class=\"size-large wp-image-30879365\" src=\"https:\/\/www.upo.es\/diario\/wp-content\/uploads\/2023\/07\/Concurso-Arq-Termica-3-750x503.jpg\" alt=\"En el centro, Francisco Oliva y Alicia Mart\u00ednez con los premiados en el Concurso\" width=\"750\" height=\"503\" srcset=\"https:\/\/www.upo.es\/diario\/wp-content\/uploads\/2023\/07\/Concurso-Arq-Termica-3-750x503.jpg 750w, https:\/\/www.upo.es\/diario\/wp-content\/uploads\/2023\/07\/Concurso-Arq-Termica-3-420x282.jpg 420w, https:\/\/www.upo.es\/diario\/wp-content\/uploads\/2023\/07\/Concurso-Arq-Termica-3-768x516.jpg 768w, https:\/\/www.upo.es\/diario\/wp-content\/uploads\/2023\/07\/Concurso-Arq-Termica-3-1536x1031.jpg 1536w, https:\/\/www.upo.es\/diario\/wp-content\/uploads\/2023\/07\/Concurso-Arq-Termica-3-2048x1375.jpg 2048w\" sizes=\"auto, (max-width: 750px) 100vw, 750px\" \/><\/a><figcaption id=\"caption-attachment-30879365\" class=\"wp-caption-text\">En el centro, Francisco Oliva y Alicia Mart\u00ednez con los premiados en el Concurso de la T\u00e9rmica<\/figcaption><\/figure>\n","protected":false},"excerpt":{"rendered":"<p>Acto de entrega de los premios del Concurso de proyecto de arquitectura para rehabilitar el edificio de la antigua Central T\u00e9rmica, actuaci\u00f3n presupuestada en 3,7 millones de euros.<\/p>\n","protected":false},"author":6,"featured_media":30879359,"comment_status":"closed","ping_status":"open","sticky":false,"template":"","format":"standard","meta":{"_monsterinsights_skip_tracking":false,"_monsterinsights_sitenote_active":false,"_monsterinsights_sitenote_note":"","_monsterinsights_sitenote_category":0,"footnotes":""},"categories":[6],"tags":[1014,107,59,326,618,1030,1261],"class_list":["post-30879358","post","type-post","status-publish","format-standard","has-post-thumbnail","hentry","category-institucional","tag-arquitectura","tag-campus","tag-concurso","tag-convenio","tag-infraestructuras","tag-premios","tag-universidad-laboral"],"_links":{"self":[{"href":"https:\/\/www.upo.es\/diario\/wp-json\/wp\/v2\/posts\/30879358","targetHints":{"allow":["GET"]}}],"collection":[{"href":"https:\/\/www.upo.es\/diario\/wp-json\/wp\/v2\/posts"}],"about":[{"href":"https:\/\/www.upo.es\/diario\/wp-json\/wp\/v2\/types\/post"}],"author":[{"embeddable":true,"href":"https:\/\/www.upo.es\/diario\/wp-json\/wp\/v2\/users\/6"}],"replies":[{"embeddable":true,"href":"https:\/\/www.upo.es\/diario\/wp-json\/wp\/v2\/comments?post=30879358"}],"version-history":[{"count":9,"href":"https:\/\/www.upo.es\/diario\/wp-json\/wp\/v2\/posts\/30879358\/revisions"}],"predecessor-version":[{"id":30879372,"href":"https:\/\/www.upo.es\/diario\/wp-json\/wp\/v2\/posts\/30879358\/revisions\/30879372"}],"wp:featuredmedia":[{"embeddable":true,"href":"https:\/\/www.upo.es\/diario\/wp-json\/wp\/v2\/media\/30879359"}],"wp:attachment":[{"href":"https:\/\/www.upo.es\/diario\/wp-json\/wp\/v2\/media?parent=30879358"}],"wp:term":[{"taxonomy":"category","embeddable":true,"href":"https:\/\/www.upo.es\/diario\/wp-json\/wp\/v2\/categories?post=30879358"},{"taxonomy":"post_tag","embeddable":true,"href":"https:\/\/www.upo.es\/diario\/wp-json\/wp\/v2\/tags?post=30879358"}],"curies":[{"name":"wp","href":"https:\/\/api.w.org\/{rel}","templated":true}]}}