{"id":30879391,"date":"2023-07-20T14:39:52","date_gmt":"2023-07-20T12:39:52","guid":{"rendered":"https:\/\/www.upo.es\/diario\/?p=30879391"},"modified":"2023-07-20T14:39:52","modified_gmt":"2023-07-20T12:39:52","slug":"el-actor-roberto-quintana-afirma-que-la-cultura-en-este-pais-no-le-interesa-ni-a-la-izquierda-ni-a-la-derecha","status":"publish","type":"post","link":"https:\/\/www.upo.es\/diario\/cursos-verano\/2023\/07\/el-actor-roberto-quintana-afirma-que-la-cultura-en-este-pais-no-le-interesa-ni-a-la-izquierda-ni-a-la-derecha\/","title":{"rendered":"El actor Roberto Quintana afirma que \u201cla cultura en este pa\u00eds no le interesa ni a la izquierda ni a la derecha\u201d"},"content":{"rendered":"<figure id=\"attachment_30879393\" aria-describedby=\"caption-attachment-30879393\" style=\"width: 719px\" class=\"wp-caption aligncenter\"><a href=\"https:\/\/www.upo.es\/diario\/wp-content\/uploads\/2023\/07\/Roberto-Quintana.jpg\"><img loading=\"lazy\" decoding=\"async\" class=\"size-large wp-image-30879393\" src=\"https:\/\/www.upo.es\/diario\/wp-content\/uploads\/2023\/07\/Roberto-Quintana-719x525.jpg\" alt=\"Roberto Quintana en la sede de la UPO en Carmona\" width=\"719\" height=\"525\" srcset=\"https:\/\/www.upo.es\/diario\/wp-content\/uploads\/2023\/07\/Roberto-Quintana-719x525.jpg 719w, https:\/\/www.upo.es\/diario\/wp-content\/uploads\/2023\/07\/Roberto-Quintana-420x307.jpg 420w, https:\/\/www.upo.es\/diario\/wp-content\/uploads\/2023\/07\/Roberto-Quintana-768x561.jpg 768w, https:\/\/www.upo.es\/diario\/wp-content\/uploads\/2023\/07\/Roberto-Quintana.jpg 1147w\" sizes=\"auto, (max-width: 719px) 100vw, 719px\" \/><\/a><figcaption id=\"caption-attachment-30879393\" class=\"wp-caption-text\">Roberto Quintana en la sede de la UPO en Carmona<\/figcaption><\/figure>\n<p>El actor de teatro Roberto Quintana ha afirmado que \u00abla cultura en este pa\u00eds no le interesa ni a la izquierda ni a la derecha, es una ilustre olvidada\u00bb ya que la situaci\u00f3n actual del teatro \u00abes muy terrible y no es ni por el p\u00fablico ni por los autores ni actores, la crisis que se vive est\u00e1 provocada por las instituciones p\u00fablicas\u00bb.<\/p>\n<p>As\u00ed lo ha manifestado el actor en una entrevista con motivo de su participaci\u00f3n en el <strong>curso &#8216;La interpretaci\u00f3n del verso cl\u00e1sico del Siglo de Oro. La voz cantada, la voz hablada&#8217;<\/strong>, que coordina el catedr\u00e1tico em\u00e9rito de Interpretaci\u00f3n y que se est\u00e1 celebrando dentro del programa de los Cursos de Verano de la Universidad Pablo de Olavide en su sede de Carmona (Sevilla).<\/p>\n<p>Al hilo de la tem\u00e1tica del curso, el actor ha destacado que en Espa\u00f1a \u00abexiste un capital literario que es \u00fanico en el mundo como es el Siglo de Oro\u00bb; sin embargo, seg\u00fan Quintana \u00aben este pa\u00eds se vive una \u00e9poca en que estas cosas han perdido el valor\u00bb. Por lo que ha se\u00f1alado que a sus 77 a\u00f1os nunca ha vivido \u00abuna historia tan pobre, tan ausente, como la que vive el teatro actualmente y especialmente en Andaluc\u00eda\u00bb.<\/p>\n<p>Quintana ha considerado adem\u00e1s que<strong> \u00abel teatro ha desaparecido pr\u00e1cticamente, salvo en el caso de Madrid o de Barcelona,<\/strong> pero en Andaluc\u00eda el teatro ya no aparece en los medios de comunicaci\u00f3n, ni los escritos, ni los hablados, ni los de imagen\u00bb. Para el actor este pa\u00eds se ha convertido, y especialmente Sevilla, \u00aben una ciudad de negocio ya que aqu\u00ed lo \u00fanico que se busca es dinero y lo que interesa es el beneficio econ\u00f3mico y el teatro no da dinero, el teatro pide dinero\u00bb.<\/p>\n<p>En el caso de Andaluc\u00eda, Quintana ha declarado que la comunidad \u00abtiene un circuito de teatro que est\u00e1 gobernado por la Junta de Andaluc\u00eda y que desde hace cinco o seis a\u00f1os se viene reduciendo el presupuesto, hasta que este a\u00f1o la reducci\u00f3n ha alcanzado el 84,2% del presupuesto\u00bb, lo que es para el actor \u00abuna burla\u00bb.<\/p>\n<p>Seg\u00fan datos de un estudio al que hace referencia el actor, \u00abSevilla ten\u00eda a principios del siglo XX cerca de 60 teatros, al aire libre, cerrados, de verano, solo de verano, de todo el a\u00f1o, teatros grandes como el San Fernando, teatros peque\u00f1os, medianos, grandes, altos, bajos, etc\u00e9tera, y se han ido perdiendo, no quedan teatros, no hay sitios donde hacer teatro\u00bb.<\/p>\n<p>Ha a\u00f1adido que<strong> \u00aben teatros como el Lope de Vega y Central de Sevilla no se busca la creaci\u00f3n de espect\u00e1culos, ya que programan obras solo para tres d\u00edas y los espectadores no pueden disfrutar de las pocas obras que se dan, ya que no hay entradas\u00bb<\/strong>.<\/p>\n<p>Para finalizar, Quintana ha lamentado el hecho de que \u00ablos actores actualmente no pueden vivir del teatro, por lo que no tienen m\u00e1s remedio que desaparecer de la profesi\u00f3n y buscar otros trabajos, entonces cuando se quiere hacer una obra hay problemas reales de encontrar un reparto adecuado\u00bb.<\/p>\n<p>Fuente: Europa Press<\/p>\n","protected":false},"excerpt":{"rendered":"<p>As\u00ed lo ha manifestado el actor Roberto Quintana en una entrevista con motivo de su participaci\u00f3n en el curso &#8216;La interpretaci\u00f3n del verso cl\u00e1sico del Siglo de Oro. La voz cantada, la voz hablada&#8217;.<\/p>\n","protected":false},"author":6,"featured_media":30879393,"comment_status":"closed","ping_status":"open","sticky":false,"template":"","format":"standard","meta":{"_monsterinsights_skip_tracking":false,"_monsterinsights_sitenote_active":false,"_monsterinsights_sitenote_note":"","_monsterinsights_sitenote_category":0,"footnotes":""},"categories":[729],"tags":[2523,4360,203,401,161,95],"class_list":["post-30879391","post","type-post","status-publish","format-standard","has-post-thumbnail","hentry","category-cursos-verano","tag-artes-escenicas","tag-gestion-cultural","tag-junta-de-andalucia","tag-literatura","tag-sevilla","tag-teatro"],"_links":{"self":[{"href":"https:\/\/www.upo.es\/diario\/wp-json\/wp\/v2\/posts\/30879391","targetHints":{"allow":["GET"]}}],"collection":[{"href":"https:\/\/www.upo.es\/diario\/wp-json\/wp\/v2\/posts"}],"about":[{"href":"https:\/\/www.upo.es\/diario\/wp-json\/wp\/v2\/types\/post"}],"author":[{"embeddable":true,"href":"https:\/\/www.upo.es\/diario\/wp-json\/wp\/v2\/users\/6"}],"replies":[{"embeddable":true,"href":"https:\/\/www.upo.es\/diario\/wp-json\/wp\/v2\/comments?post=30879391"}],"version-history":[{"count":2,"href":"https:\/\/www.upo.es\/diario\/wp-json\/wp\/v2\/posts\/30879391\/revisions"}],"predecessor-version":[{"id":30879394,"href":"https:\/\/www.upo.es\/diario\/wp-json\/wp\/v2\/posts\/30879391\/revisions\/30879394"}],"wp:featuredmedia":[{"embeddable":true,"href":"https:\/\/www.upo.es\/diario\/wp-json\/wp\/v2\/media\/30879393"}],"wp:attachment":[{"href":"https:\/\/www.upo.es\/diario\/wp-json\/wp\/v2\/media?parent=30879391"}],"wp:term":[{"taxonomy":"category","embeddable":true,"href":"https:\/\/www.upo.es\/diario\/wp-json\/wp\/v2\/categories?post=30879391"},{"taxonomy":"post_tag","embeddable":true,"href":"https:\/\/www.upo.es\/diario\/wp-json\/wp\/v2\/tags?post=30879391"}],"curies":[{"name":"wp","href":"https:\/\/api.w.org\/{rel}","templated":true}]}}