{"id":30879401,"date":"2023-07-21T14:29:41","date_gmt":"2023-07-21T12:29:41","guid":{"rendered":"https:\/\/www.upo.es\/diario\/?p=30879401"},"modified":"2023-09-04T13:36:33","modified_gmt":"2023-09-04T11:36:33","slug":"la-upo-oferta-doce-grados-para-el-proximo-curso-en-la-fase-extraordinaria-de-preinscripcion","status":"publish","type":"post","link":"https:\/\/www.upo.es\/diario\/institucional\/2023\/07\/la-upo-oferta-doce-grados-para-el-proximo-curso-en-la-fase-extraordinaria-de-preinscripcion\/","title":{"rendered":"La UPO oferta doce grados para el pr\u00f3ximo curso en la fase extraordinaria de preinscripci\u00f3n"},"content":{"rendered":"<p><a href=\"https:\/\/www.upo.es\/diario\/wp-content\/uploads\/2022\/07\/estudiantes-PEvAU-UPO-scaled.jpg\"><img loading=\"lazy\" decoding=\"async\" class=\"alignright size-medium wp-image-30874057\" src=\"https:\/\/www.upo.es\/diario\/wp-content\/uploads\/2022\/07\/estudiantes-PEvAU-UPO-385x217.jpg\" alt=\"estudiantes en la UPO durante la PEvAU\" width=\"385\" height=\"217\" srcset=\"https:\/\/www.upo.es\/diario\/wp-content\/uploads\/2022\/07\/estudiantes-PEvAU-UPO-385x217.jpg 385w, https:\/\/www.upo.es\/diario\/wp-content\/uploads\/2022\/07\/estudiantes-PEvAU-UPO-750x422.jpg 750w, https:\/\/www.upo.es\/diario\/wp-content\/uploads\/2022\/07\/estudiantes-PEvAU-UPO-768x432.jpg 768w, https:\/\/www.upo.es\/diario\/wp-content\/uploads\/2022\/07\/estudiantes-PEvAU-UPO-1536x864.jpg 1536w, https:\/\/www.upo.es\/diario\/wp-content\/uploads\/2022\/07\/estudiantes-PEvAU-UPO-2048x1152.jpg 2048w\" sizes=\"auto, (max-width: 385px) 100vw, 385px\" \/><\/a>La Universidad Pablo de Olavide oferta en la fase extraordinaria de preinscripci\u00f3n doce grados para el curso acad\u00e9mico 2023\/2024. <strong>Una vez publicada la tercera y \u00faltima adjudicaci\u00f3n de plazas, el periodo de matr\u00edcula o confirmaci\u00f3n de lista de espera comienza este viernes y estar\u00e1 abierto hasta el 24 de julio<\/strong>. Alumnos y alumnas que hayan obtenido plaza en la Universidad Pablo de Olavide pueden realizar su matr\u00edcula <em>online<\/em> en <a href=\"http:\/\/www.upo.es\/matricula\">www.upo.es\/matricula<\/a>.<\/p>\n<p>De los doce grados ofertados en la fase extraordinaria, cuatro de ellos cuentan actualmente con plazas sin adjudicar y otros ocho se incluyen en previsi\u00f3n de que haya vacantes una vez que concluya el proceso de matr\u00edcula de la fase ordinaria.<\/p>\n<p><strong>Las titulaciones de la UPO con plazas sin adjudicar son:<\/strong> Humanidades; An\u00e1lisis Econ\u00f3mico; Finanzas y Contabilidad; y Geograf\u00eda e Historia. Asimismo<strong>, se ofertan en previsi\u00f3n de que haya vacantes<\/strong> los grados de Ciencias Ambientales; Derecho y <em>Bachelor of Laws<\/em> (con la Universidad de Bayreuth); Relaciones Laborales y Recursos Humanos; Sociolog\u00eda; y Traducci\u00f3n e Interpretaci\u00f3n en Alem\u00e1n y en Franc\u00e9s. Tambi\u00e9n se ofertan los dobles grados en Ciencias Ambientales y Geograf\u00eda e Historia; y en Sociolog\u00eda y Ciencias Pol\u00edticas y de la Administraci\u00f3n.<\/p>\n<p>Por otro lado, el <strong>centro adscrito San Isidoro<\/strong> oferta en esta segunda fase los grados de Administraci\u00f3n y Direcci\u00f3n de Empresas (ADE); Derecho; Comunicaci\u00f3n y Comunicaci\u00f3n Digital. Y en dobles grados, ADE y Derecho y Comunicaci\u00f3n y Comunicaci\u00f3n Digital. En previsi\u00f3n de que hubiese vacantes, tambi\u00e9n puede solicitarse el grado en Ciencias de la Actividad F\u00edsica y del Deporte.<\/p>\n<p>El proceso de adjudicaci\u00f3n de plazas para el pr\u00f3ximo curso contin\u00faa de este modo su curso y <strong>las vacantes que finalmente queden en cada uno de los grados depender\u00e1n de la evoluci\u00f3n del proceso de matr\u00edcula y de la lista de espera en cada titulaci\u00f3n<\/strong>. La primera lista de adjudicaci\u00f3n de la fase extraordinaria se har\u00e1 p\u00fablica el 27 de julio. As\u00ed, el calendario de la fase extraordinaria para el Distrito \u00danico Andaluz es el siguiente:<\/p>\n<ul>\n<li><strong>Primera Adjudicaci\u00f3n: 27 de julio<\/strong>.<br \/>\nPlazo de matr\u00edcula, reserva y\/o confirmaci\u00f3n de lista de espera: del 27 al 28 de julio<\/li>\n<li><strong>Segunda Adjudicaci\u00f3n: 4 de septiembre<\/strong>.<br \/>\n\u00daltimo plazo de matr\u00edcula y\/o confirmaci\u00f3n de lista de espera: del 4 al 6 de septiembre.<\/li>\n<li><strong>Listas de Resultas<\/strong>: a partir del 11 de septiembre.<\/li>\n<\/ul>\n<p>&nbsp;<\/p>\n<p><strong>M\u00e1s informaci\u00f3n:<\/strong><\/p>\n<ul>\n<li><a href=\"https:\/\/lajunta.es\/portaldua\">Distrito \u00danico Andaluz<\/a><\/li>\n<li>Matr\u00edcula Grados Curso 2023\/24: <a href=\"http:\/\/www.upo.es\/matricula\">upo.es\/matricula<\/a><\/li>\n<\/ul>\n","protected":false},"excerpt":{"rendered":"<p>La Universidad Pablo de Olavide oferta en la fase extraordinaria de preinscripci\u00f3n doce grados para el curso acad\u00e9mico 2023\/2024. Una vez publicada la tercera y \u00faltima adjudicaci\u00f3n de plazas, el periodo de matr\u00edcula o confirmaci\u00f3n de lista de espera comienza este viernes y estar\u00e1 abierto hasta el 24 de julio. Alumnos y alumnas que hayan obtenido plaza en la Universidad Pablo de Olavide pueden realizar su matr\u00edcula online en www.upo.es\/matricula.<\/p>\n","protected":false},"author":6,"featured_media":30874057,"comment_status":"closed","ping_status":"open","sticky":false,"template":"","format":"standard","meta":{"_monsterinsights_skip_tracking":false,"_monsterinsights_sitenote_active":false,"_monsterinsights_sitenote_note":"","_monsterinsights_sitenote_category":0,"footnotes":""},"categories":[6],"tags":[8514,717,266,743],"class_list":["post-30879401","post","type-post","status-publish","format-standard","has-post-thumbnail","hentry","category-institucional","tag-curso-2023-24","tag-distrito-unico-andaluz","tag-grados","tag-preinscripcion"],"_links":{"self":[{"href":"https:\/\/www.upo.es\/diario\/wp-json\/wp\/v2\/posts\/30879401","targetHints":{"allow":["GET"]}}],"collection":[{"href":"https:\/\/www.upo.es\/diario\/wp-json\/wp\/v2\/posts"}],"about":[{"href":"https:\/\/www.upo.es\/diario\/wp-json\/wp\/v2\/types\/post"}],"author":[{"embeddable":true,"href":"https:\/\/www.upo.es\/diario\/wp-json\/wp\/v2\/users\/6"}],"replies":[{"embeddable":true,"href":"https:\/\/www.upo.es\/diario\/wp-json\/wp\/v2\/comments?post=30879401"}],"version-history":[{"count":1,"href":"https:\/\/www.upo.es\/diario\/wp-json\/wp\/v2\/posts\/30879401\/revisions"}],"predecessor-version":[{"id":30879402,"href":"https:\/\/www.upo.es\/diario\/wp-json\/wp\/v2\/posts\/30879401\/revisions\/30879402"}],"wp:featuredmedia":[{"embeddable":true,"href":"https:\/\/www.upo.es\/diario\/wp-json\/wp\/v2\/media\/30874057"}],"wp:attachment":[{"href":"https:\/\/www.upo.es\/diario\/wp-json\/wp\/v2\/media?parent=30879401"}],"wp:term":[{"taxonomy":"category","embeddable":true,"href":"https:\/\/www.upo.es\/diario\/wp-json\/wp\/v2\/categories?post=30879401"},{"taxonomy":"post_tag","embeddable":true,"href":"https:\/\/www.upo.es\/diario\/wp-json\/wp\/v2\/tags?post=30879401"}],"curies":[{"name":"wp","href":"https:\/\/api.w.org\/{rel}","templated":true}]}}