{"id":30879418,"date":"2023-07-13T10:44:12","date_gmt":"2023-07-13T08:44:12","guid":{"rendered":"https:\/\/www.upo.es\/diario\/?p=30879418"},"modified":"2023-07-26T11:03:34","modified_gmt":"2023-07-26T09:03:34","slug":"como-se-aprende-trabajando-la-formacion-profesional-dual-cumple-10-anos","status":"publish","type":"post","link":"https:\/\/www.upo.es\/diario\/theconversation\/2023\/07\/como-se-aprende-trabajando-la-formacion-profesional-dual-cumple-10-anos\/","title":{"rendered":"\u00bfC\u00f3mo se aprende trabajando? La formaci\u00f3n profesional dual cumple 10\u00a0a\u00f1os"},"content":{"rendered":"<figure id=\"attachment_30879419\" aria-describedby=\"caption-attachment-30879419\" style=\"width: 750px\" class=\"wp-caption aligncenter\"><a href=\"https:\/\/www.upo.es\/diario\/wp-content\/uploads\/2023\/07\/20270712.jpg\"><img loading=\"lazy\" decoding=\"async\" class=\"size-large wp-image-30879419\" src=\"https:\/\/www.upo.es\/diario\/wp-content\/uploads\/2023\/07\/20270712-750x500.jpg\" alt=\"Personal t\u00e9cnico trabajando en una obra\" width=\"750\" height=\"500\" srcset=\"https:\/\/www.upo.es\/diario\/wp-content\/uploads\/2023\/07\/20270712-750x500.jpg 750w, https:\/\/www.upo.es\/diario\/wp-content\/uploads\/2023\/07\/20270712-420x280.jpg 420w, https:\/\/www.upo.es\/diario\/wp-content\/uploads\/2023\/07\/20270712-768x512.jpg 768w, https:\/\/www.upo.es\/diario\/wp-content\/uploads\/2023\/07\/20270712-1536x1023.jpg 1536w, https:\/\/www.upo.es\/diario\/wp-content\/uploads\/2023\/07\/20270712-165x109.jpg 165w, https:\/\/www.upo.es\/diario\/wp-content\/uploads\/2023\/07\/20270712-1320x879.jpg 1320w, https:\/\/www.upo.es\/diario\/wp-content\/uploads\/2023\/07\/20270712.jpg 1920w\" sizes=\"auto, (max-width: 750px) 100vw, 750px\" \/><\/a><figcaption id=\"caption-attachment-30879419\" class=\"wp-caption-text\">Monkey Business Images\/Shutterstock<\/figcaption><\/figure>\n<p><a href=\"https:\/\/theconversation.com\/profiles\/rosa-m-rodriguez-izquierdo-1173090\">Rosa M. Rodr\u00edguez-Izquierdo<\/a>, <em><a href=\"https:\/\/theconversation.com\/institutions\/universidad-pablo-de-olavide-1362\">Universidad Pablo de Olavide<\/a><\/em> y <a href=\"https:\/\/theconversation.com\/profiles\/monica-torres-sanchez-1444098\">M\u00f3nica Torres S\u00e1nchez<\/a>, <em><a href=\"https:\/\/theconversation.com\/institutions\/universidad-de-malaga-3954\">Universidad de M\u00e1laga<\/a><\/em><\/p>\n<p>La formaci\u00f3n profesional y la <a href=\"https:\/\/doi.org\/10.17979\/reipe.2017.0.07.2525\">formaci\u00f3n profesional dual (en adelante, FPD)<\/a> se han convertido en una preocupaci\u00f3n social y pol\u00edtica en los \u00faltimos a\u00f1os. La globalizaci\u00f3n, la sociedad de la informaci\u00f3n, los nuevos m\u00e9todos de producci\u00f3n, la organizaci\u00f3n del trabajo y la creciente importancia del conocimiento han creado un nuevo contexto para la relaci\u00f3n entre la educaci\u00f3n y la vida laboral.<\/p>\n<p>En Espa\u00f1a, las personas j\u00f3venes siguen soportando <a href=\"https:\/\/www.ces.es\/documents\/10180\/5306984\/Inf0123.pdf\">mayores tasas de paro y menores tasas de empleo<\/a> que la media europea comunitaria. Adem\u00e1s, se ha identificado la <a href=\"https:\/\/theconversation.com\/que-esconde-la-disyuntiva-entre-fp-o-bachillerato-170888\">baja proporci\u00f3n de j\u00f3venes en programas de formaci\u00f3n profesional<\/a> en comparaci\u00f3n con otros pa\u00edses europeos, al igual que un menor porcentaje de poblaci\u00f3n activa con cualificaciones intermedias respecto de los pa\u00edses de nuestro entorno.<\/p>\n<p>Por todo ello, se ha <a href=\"https:\/\/www.todofp.es\/dam\/jcr:5d43ab06-7cdf-4db6-a95c-b97b4a0e1b74\/220720-plan-modernizacion-fp.pdf\">puesto el foco<\/a> en la formaci\u00f3n profesional como proveedora de muchos de los perfiles profesionales que se demandar\u00e1n en los pr\u00f3ximos a\u00f1os.<\/p>\n<h3>\u00bfQu\u00e9 es la formaci\u00f3n profesional dual?<\/h3>\n<p>La FPD consiste en una modalidad formativa que implica una <a href=\"https:\/\/www.educacionyfp.gob.es\/dam\/jcr:1bc3728e-d71f-4a8e-bb99-846996d8a2f2\/i-plan-estrat-gico-de-formaci-n-profesional-del-sistema.pdf\">colaboraci\u00f3n<\/a> entre el sistema educativo y el sistema productivo. Seg\u00fan la \u00faltima <a href=\"https:\/\/www.boe.es\/buscar\/act.php?id=BOE-A-2022-5139\">ordenaci\u00f3n legislativa<\/a> en Espa\u00f1a, la FPD se ofrece en dos modalidades: general y e intensiva, seg\u00fan el tiempo que el aprendiz pase en la empresa, la significaci\u00f3n de la formaci\u00f3n y el estatus de la persona en formaci\u00f3n.<\/p>\n<p>La general, que se asocia con la que antes era la modalidad tradicional de FP, supone una formaci\u00f3n en la empresa entre el 25\u00a0% y el 35\u00a0% de la duraci\u00f3n total de la formaci\u00f3n ofertada; con una participaci\u00f3n de la empresa en hasta un 20\u00a0% de los resultados de aprendizaje del curr\u00edculo pero sin un contrato de formaci\u00f3n en la empresa.<\/p>\n<p>Por el contrario, la modalidad intensiva implica una formaci\u00f3n en alternancia con una duraci\u00f3n en la empresa de, al menos, el 35\u00a0% de la duraci\u00f3n total de la formaci\u00f3n; una participaci\u00f3n de la empresa en m\u00e1s de un 30\u00a0% de los resultados de aprendizaje y la existencia de un contrato de formaci\u00f3n con la empresa.<\/p>\n<h3>Algunas cr\u00edticas<\/h3>\n<p>La implantaci\u00f3n de la FPD no ha estado exenta de cr\u00edticas. Algunos se han referido a la FPD como una <a href=\"https:\/\/eldiariodelaeducacion.com\/2023\/05\/10\/politicas-neoliberales-en-educacion-el-caso-de-la-formacion-profesional-dual\">pol\u00edtica neoliberal<\/a> y una puerta de entrada a estrategias de privatizaci\u00f3n de la educaci\u00f3n e incluso de precarizaci\u00f3n laboral.<\/p>\n<p>Otros apuntan a la <a href=\"https:\/\/www.cedefop.europa.eu\/en\/publications\/3034\">dificultad para evaluar<\/a> la calidad de aprendizaje que tiene lugar en los distintos lugares de trabajo, la diversidad de los sistemas a trav\u00e9s de los cuales se realiza la experiencia laboral, as\u00ed como la formaci\u00f3n pedag\u00f3gica de los tutores en el lugar de trabajo y la relaci\u00f3n con los centros de FP.<\/p>\n<h3>Una apuesta europea<\/h3>\n<p>La Uni\u00f3n Europea <a href=\"https:\/\/eur-lex.europa.eu\/legal-content\/ES\/TXT\/PDF\/?uri=CELEX:32018H0502(01)&amp;from=EN\">recomienda<\/a> reforzar el aprendizaje basado en el trabajo. Desde 2013, se ha intentado apoyar y fomentar la formaci\u00f3n de aprendices en todos los pa\u00edses miembros, promoviendo la oferta y la calidad a trav\u00e9s de la <a href=\"https:\/\/ec.europa.eu\/social\/main.jsp?catId=1147&amp;langId=es\">Alianza Europea para la Formaci\u00f3n de Aprendices<\/a>.<\/p>\n<p>En 2018 se acu\u00f1\u00f3 una <a href=\"https:\/\/www.cedefop.europa.eu\/files\/4064_en.pdf\">definici\u00f3n de criterios<\/a> de referencia en el \u00e1mbito comunitario para establecer principios rectores comunes en este \u00e1mbito.<\/p>\n<h3>Diez a\u00f1os de implantaci\u00f3n desigual<\/h3>\n<p>Con motivo de los diez a\u00f1os desde la <a href=\"https:\/\/www.boe.es\/buscar\/doc.php?id=BOE-A-2012-13846\">regulaci\u00f3n de las bases<\/a> de la FPD en Espa\u00f1a, <a href=\"https:\/\/raco.cat\/index.php\/Educar\/article\/view\/327334\/417830\">implantada<\/a> en Catalu\u00f1a, Madrid, Murcia, Andaluc\u00eda y Castilla y Le\u00f3n, se ha publicado el informe <a href=\"https:\/\/www.ces.es\/documents\/10180\/5306984\/Inf0123.pdf\"><em>La formaci\u00f3n dual en Espa\u00f1a: situaci\u00f3n y perspectivas<\/em><\/a>.<\/p>\n<p>Mientras que el alumnado de formaci\u00f3n profesional que sigue este modelo es superior al 80\u00a0% en Alemania, Suiza y Pa\u00edses Bajos, y el 100\u00a0% en Dinamarca o Irlanda; en Espa\u00f1a apenas representa un 3,7\u00a0%.<\/p>\n<p>Adem\u00e1s, los datos tambi\u00e9n indican algunos obst\u00e1culos a superar, como el hecho de no contar con marco normativo \u00fanico, lo que conlleva que las diferentes comunidades aut\u00f3nomas desarrollen distintos modelos con diferentes regulaciones.<\/p>\n<p>Alcanzar el consenso pol\u00edtico y administrativo en el \u00e1mbito estatal permitir\u00eda que en Espa\u00f1a, como en Alemania, podamos contar con un marco unitario de los reglamentos de formaci\u00f3n y del dise\u00f1o marco de los planes de ense\u00f1anza, en di\u00e1logo con los interlocutores sociales, tal y como <a href=\"https:\/\/op.europa.eu\/en\/publication-detail\/-\/publication\/8f010ea2-265b-11e7-ab65-01aa75ed71a1\/language-en\">se recomend\u00f3 desde las instituciones europeas<\/a>.<\/p>\n<p>Este hecho, junto con el impacto de la covid-19, explica la falta de datos concluyentes sobre su impacto en la reducci\u00f3n del paro juvenil. Adem\u00e1s, todav\u00eda hay poco alumnado de <a href=\"https:\/\/theconversation.com\/que-es-la-formacion-profesional-basica-las-claves-educativas-contra-el-abandono-escolar-192117\">formaci\u00f3n profesional b\u00e1sica<\/a> (el itinerario m\u00e1s temprano en la etapa de educaci\u00f3n obligatoria).<\/p>\n<h3>Claves pedag\u00f3gicas<\/h3>\n<p>En este contexto, el proyecto de investigaci\u00f3n que estamos desarrollando pretende analizar cu\u00e1les son las condiciones pedag\u00f3gicas necesarias para garantizar un modelo de calidad del aprendizaje en la formaci\u00f3n profesional y qu\u00e9 aporta realmente la modalidad dual teniendo en cuenta los <a href=\"https:\/\/op.europa.eu\/es\/publication-detail\/-\/publication\/a1fd0970-8ac4-11eb-b85c-01aa75ed71a1\">principios rectores de calidad<\/a> establecidos por la Uni\u00f3n Europea (conocida por sus siglas en ingl\u00e9s <em>EFQEA<\/em>).<\/p>\n<p>De manera m\u00e1s concreta, estamos analizando los contextos y experiencias de aprendizaje desarrolladas tanto en los centros educativos como en las empresas dentro del ciclo formativo de grado superior de educaci\u00f3n infantil en Andaluc\u00eda.<\/p>\n<p>Nuestra hip\u00f3tesis de partida son que se requiere:<\/p>\n<ol>\n<li>Un mayor reconocimiento y atenci\u00f3n con respecto al lugar de trabajo como lugar de aprendizaje.<\/li>\n<li>Un tejido empresarial fuerte.<\/li>\n<\/ol>\n<p>Los resultados preliminares indican que los marcos legislativos en Espa\u00f1a, a diferencia de otros pa\u00edses europeos con una larga experiencia de implantaci\u00f3n de este modelo (Alemania, Austria y Suiza, entre otros), especifican de una manera vaga lo que se entiende como \u201clugar de trabajo como contexto de aprendizaje\u201d y que esta vaguedad influye en el aprendizaje basado en el trabajo.<\/p>\n<p>En otras palabras, existen pocas pautas en cuanto a la organizaci\u00f3n del aprendizaje en el trabajo, la divisi\u00f3n de responsabilidades y no se menciona la naturaleza de los procesos de aprendizaje en el trabajo. Por otro lado, el substrato del tejido productivo empresarial en Espa\u00f1a, donde las grandes empresas no pasan del 2\u00a0% del total, dista mucho de configuraci\u00f3n del sistema alem\u00e1n basado en grandes compa\u00f1\u00edas, lo que dificulta la implantaci\u00f3n del modelo dual en Espa\u00f1a.<\/p>\n<h3>Modalidad dual tambi\u00e9n en la universidad<\/h3>\n<p>Los retos a los que nos enfrentamos sugieren que esta modalidad formativa se va a extender tambi\u00e9n en otros niveles educativos distintos de la FP. De ah\u00ed que, recientemente <a href=\"https:\/\/www.boe.es\/buscar\/act.php?id=BOE-A-2021-15781\">se haya incluido tambi\u00e9n<\/a> la modalidad dual en el sistema universitario, a trav\u00e9s de la regulaci\u00f3n que establece la organizaci\u00f3n de las ense\u00f1anzas universitarias y del procedimiento de aseguramiento de su calidad, as\u00ed que todo apunta a que se vea su desarrollo y su consolidaci\u00f3n tras la recientemente aprobada <a href=\"https:\/\/www.boe.es\/buscar\/act.php?id=BOE-A-2023-7500\">Ley del Sistema Universitario<\/a>.<\/p>\n<p>No obstante, conviene recordar que el \u00e9xito de las reformas educativas no est\u00e1 garantizado exclusivamente por la aprobaci\u00f3n de leyes o normas, sino que dependen de las condiciones de posibilidad que existen en un determinado contexto. En el caso concreto de la formaci\u00f3n profesional a trav\u00e9s de la implantaci\u00f3n de la modalidad dual no garantiza <em>per ser<\/em> la calidad de los aprendizaje.<\/p>\n<p><a href=\"https:\/\/theconversation.com\/profiles\/rosa-m-rodriguez-izquierdo-1173090\">Rosa M. Rodr\u00edguez-Izquierdo<\/a>, Profesora Titular Dpto. Educaci\u00f3n y Psicolog\u00eda Social, <em><a href=\"https:\/\/theconversation.com\/institutions\/universidad-pablo-de-olavide-1362\">Universidad Pablo de Olavide<\/a><\/em> y <a href=\"https:\/\/theconversation.com\/profiles\/monica-torres-sanchez-1444098\">M\u00f3nica Torres S\u00e1nchez<\/a>, Profesora Titular en Teor\u00eda e Historia de la Educaci\u00f3n, <em><a href=\"https:\/\/theconversation.com\/institutions\/universidad-de-malaga-3954\">Universidad de M\u00e1laga<\/a><\/em><\/p>\n<p>Este art\u00edculo fue publicado originalmente en <a href=\"https:\/\/theconversation.com\">The Conversation<\/a>. Lea el <a href=\"https:\/\/theconversation.com\/como-se-aprende-trabajando-la-formacion-profesional-dual-cumple-10-anos-206346\">original<\/a>.<\/p>\n<p><img loading=\"lazy\" decoding=\"async\" style=\"border: none !important; box-shadow: none !important; margin: 0 !important; max-height: 1px !important; max-width: 1px !important; min-height: 1px !important; min-width: 1px !important; opacity: 0 !important; outline: none !important; padding: 0 !important;\" src=\"https:\/\/counter.theconversation.com\/content\/206346\/count.gif?distributor=republish-lightbox-advanced\" alt=\"The Conversation\" width=\"1\" height=\"1\" \/><\/p>\n","protected":false},"excerpt":{"rendered":"<p>La FPD consiste en una modalidad formativa que implica una colaboraci\u00f3n entre el sistema educativo y el sistema productivo.<\/p>\n","protected":false},"author":6,"featured_media":30879419,"comment_status":"closed","ping_status":"open","sticky":false,"template":"","format":"standard","meta":{"_monsterinsights_skip_tracking":false,"_monsterinsights_sitenote_active":false,"_monsterinsights_sitenote_note":"","_monsterinsights_sitenote_category":0,"footnotes":""},"categories":[5390],"tags":[115,1109],"class_list":["post-30879418","post","type-post","status-publish","format-standard","has-post-thumbnail","hentry","category-theconversation","tag-aprendizaje","tag-formacion-profesional"],"_links":{"self":[{"href":"https:\/\/www.upo.es\/diario\/wp-json\/wp\/v2\/posts\/30879418","targetHints":{"allow":["GET"]}}],"collection":[{"href":"https:\/\/www.upo.es\/diario\/wp-json\/wp\/v2\/posts"}],"about":[{"href":"https:\/\/www.upo.es\/diario\/wp-json\/wp\/v2\/types\/post"}],"author":[{"embeddable":true,"href":"https:\/\/www.upo.es\/diario\/wp-json\/wp\/v2\/users\/6"}],"replies":[{"embeddable":true,"href":"https:\/\/www.upo.es\/diario\/wp-json\/wp\/v2\/comments?post=30879418"}],"version-history":[{"count":4,"href":"https:\/\/www.upo.es\/diario\/wp-json\/wp\/v2\/posts\/30879418\/revisions"}],"predecessor-version":[{"id":30879423,"href":"https:\/\/www.upo.es\/diario\/wp-json\/wp\/v2\/posts\/30879418\/revisions\/30879423"}],"wp:featuredmedia":[{"embeddable":true,"href":"https:\/\/www.upo.es\/diario\/wp-json\/wp\/v2\/media\/30879419"}],"wp:attachment":[{"href":"https:\/\/www.upo.es\/diario\/wp-json\/wp\/v2\/media?parent=30879418"}],"wp:term":[{"taxonomy":"category","embeddable":true,"href":"https:\/\/www.upo.es\/diario\/wp-json\/wp\/v2\/categories?post=30879418"},{"taxonomy":"post_tag","embeddable":true,"href":"https:\/\/www.upo.es\/diario\/wp-json\/wp\/v2\/tags?post=30879418"}],"curies":[{"name":"wp","href":"https:\/\/api.w.org\/{rel}","templated":true}]}}