{"id":30879436,"date":"2023-07-20T12:15:18","date_gmt":"2023-07-20T10:15:18","guid":{"rendered":"https:\/\/www.upo.es\/diario\/?p=30879436"},"modified":"2023-07-26T12:27:23","modified_gmt":"2023-07-26T10:27:23","slug":"quien-teme-al-amor-entre-dos-mujeres-orlando-de-virginia-woolf","status":"publish","type":"post","link":"https:\/\/www.upo.es\/diario\/theconversation\/2023\/07\/quien-teme-al-amor-entre-dos-mujeres-orlando-de-virginia-woolf\/","title":{"rendered":"\u00bfQui\u00e9n teme al amor entre dos mujeres? \u2018Orlando\u2019, de Virginia\u00a0Woolf"},"content":{"rendered":"<figure id=\"attachment_30879437\" aria-describedby=\"caption-attachment-30879437\" style=\"width: 750px\" class=\"wp-caption aligncenter\"><img loading=\"lazy\" decoding=\"async\" class=\"size-large wp-image-30879437\" src=\"https:\/\/www.upo.es\/diario\/wp-content\/uploads\/2023\/07\/20270720-750x414.jpg\" alt=\"Charlotte Valandrey y Tilda Swinton en la adaptaci\u00f3n cinematogr\u00e1fica de \u2018Orlando\u2019, de Virginia Woolf, dirigida por Sally Potter. IMDB\" width=\"750\" height=\"414\" srcset=\"https:\/\/www.upo.es\/diario\/wp-content\/uploads\/2023\/07\/20270720-750x414.jpg 750w, https:\/\/www.upo.es\/diario\/wp-content\/uploads\/2023\/07\/20270720-420x232.jpg 420w, https:\/\/www.upo.es\/diario\/wp-content\/uploads\/2023\/07\/20270720-768x424.jpg 768w, https:\/\/www.upo.es\/diario\/wp-content\/uploads\/2023\/07\/20270720-1536x847.jpg 1536w, https:\/\/www.upo.es\/diario\/wp-content\/uploads\/2023\/07\/20270720-1320x728.jpg 1320w, https:\/\/www.upo.es\/diario\/wp-content\/uploads\/2023\/07\/20270720.jpg 1920w\" sizes=\"auto, (max-width: 750px) 100vw, 750px\" \/><figcaption id=\"caption-attachment-30879437\" class=\"wp-caption-text\">Charlotte Valandrey y Tilda Swinton en la adaptaci\u00f3n cinematogr\u00e1fica de \u2018Orlando\u2019, de Virginia Woolf, dirigida por Sally Potter. IMDB<\/figcaption><\/figure>\n<p><a href=\"https:\/\/theconversation.com\/profiles\/daniel-nisa-caceres-1372305\">Daniel Nisa C\u00e1ceres<\/a>, <em><a href=\"https:\/\/theconversation.com\/institutions\/universidad-pablo-de-olavide-1362\">Universidad Pablo de Olavide<\/a><\/em><\/p>\n<p>Con los a\u00f1os acumulamos vivencias y lecturas. Luego nuestra memoria las dispone a su antojo. La m\u00eda ubica la segunda parte de <em>Don Quijote<\/em> antes de <em>Orlando<\/em>. Y <em>Rebeli\u00f3n en la granja<\/em> justo despu\u00e9s. O tal vez no fuera as\u00ed. Cuesta distinguir qu\u00e9 son recuerdos e historia y qu\u00e9 es ficci\u00f3n. Sea como sea, concatenar estas experiencias privadas como lector tiene sentido, pues las tres conversan entre s\u00ed en el idioma de la libertad.<\/p>\n<p>Virginia Woolf public\u00f3 <a href=\"https:\/\/es.wikipedia.org\/wiki\/Orlando_(novela)\"><em>Orlando: una biograf\u00eda<\/em><\/a> en 1928, en su propio sello editorial. Fue un \u00e9xito de ventas que alivi\u00f3 sustancialmente sus apuros econ\u00f3micos.<\/p>\n<p>La trama recorre los cinco siglos de periplo vital de Orlando, un arist\u00f3crata y literato nacido en plena Inglaterra isabelina. Este no solo deja de envejecer, sino que una ma\u00f1ana del siglo XIX se despierta mujer.<\/p>\n<p>La progresi\u00f3n narrativa es lineal. Comienza con un joven Orlando de diecis\u00e9is a\u00f1os abrumado por la visita de la reina Isabel I a su casa solariega, y concluye en 1928. Estos hitos temporales permiten a Woolf proyectar las luces y sombras del imperio brit\u00e1nico, sin olvidar el rancio abolengo de la familia Sackville-West partiendo de su antepasado, el c\u00e9lebre autor Thomas Sackville (1536\u20131608).<\/p>\n<h3>\u00bfQui\u00e9n fue Vita Sackville-West?<\/h3>\n<p>La evidente carga autobiogr\u00e1fica es propia y ajena. Woolf se inspira en Victoria Mary Sackville-West (1892-1962) para crear a su protagonista. Arist\u00f3crata y nieta de la bailaora malague\u00f1a Pepita de Oliva, Vita, como se la conoc\u00eda, era tambi\u00e9n novelista y poeta.<\/p>\n<p>Ambas fueron amantes por un tiempo. No hay nada m\u00e1s revelador y elocuente que <a href=\"https:\/\/www.jstor.org\/stable\/24906454\">la misiva que Woolf le dirige en 1927<\/a>. El hallazgo feliz de un t\u00edtulo redondo, reconoce Woolf, la saca de un bloqueo y la sumerge en un furor creativo. Pero ojo, contin\u00faa: \u201csup\u00f3n que Orlando resulta ser Vita; y que trata sobre ti y sobre tus deseos carnales y tu atractivo espiritual\u201d.<\/p>\n<p>Woolf no se anda con rodeos: le advierte que hallar\u00e1 safismo en <em>Orlando<\/em>. Es decir, el amor entre mujeres en un sentido muy amplio. En este caso, el suyo.<\/p>\n<p>Este empe\u00f1o literario lleg\u00f3 a t\u00e9rmino y qued\u00f3 inmortalizado con <a href=\"https:\/\/www.smith.edu\/libraries\/libs\/rarebook\/exhibitions\/penandpress\/case11a.htm\">una dedicatoria<\/a> a la que ser\u00eda su lectora primordial, en su sentido m\u00e1s etimol\u00f3gico. No es casualidad <a href=\"https:\/\/www.penguinlibros.com\/es\/biografias\/30867-libro-retrato-de-un-matrimonio-9788426418937\">que el hijo de Sackville-West considerara al libro<\/a> \u201cla carta de amor m\u00e1s extensa y fascinante de la literatura\u201d.<\/p>\n<h3>Fantas\u00eda y verdad en tenso equilibrio<\/h3>\n<figure class=\"align-right zoomable\">\n<p><figure style=\"width: 339px\" class=\"wp-caption alignright\"><a href=\"https:\/\/images.theconversation.com\/files\/536534\/original\/file-20230710-19-ivzyp1.jpg?ixlib=rb-1.1.0&amp;q=45&amp;auto=format&amp;w=1000&amp;fit=clip\"><img loading=\"lazy\" decoding=\"async\" src=\"https:\/\/images.theconversation.com\/files\/536534\/original\/file-20230710-19-ivzyp1.jpg?ixlib=rb-1.1.0&amp;q=45&amp;auto=format&amp;w=237&amp;fit=clip\" sizes=\"auto, (min-width: 1466px) 754px, (max-width: 599px) 100vw, (min-width: 600px) 600px, 237px\" srcset=\"https:\/\/images.theconversation.com\/files\/536534\/original\/file-20230710-19-ivzyp1.jpg?ixlib=rb-1.1.0&amp;q=45&amp;auto=format&amp;w=600&amp;h=947&amp;fit=crop&amp;dpr=1 600w, https:\/\/images.theconversation.com\/files\/536534\/original\/file-20230710-19-ivzyp1.jpg?ixlib=rb-1.1.0&amp;q=30&amp;auto=format&amp;w=600&amp;h=947&amp;fit=crop&amp;dpr=2 1200w, https:\/\/images.theconversation.com\/files\/536534\/original\/file-20230710-19-ivzyp1.jpg?ixlib=rb-1.1.0&amp;q=15&amp;auto=format&amp;w=600&amp;h=947&amp;fit=crop&amp;dpr=3 1800w, https:\/\/images.theconversation.com\/files\/536534\/original\/file-20230710-19-ivzyp1.jpg?ixlib=rb-1.1.0&amp;q=45&amp;auto=format&amp;w=754&amp;h=1191&amp;fit=crop&amp;dpr=1 754w, https:\/\/images.theconversation.com\/files\/536534\/original\/file-20230710-19-ivzyp1.jpg?ixlib=rb-1.1.0&amp;q=30&amp;auto=format&amp;w=754&amp;h=1191&amp;fit=crop&amp;dpr=2 1508w, https:\/\/images.theconversation.com\/files\/536534\/original\/file-20230710-19-ivzyp1.jpg?ixlib=rb-1.1.0&amp;q=15&amp;auto=format&amp;w=754&amp;h=1191&amp;fit=crop&amp;dpr=3 2262w\" alt=\"Portada de un libro con la ilustraci\u00f3n de un hombre de rostro alargado vestido de caballero.\" width=\"339\" height=\"535\" \/><\/a><figcaption class=\"wp-caption-text\">Primera edici\u00f3n del Orlando: una biograf\u00eda, de Virginia Woolf, en ingl\u00e9s. The Hogarth Press, 1928. Wikimedia Commons<\/figcaption><\/figure><figcaption><\/figcaption><\/figure>\n<p>Para Woolf, la premisa de partida en <em>Orlando<\/em> fue equilibrar lo verdadero y lo fant\u00e1stico. Esta paradoja le permiti\u00f3 calibrar la recepci\u00f3n de lo que casi un siglo despu\u00e9s sigue siendo para algunos \u2013lamentablemente\u2013 materia delicada. Es decir, el amor por el mismo sexo.<\/p>\n<p>Este resultaba m\u00e1s evidente cuanto mayor era la cercan\u00eda a su c\u00edrculo familiar y personal, con Vita como epicentro. Woolf ocult\u00f3 a plena vista la fuerza del deseo. Toda una haza\u00f1a en una \u00e9poca y una cultura que censuraban f\u00e9rreamente no solo las representaciones de la homosexualidad, sino en gran medida la expresi\u00f3n de las emociones.<\/p>\n<p>Sin embargo, <em>Orlando<\/em> tal vez sea la m\u00e1s accesible de sus obras de ficci\u00f3n. Le quiso dar un tono medio par\u00f3dico, medio serio. No tiene nada que ver con los flujos de consciencia y otras t\u00e9cnicas narrativas complejas que usa para captar fieles instant\u00e1neas de los procesos mentales de sus personajes en <em>La se\u00f1ora Dalloway<\/em> (1925) y <em>Al faro<\/em> (1927). Tampoco con su forma de escribir habitual, m\u00e1s exigente y prolija, rasgos que tambi\u00e9n caracterizan a James Joyce o Marcel Proust.<\/p>\n<h3>\u00bfQu\u00e9 significa ser mujer?<\/h3>\n<p>Woolf busca, adem\u00e1s, visibilizar los patrones de desigualdad y opresi\u00f3n que ha sufrido hist\u00f3ricamente la mujer. En especial, su faceta como creadora art\u00edstica.<\/p>\n<p>La transmutaci\u00f3n a un cuerpo femenino de Orlando marca un punto de inflexi\u00f3n. Es aqu\u00ed cuando \u2013en una sociedad como la victoriana que separaba a hombres y mujeres en esferas opuestas\u2013 el personaje comienza a entender en sus carnes el precio de ser mujer, de no poseer la independencia econ\u00f3mica y el \u201ccuarto propio\u201d que Woolf reivindic\u00f3 en su <a href=\"https:\/\/es.wikipedia.org\/wiki\/Una_habitaci%C3%B3n_propia\">ensayo hom\u00f3nimo<\/a> (1929).<\/p>\n<p>Su conciencia cabal de una injusticia milenaria apela al sentido cr\u00edtico del lector com\u00fan. La propia Vita no pudo heredar la mansi\u00f3n familiar \u2013en cuyo remedo crece Orlando\u2013 por ser mujer. Aqu\u00ed no hay fantas\u00eda, sino s\u00f3rdida realidad: es decir, los lastres impuestos a la creaci\u00f3n, difusi\u00f3n y preservaci\u00f3n del arte de autor\u00eda femenina a lo largo de la historia y en un momento concreto de ella.<\/p>\n<figure class=\"align-center zoomable\">\n<p><figure style=\"width: 376px\" class=\"wp-caption alignright\"><img loading=\"lazy\" decoding=\"async\" src=\"https:\/\/images.theconversation.com\/files\/536524\/original\/file-20230710-17-89rs93.jpg?ixlib=rb-1.1.0&amp;rect=0%2C12%2C2044%2C1401&amp;q=45&amp;auto=format&amp;w=754&amp;fit=clip\" sizes=\"auto, (min-width: 1466px) 754px, (max-width: 599px) 100vw, (min-width: 600px) 600px, 237px\" srcset=\"https:\/\/images.theconversation.com\/files\/536524\/original\/file-20230710-17-89rs93.jpg?ixlib=rb-1.1.0&amp;q=45&amp;auto=format&amp;w=600&amp;h=415&amp;fit=crop&amp;dpr=1 600w, https:\/\/images.theconversation.com\/files\/536524\/original\/file-20230710-17-89rs93.jpg?ixlib=rb-1.1.0&amp;q=30&amp;auto=format&amp;w=600&amp;h=415&amp;fit=crop&amp;dpr=2 1200w, https:\/\/images.theconversation.com\/files\/536524\/original\/file-20230710-17-89rs93.jpg?ixlib=rb-1.1.0&amp;q=15&amp;auto=format&amp;w=600&amp;h=415&amp;fit=crop&amp;dpr=3 1800w, https:\/\/images.theconversation.com\/files\/536524\/original\/file-20230710-17-89rs93.jpg?ixlib=rb-1.1.0&amp;q=45&amp;auto=format&amp;w=754&amp;h=522&amp;fit=crop&amp;dpr=1 754w, https:\/\/images.theconversation.com\/files\/536524\/original\/file-20230710-17-89rs93.jpg?ixlib=rb-1.1.0&amp;q=30&amp;auto=format&amp;w=754&amp;h=522&amp;fit=crop&amp;dpr=2 1508w, https:\/\/images.theconversation.com\/files\/536524\/original\/file-20230710-17-89rs93.jpg?ixlib=rb-1.1.0&amp;q=15&amp;auto=format&amp;w=754&amp;h=522&amp;fit=crop&amp;dpr=3 2262w\" alt=\"Una mujer andr\u00f3gina vestida de \u00e9poca mira fuera de encuadre mientras sujeta las riendas de un caballo.\" width=\"376\" height=\"260\" \/><figcaption class=\"wp-caption-text\">Fotograma de Tilda Swinton en \u2018Orlando\u2019, adaptaci\u00f3n cinematogr\u00e1fica de la novela de Virginia Woolf dirigida por Sally Potter. IMDB<\/figcaption><\/figure><\/figure>\n<h3>Dos cuerpos, una mente: antecedentes literarios de <em>Orlando<\/em><\/h3>\n<p>Ya el escritor romano Apuleyo transform\u00f3 en <em>rucio<\/em> al pobre Lucio en <a href=\"https:\/\/es.wikipedia.org\/wiki\/Las_metamorfosis_(Apuleyo)\"><em>El asno de oro<\/em><\/a> (siglo II). Y Franz Kafka (1883-1924), en grotesco insecto a Gregor Samsa en <a href=\"https:\/\/es.wikipedia.org\/wiki\/La_metamorfosis\"><em>La metamorfosis<\/em><\/a> (1915). A su vez, en <a href=\"https:\/\/theconversation.com\/el-modernismo-de-un-ulises-casi-centenario-llega-al-siglo-xxi-153901\"><em>Ulises<\/em><\/a> (1922) encontramos a Stephen Dedalus y Leopold Bloom reflexionando sobre el concepto de la transmigraci\u00f3n de las almas o reencarnaci\u00f3n.<\/p>\n<p>M\u00e1s cercano a <em>Orlando<\/em> es el paradigma que aporta la mitolog\u00eda griega. Las divinidades ol\u00edmpicas adoptan todo tipo de guisas, humanas y no humanas. En sus ardides e intrigas todo vale, incluido cambiar de sexo.<\/p>\n<p>Pero el referente m\u00e1s sugerente puede que sea un mortal. En <a href=\"https:\/\/es.wikipedia.org\/wiki\/Las_metamorfosis\"><em>Las metamorfosis<\/em><\/a>, el poeta romano Ovidio cuenta c\u00f3mo Ifis, que nace ni\u00f1a, es criada como ni\u00f1o, se enamora de una chica y es transformada en hombre por la diosa Isis.<\/p>\n<p>En esta misma obra tambi\u00e9n leemos que <a href=\"https:\/\/es.wikipedia.org\/wiki\/Tiresias\">Tiresias<\/a> \u2013personaje de la <em>Odisea<\/em> o de la tragedia <em>Edipo Rey<\/em>\u2013 es transformado en mujer. A\u00f1os m\u00e1s tarde, y tras ser madre, vuelve a convertirse en hombre.<\/p>\n<p>Hera le arrebata la vista cuando, en una apuesta entre ella y Zeus, Tiresias le da la raz\u00f3n a este \u00faltimo, con conocimiento de causa, defendiendo que la mujer siente infinitamente m\u00e1s placer que el hombre. Agradecido, Zeus le concede el don de la adivinaci\u00f3n y prolonga su vida, lo que le otorga inmensa sabidur\u00eda para mediar entre dioses, mortales y el m\u00e1s all\u00e1.<\/p>\n<h3><em>Orlando<\/em>, inclasificable y proteica<\/h3>\n<p>Como su protagonista, dej\u00e9monos llevar por la corriente del tiempo y asumamos que este texto literario es cambiante y varias cosas a la vez.<\/p>\n<p>Es una novela que codifica personajes y situaciones reales en diverso grado e intensidad. Su fantas\u00eda imaginativa es asimismo un veh\u00edculo privilegiado para la cr\u00edtica social indirecta, en especial la marginaci\u00f3n o no inclusi\u00f3n de innumerables escritoras en el canon literario. En definitiva, esta abigarrada y multicolor s\u00e1tira biogr\u00e1fica cuestiona la delimitaci\u00f3n estricta de la historia en per\u00edodos. Nadie se acuesta en una \u00e9poca y amanece en otra por mucho que Orlando cambie de sexo en similares circunstancias.<\/p>\n<p>Nunca entenderemos la esencia de <em>Orlando<\/em> mejor que Vita Sackville-West y la propia Virginia Woolf, pero nuestra libertad para emocionarnos con su literatura es, y debe seguir siendo, inalienable.<\/p>\n<p><a href=\"https:\/\/theconversation.com\/profiles\/daniel-nisa-caceres-1372305\">Daniel Nisa C\u00e1ceres<\/a>, Profesor de Filolog\u00eda Inglesa, Departamento de Filolog\u00eda y Traducci\u00f3n, <em><a href=\"https:\/\/theconversation.com\/institutions\/universidad-pablo-de-olavide-1362\">Universidad Pablo de Olavide<\/a><\/em><\/p>\n<p>Este art\u00edculo fue publicado originalmente en <a href=\"https:\/\/theconversation.com\">The Conversation<\/a>. Lea el <a href=\"https:\/\/theconversation.com\/quien-teme-al-amor-entre-dos-mujeres-orlando-de-virginia-woolf-209304\">original<\/a>.<br \/>\n<img loading=\"lazy\" decoding=\"async\" style=\"border: none !important; box-shadow: none !important; margin: 0 !important; max-height: 1px !important; max-width: 1px !important; min-height: 1px !important; min-width: 1px !important; opacity: 0 !important; outline: none !important; padding: 0 !important;\" src=\"https:\/\/counter.theconversation.com\/content\/209304\/count.gif?distributor=republish-lightbox-advanced\" alt=\"The Conversation\" width=\"1\" height=\"1\" \/><\/p>\n","protected":false},"excerpt":{"rendered":"<p>Virginia Woolf public\u00f3 Orlando: una biograf\u00eda en 1928, en su propio sello editorial. Fue un \u00e9xito de ventas que alivi\u00f3 sustancialmente sus apuros econ\u00f3micos.<\/p>\n","protected":false},"author":6,"featured_media":30879437,"comment_status":"closed","ping_status":"open","sticky":false,"template":"","format":"standard","meta":{"_monsterinsights_skip_tracking":false,"_monsterinsights_sitenote_active":false,"_monsterinsights_sitenote_note":"","_monsterinsights_sitenote_category":0,"footnotes":""},"categories":[5390],"tags":[],"class_list":["post-30879436","post","type-post","status-publish","format-standard","has-post-thumbnail","hentry","category-theconversation"],"_links":{"self":[{"href":"https:\/\/www.upo.es\/diario\/wp-json\/wp\/v2\/posts\/30879436","targetHints":{"allow":["GET"]}}],"collection":[{"href":"https:\/\/www.upo.es\/diario\/wp-json\/wp\/v2\/posts"}],"about":[{"href":"https:\/\/www.upo.es\/diario\/wp-json\/wp\/v2\/types\/post"}],"author":[{"embeddable":true,"href":"https:\/\/www.upo.es\/diario\/wp-json\/wp\/v2\/users\/6"}],"replies":[{"embeddable":true,"href":"https:\/\/www.upo.es\/diario\/wp-json\/wp\/v2\/comments?post=30879436"}],"version-history":[{"count":2,"href":"https:\/\/www.upo.es\/diario\/wp-json\/wp\/v2\/posts\/30879436\/revisions"}],"predecessor-version":[{"id":30879439,"href":"https:\/\/www.upo.es\/diario\/wp-json\/wp\/v2\/posts\/30879436\/revisions\/30879439"}],"wp:featuredmedia":[{"embeddable":true,"href":"https:\/\/www.upo.es\/diario\/wp-json\/wp\/v2\/media\/30879437"}],"wp:attachment":[{"href":"https:\/\/www.upo.es\/diario\/wp-json\/wp\/v2\/media?parent=30879436"}],"wp:term":[{"taxonomy":"category","embeddable":true,"href":"https:\/\/www.upo.es\/diario\/wp-json\/wp\/v2\/categories?post=30879436"},{"taxonomy":"post_tag","embeddable":true,"href":"https:\/\/www.upo.es\/diario\/wp-json\/wp\/v2\/tags?post=30879436"}],"curies":[{"name":"wp","href":"https:\/\/api.w.org\/{rel}","templated":true}]}}