{"id":30879473,"date":"2023-07-28T12:20:57","date_gmt":"2023-07-28T10:20:57","guid":{"rendered":"https:\/\/www.upo.es\/diario\/?p=30879473"},"modified":"2023-09-06T11:49:05","modified_gmt":"2023-09-06T09:49:05","slug":"la-upo-participa-en-la-noche-europea-de-ls-investigadors-2023-cita-anual-con-la-ciencia-que-se-celebrara-el-29-de-septiembre","status":"publish","type":"post","link":"https:\/\/www.upo.es\/diario\/docencia-formacion\/2023\/07\/la-upo-participa-en-la-noche-europea-de-ls-investigadors-2023-cita-anual-con-la-ciencia-que-se-celebrara-el-29-de-septiembre\/","title":{"rendered":"La UPO participa en \u2018La Noche Europea de l@s Investigador@s\u2019, cita anual con la ciencia que se celebrar\u00e1 el 29 de septiembre"},"content":{"rendered":"<p><a href=\"https:\/\/lanochedelosinvestigadores.fundaciondescubre.es\/sevilla\/\"><img loading=\"lazy\" decoding=\"async\" class=\"aligncenter size-full wp-image-30879474\" src=\"https:\/\/www.upo.es\/diario\/wp-content\/uploads\/2023\/07\/NocheInvestigadores_663x160_2_2023.jpg\" alt=\"\u2018La Noche Europea de l@s Investigador@s\u2019 2023 - 29 de septiembre de 18 a 23 horas\" width=\"663\" height=\"160\" srcset=\"https:\/\/www.upo.es\/diario\/wp-content\/uploads\/2023\/07\/NocheInvestigadores_663x160_2_2023.jpg 663w, https:\/\/www.upo.es\/diario\/wp-content\/uploads\/2023\/07\/NocheInvestigadores_663x160_2_2023-420x101.jpg 420w\" sizes=\"auto, (max-width: 663px) 100vw, 663px\" \/><\/a>La Universidad Pablo de Olavide participa por d\u00e9cimo a\u00f1o consecutivo en la organizaci\u00f3n de <a href=\"https:\/\/lanochedelosinvestigadores.fundaciondescubre.es\/sevilla\/\">\u2018La Noche Europea de l@s Investigador@s\u2019 de Sevilla<\/a>, un <strong><a href=\"https:\/\/www.upo.es\/diario\/docencia-formacion\/2021\/04\/la-fundacion-descubre-obtiene-financiacion-europea-para-celebrar-en-andalucia-la-noche-europea-de-los-investigadores-en-2021\/\">evento internacional de divulgaci\u00f3n cient\u00edfica<\/a><\/strong>\u00a0que coordina la\u00a0<a href=\"https:\/\/fundaciondescubre.es\/\">Fundaci\u00f3n Descubre<\/a> y que promueve la Comisi\u00f3n Europea dentro de las Marie Sk\u0142odowska-Curie Actions and Citizens del programa Horizonte Europa. Las actividades de la UPO han sido coordinadas por la <a href=\"https:\/\/www.upo.es\/otri\">Oficina de Transferencia de Resultados de Investigaci\u00f3n (OTRI)<\/a>.<\/p>\n<p>As\u00ed, en la ciudad de Sevilla y<strong> con el lema &#8216;Mujeres y hombres que hacen ciencia para ti&#8217;<\/strong>, el <strong>viernes 29 de septiembre de 2023<\/strong>, investigadores e investigadoras de la Universidad Pablo de Olavide, la Universidad de Sevilla, el Consejo Superior de Investigaciones Cient\u00edficas, a trav\u00e9s de la Casa de la Ciencia, el Centro Com\u00fan de Investigaci\u00f3n (JRC) de la Comisi\u00f3n Europea, el Instituto de Patrimonio Hist\u00f3rico Andaluz (IPHA), el Instituto de Biomedicina de Sevilla (IBIS), la Universidad Loyola y el \u00e1rea de Salud del Ayuntamiento de Sevilla<strong>,<\/strong> acercar\u00e1n su trabajo a la ciudadan\u00eda a trav\u00e9s de actividades \u2014experimentos, talleres, experiencias, rutas, representaciones teatrales, etc.\u2014 de todas las \u00e1reas de conocimiento. El objetivo es dar a conocer el trabajo cient\u00edfico, los beneficios que aportan a la sociedad y su repercusi\u00f3n en la vida cotidiana.<\/p>\n<p>Las actividades se desarrollar\u00e1n <strong>en horario de 18:00 a 23:00 horas<\/strong>, en <strong>carpas ubicadas en la<\/strong> <strong>Plaza Nueva, y en la Plaza de San Francisco, as\u00ed como en diferentes espacios de la Fundaci\u00f3n Cajasol en su sede de la Plaza de San Francisco, gracias al acuerdo de colaboraci\u00f3n con esta entidad<\/strong>. Adem\u00e1s, en el <strong>Archivo de Indias<\/strong> tendr\u00e1 lugar una charla preliminar de la Noche. \u00a0Todas las actividades tienen entrada<strong> libre hasta completar el aforo.<\/strong><\/p>\n<p><img loading=\"lazy\" decoding=\"async\" class=\"alignright size-full wp-image-30879475\" src=\"https:\/\/www.upo.es\/diario\/wp-content\/uploads\/2023\/07\/Noche-Investigadores-2023-Perfil-Tw-y-Fb.jpg\" alt=\"Organizadores de \u2018La Noche Europea de l@s Investigador@s\u2019 2023\" width=\"334\" height=\"334\" srcset=\"https:\/\/www.upo.es\/diario\/wp-content\/uploads\/2023\/07\/Noche-Investigadores-2023-Perfil-Tw-y-Fb.jpg 334w, https:\/\/www.upo.es\/diario\/wp-content\/uploads\/2023\/07\/Noche-Investigadores-2023-Perfil-Tw-y-Fb-300x300.jpg 300w\" sizes=\"auto, (max-width: 334px) 100vw, 334px\" \/>En <a href=\"https:\/\/lanochedelosinvestigadores.fundaciondescubre.es\/sevilla\/\"><strong>la<\/strong> <strong>web de \u2018La Noche Europea de l@s Investigador@s<\/strong><\/a>\u2019 se ofrece informaci\u00f3n ampliada de todas las actividades que se celebran, as\u00ed como informaci\u00f3n de los investigadores e investigadoras protagonistas.\u00a0 En la <strong><a href=\"https:\/\/www.upo.es\/cms3\/export\/sites\/otri-cms3\/otri\/cultura-cientifica\/.galleries\/DOCUMENTOS-Historico-CULTURA-CIENTIFICA\/PROGRAMA-NOCHE-2023UPO.pdf\">programaci\u00f3n dise\u00f1ada por la Universidad Pablo de Olavide<\/a><\/strong> colaboran el <strong>Centro Andaluz de Biolog\u00eda del Desarrollo (CABD)<\/strong>, la <strong>Asociaci\u00f3n de Biotecn\u00f3logos de Andaluc\u00eda (AsBAn) y la Asociaci\u00f3n Cultural y de Recreaci\u00f3n Hist\u00f3rica, Tercio de Olivares. Adem\u00e1s de<\/strong> <strong>la implicaci\u00f3n del personal cient\u00edfico, protagonistas del proyecto<\/strong>, <strong><em>La Noche<\/em><\/strong><strong> cuenta con la colaboraci\u00f3n de <\/strong><strong>estudiantes de diferentes facultades de nuestra universidad<\/strong><strong>. <\/strong><\/p>\n<p>\u2018La Noche Europea de l@s Investigador@s\u2019 es un proyecto de divulgaci\u00f3n cient\u00edfica promovido por la Comisi\u00f3n Europea dentro de las Marie Sk\u0142odowska-Curie Actions and Citizens del programa Horizonte Europa, coordinado en Andaluc\u00eda por la Fundaci\u00f3n Descubre con financiaci\u00f3n de la Consejer\u00eda de Transformaci\u00f3n Econ\u00f3mica, Industria, Conocimiento y Universidades.<\/p>\n<p>Conforman el consorcio del proyecto de \u2018La Noche Europea de l@s Investigador@s\u2019 en Andaluc\u00eda \u2018OPENResearchers\u2019, las Universidades de Almer\u00eda, C\u00e1diz, C\u00f3rdoba, Granada, Huelva, Ja\u00e9n, M\u00e1laga, Pablo de Olavide y Sevilla, ocho centros del CSIC (la Casa de la Ciencia, el Instituto de Astrof\u00edsica de Andaluc\u00eda, la Estaci\u00f3n Experimental del Zaid\u00edn, el Instituto de Estudios Sociales Avanzados, el Instituto de Parasitolog\u00eda y Biomedicina L\u00f3pez-Neyra, la Escuela de Estudios \u00c1rabes, el Instituto de Agricultura Sostenible y la Estaci\u00f3n Experimental de Zonas \u00c1ridas), el IMGEMA-Real Jard\u00edn Bot\u00e1nico de C\u00f3rdoba y la Fundaci\u00f3n P\u00fablica Progreso y Salud a trav\u00e9s de Genyo y el Biobanco del Sistema Sanitario.<\/p>\n<p>Paralelamente, Radio Televisi\u00f3n de Andaluc\u00eda, el Instituto Andaluz de Investigaci\u00f3n y Formaci\u00f3n Agraria, Pesquera, Alimentaria y de la Producci\u00f3n Ecol\u00f3gica (IFAPA) y la Agencia Andaluza del Conocimiento son socios estrat\u00e9gicos del proyecto y colaborar\u00e1n estrechamente en su desarrollo.<\/p>\n<p><strong>M\u00e1s informaci\u00f3n:<br \/>\n<\/strong><a href=\"https:\/\/lanochedelosinvestigadores.fundaciondescubre.es\/sevilla\/\">https:\/\/lanochedelosinvestigadores.fundaciondescubre.es\/sevilla\/<\/a><\/p>\n<p><img loading=\"lazy\" decoding=\"async\" class=\"aligncenter size-large wp-image-30879476\" src=\"https:\/\/www.upo.es\/diario\/wp-content\/uploads\/2023\/07\/Nuevo-faldo\u0301n-logos--750x105.jpg\" alt=\"Entidades organizadoras de \u2018La Noche Europea de l@s Investigador@s\u2019 2023\" width=\"750\" height=\"105\" srcset=\"https:\/\/www.upo.es\/diario\/wp-content\/uploads\/2023\/07\/Nuevo-faldo\u0301n-logos--750x105.jpg 750w, https:\/\/www.upo.es\/diario\/wp-content\/uploads\/2023\/07\/Nuevo-faldo\u0301n-logos--420x59.jpg 420w, https:\/\/www.upo.es\/diario\/wp-content\/uploads\/2023\/07\/Nuevo-faldo\u0301n-logos--768x107.jpg 768w, https:\/\/www.upo.es\/diario\/wp-content\/uploads\/2023\/07\/Nuevo-faldo\u0301n-logos--1536x214.jpg 1536w, https:\/\/www.upo.es\/diario\/wp-content\/uploads\/2023\/07\/Nuevo-faldo\u0301n-logos--2048x286.jpg 2048w, https:\/\/www.upo.es\/diario\/wp-content\/uploads\/2023\/07\/Nuevo-faldo\u0301n-logos--1320x184.jpg 1320w\" sizes=\"auto, (max-width: 750px) 100vw, 750px\" \/><\/p>\n<p>Fuente: OTRI-Universidad Pablo de Olavide<\/p>\n","protected":false},"excerpt":{"rendered":"<p>Un evento europeo de divulgaci\u00f3n con experimentos, talleres, rutas guiadas, teatro, charlas, encuentros, etc., protagonizados por investigadoras e investigadores para acercar a la ciudadan\u00eda su trabajo y los beneficios que aportan a su vida cotidiana.<\/p>\n","protected":false},"author":6,"featured_media":30879475,"comment_status":"closed","ping_status":"open","sticky":false,"template":"","format":"standard","meta":{"_monsterinsights_skip_tracking":false,"_monsterinsights_sitenote_active":false,"_monsterinsights_sitenote_note":"","_monsterinsights_sitenote_category":0,"footnotes":""},"categories":[2779],"tags":[544,45,970,1411,7340,5528,83,1163],"class_list":["post-30879473","post","type-post","status-publish","format-standard","has-post-thumbnail","hentry","category-docencia-formacion","tag-conferencias","tag-csic","tag-divulgacion","tag-fundacion-descubre","tag-jrc","tag-la-noche-europea-de-ls-investigadors","tag-otri","tag-universidad-de-sevilla"],"_links":{"self":[{"href":"https:\/\/www.upo.es\/diario\/wp-json\/wp\/v2\/posts\/30879473","targetHints":{"allow":["GET"]}}],"collection":[{"href":"https:\/\/www.upo.es\/diario\/wp-json\/wp\/v2\/posts"}],"about":[{"href":"https:\/\/www.upo.es\/diario\/wp-json\/wp\/v2\/types\/post"}],"author":[{"embeddable":true,"href":"https:\/\/www.upo.es\/diario\/wp-json\/wp\/v2\/users\/6"}],"replies":[{"embeddable":true,"href":"https:\/\/www.upo.es\/diario\/wp-json\/wp\/v2\/comments?post=30879473"}],"version-history":[{"count":3,"href":"https:\/\/www.upo.es\/diario\/wp-json\/wp\/v2\/posts\/30879473\/revisions"}],"predecessor-version":[{"id":30879479,"href":"https:\/\/www.upo.es\/diario\/wp-json\/wp\/v2\/posts\/30879473\/revisions\/30879479"}],"wp:featuredmedia":[{"embeddable":true,"href":"https:\/\/www.upo.es\/diario\/wp-json\/wp\/v2\/media\/30879475"}],"wp:attachment":[{"href":"https:\/\/www.upo.es\/diario\/wp-json\/wp\/v2\/media?parent=30879473"}],"wp:term":[{"taxonomy":"category","embeddable":true,"href":"https:\/\/www.upo.es\/diario\/wp-json\/wp\/v2\/categories?post=30879473"},{"taxonomy":"post_tag","embeddable":true,"href":"https:\/\/www.upo.es\/diario\/wp-json\/wp\/v2\/tags?post=30879473"}],"curies":[{"name":"wp","href":"https:\/\/api.w.org\/{rel}","templated":true}]}}