{"id":30879536,"date":"2023-09-08T10:34:15","date_gmt":"2023-09-08T08:34:15","guid":{"rendered":"https:\/\/www.upo.es\/diario\/?p=30879536"},"modified":"2023-09-19T14:51:27","modified_gmt":"2023-09-19T12:51:27","slug":"la-noche-europea-de-ls-investigadors-vuelve-a-llenar-sevilla-de-ciencia-el-proximo-29-de-septiembre","status":"publish","type":"post","link":"https:\/\/www.upo.es\/diario\/docencia-formacion\/2023\/09\/la-noche-europea-de-ls-investigadors-vuelve-a-llenar-sevilla-de-ciencia-el-proximo-29-de-septiembre\/","title":{"rendered":"&#8216;La Noche Europea de l@s Investigador@s&#8217; vuelve a llenar Sevilla de ciencia el pr\u00f3ximo 29 de septiembre"},"content":{"rendered":"<p><img loading=\"lazy\" decoding=\"async\" class=\"aligncenter size-full wp-image-30879474\" src=\"https:\/\/www.upo.es\/diario\/wp-content\/uploads\/2023\/07\/NocheInvestigadores_663x160_2_2023.jpg\" alt=\"\u2018La Noche Europea de l@s Investigador@s\u2019 2023 - 29 de septiembre de 18 a 23 horas\" width=\"663\" height=\"160\" srcset=\"https:\/\/www.upo.es\/diario\/wp-content\/uploads\/2023\/07\/NocheInvestigadores_663x160_2_2023.jpg 663w, https:\/\/www.upo.es\/diario\/wp-content\/uploads\/2023\/07\/NocheInvestigadores_663x160_2_2023-420x101.jpg 420w\" sizes=\"auto, (max-width: 663px) 100vw, 663px\" \/>Sevilla celebra por duod\u00e9cimo a\u00f1o consecutivo <em><a href=\"https:\/\/lanochedelosinvestigadores.fundaciondescubre.es\/sevilla\/\">La Noche Europea de l@s Investigador@s<\/a><\/em> junto a cerca de 375 ciudades de toda Europa. Con el objetivo de descubrir el lado m\u00e1s humano de la investigaci\u00f3n a trav\u00e9s de un contacto directo con los propios expertos y expertas, la cita ser\u00e1 el \u00faltimo viernes de septiembre, como ven\u00eda siendo habitual, que en esta edici\u00f3n ser\u00e1<strong> el pr\u00f3ximo d\u00eda 29 en Plaza Nueva, Fundaci\u00f3n Cajasol, Museo Casa de la Ciencia y otros espacios dedicados a la investigaci\u00f3n y la ciencia en la ciudad<\/strong>. En total se han programado 120 actividades para la jornada del viernes y m\u00e1s de una veintena de eventos previos que contar\u00e1n con la participaci\u00f3n de m\u00e1s de 300 investigadores de varias instituciones cient\u00edficas de la ciudad.<\/p>\n<p>El objetivo fundamental de<strong> <em>La Noche Europea de l@s investigador@s<\/em> es el acercamiento entre la sociedad y los profesionales de la investigaci\u00f3n, que dan a conocer su labor y presentan, de una forma cercana, la forma en que los avances repercuten en la vida cotidiana de la ciudadan\u00eda<\/strong>. Al mismo tiempo, el evento se presenta como una herramienta fundamental para despertar vocaciones cient\u00edficas en la juventud y potenciar la carrera investigadora como salida profesional.<\/p>\n<p><a href=\"https:\/\/www.upo.es\/diario\/wp-content\/uploads\/2022\/07\/La-Noche-europea-investigadores-Sevilla.jpg\"><img loading=\"lazy\" decoding=\"async\" class=\"alignright size-medium wp-image-30874418\" src=\"https:\/\/www.upo.es\/diario\/wp-content\/uploads\/2022\/07\/La-Noche-europea-investigadores-Sevilla-385x289.jpg\" alt=\"\" width=\"385\" height=\"289\" srcset=\"https:\/\/www.upo.es\/diario\/wp-content\/uploads\/2022\/07\/La-Noche-europea-investigadores-Sevilla-385x289.jpg 385w, https:\/\/www.upo.es\/diario\/wp-content\/uploads\/2022\/07\/La-Noche-europea-investigadores-Sevilla-750x563.jpg 750w, https:\/\/www.upo.es\/diario\/wp-content\/uploads\/2022\/07\/La-Noche-europea-investigadores-Sevilla-768x576.jpg 768w, https:\/\/www.upo.es\/diario\/wp-content\/uploads\/2022\/07\/La-Noche-europea-investigadores-Sevilla-1536x1152.jpg 1536w, https:\/\/www.upo.es\/diario\/wp-content\/uploads\/2022\/07\/La-Noche-europea-investigadores-Sevilla-1320x990.jpg 1320w, https:\/\/www.upo.es\/diario\/wp-content\/uploads\/2022\/07\/La-Noche-europea-investigadores-Sevilla.jpg 1600w\" sizes=\"auto, (max-width: 385px) 100vw, 385px\" \/><\/a>Bajo el <strong>lema \u2018Mujeres y hombres que hacen ciencia para ti\u2019<\/strong>, Sevilla celebra por duod\u00e9cimo a\u00f1o consecutivo, junto al resto de provincias andaluzas, esta gran cita con la ciencia promovida por la Comisi\u00f3n Europea y organizada por un total de 13 instituciones cient\u00edficas p\u00fablicas de toda la comunidad bajo la coordinaci\u00f3n de <strong>Fundaci\u00f3n Descubre<\/strong> y el apoyo del <strong>Servicio de Salud<\/strong> del <strong>Ayuntamiento de Sevilla,<\/strong> as\u00ed como el apoyo de la Fundaci\u00f3n Cajasol, en cuyos espacios culturales se celebraran varias de las charlas de divulgaci\u00f3n cient\u00edfica.<\/p>\n<p>Esta edici\u00f3n de La Noche Europea de l@s investigador@s apuesta de nuevo por su principal <strong>enclave en la Plaza Nueva y en la sede de la Fundaci\u00f3n<\/strong> <strong>Cajasol<\/strong> en la Plaza San Francisco. As\u00ed, <strong>desde las 18.00 y hasta las 23.00 horas<\/strong> se suceder\u00e1n charlas, talleres, visitas guiadas, juegos cient\u00edficos, exposiciones y espect\u00e1culos para peque\u00f1os y adultos.<\/p>\n<p>Este a\u00f1o adem\u00e1s de en este enclave principal, el <strong>Museo Casa de la Ciencia del CSIC<\/strong>, acoger\u00e1 17 actividades y realizar\u00e1 otras tantas a lo largo del fin de semana posterior. Destacar tambi\u00e9n que como en ediciones anteriores, se podr\u00e1 disfrutar de eventos previos en la semana del 25 al 28 de septiembre en diversos espacios como el Centro de Investigaci\u00f3n, Tecnolog\u00eda e Innovaci\u00f3n de la Universidad de Sevilla (CITIUS), en el Museo de Bellas Artes de Sevilla, en el Centro Com\u00fan de Investigaci\u00f3n de la Comisi\u00f3n Europea (JRC) y en el Archivo General de Indias.<\/p>\n<p><strong>As\u00ed, en las carpas y zonas expositivas de la Plaza Nueva y en la Fundaci\u00f3n Cajasol<\/strong>, se celebrar\u00e1n la mayor parte de las actividades programadas. En su caso, la <strong>Universidad de Sevilla<\/strong> presentar\u00e1 un total de 44 propuestas ese d\u00eda y entre algunas propuestas se destacan algunas actividades que se desarrollar\u00e1n en las carpas dedicadas a las investigadoras Isabel Ov\u00edn Camps y Ada Lovelace, que abordar\u00e1n una variedad de temas interesantes como <strong>la influencia de Magallanes en los mejores cocineros del mundo<\/strong>, un taller sobre c\u00f3mo <strong>prevenir el estr\u00e9s escolar<\/strong> en secundaria o poder aprender m\u00e1s sobre \u00ab<strong>La magia de los materiales<\/strong>\u00ab.<\/p>\n<p>Adem\u00e1s de las m\u00e1s de 40 actividades que se desarrollar\u00e1n el 29 de septiembre, la US ha preparado un programa especial los d\u00edas previos destinado a centros educativos que tendr\u00e1 lugar en el Centro de Investigaci\u00f3n, Tecnolog\u00eda e Innovaci\u00f3n de la Universidad de Sevilla (CITIUS), y un par de actividades para adultos en horario de tarde el jueves 28 de septiembre.<\/p>\n<p>Por su parte, la <strong>Universidad Pablo de Olavide<\/strong> ha dise\u00f1ado un programa con 19 actividades lideradas por cient\u00edficos y cient\u00edficas donde los y las asistentes tendr\u00e1n la oportunidad de conocer el <strong>funcionamiento del cerebro y qu\u00e9 sucede en la enfermedad de Alzheimer<\/strong>; la <strong>estrategia cerebral<\/strong> jugando al Tetris; los \u00faltimos avances realizados en <strong>Biotecnolog\u00eda espacial<\/strong>; la historia de los <strong>alimentos americanos de nuestra dieta<\/strong>; o c\u00f3mo interpretar la <strong>historia escrita en los troncos de los \u00e1rboles<\/strong>. Habr\u00e1 talleres que simular\u00e1n <strong>laboratorios experimentales <\/strong>para ver <strong>prote\u00ednas y cromosomas<\/strong> y entender d\u00f3nde se guarda la informaci\u00f3n gen\u00e9tica y c\u00f3mo se hereda.\u00a0 Se han organizado charlas que den respuesta a preguntas \u00bf<strong>son peligrosas las estelas de los aviones? \u00bfpor qu\u00e9 funcionan las vacunas?<\/strong> y donde se traten <strong>fundamentos cient\u00edficos contra la desinformaci\u00f3n. <\/strong><\/p>\n<p>Para los y las m\u00e1s j\u00f3venes se ha organizado el <strong>Cuentacuentos \u2018El viaje del Chotacabras: la Ciencia tras un Cuento\u2019<\/strong>, y a trav\u00e9s de una <strong>yincana<\/strong> podr\u00e1n conocer <strong>c\u00f3mo se viv\u00eda en el siglo de Oro<\/strong>. Asimismo, se ha organizado una <strong>visita guiada por los arrabales hist\u00f3ricos sevillanos, <\/strong>y en el teatro de la Fundaci\u00f3n Cajasol hay que destacar la <strong>representaci\u00f3n hist\u00f3rica basada en la foto ic\u00f3nica de la conferencia de Solvay de 1927, <\/strong>interpretando a hombres y mujeres que han dado forma a la F\u00edsica de los \u00faltimos 100 a\u00f1os.<\/p>\n<p>El <strong>Consejo Superior de Investigaciones Cient\u00edficas (CSIC)<\/strong> presentar\u00e1 esta edici\u00f3n en su nueva ubicaci\u00f3n, la <strong>Casa de la Ciencia<\/strong>, donde mayores y peque\u00f1os podr\u00e1n conocer m\u00e1s sobre las plantas, convertir el m\u00f3vil en una lupa o conocer m\u00e1s el mundo oculto bajo el suelo. Acoger\u00e1n m\u00e1s actividades expositivas sobre la ceguera, el genoma o biomateriales. Los visitantes en esta nueva ubicaci\u00f3n podr\u00e1n igualmente disfrutar de talleres como \u201cCianoarte\u201d o \u201cArque\u00f3logos por un d\u00eda: De Tartessos a Roma\u201d.<\/p>\n<p>El <strong>Centro Com\u00fan de Investigaci\u00f3n de la Comisi\u00f3n Europea <\/strong>(JRC por sus siglas en ingl\u00e9s), organiza en el edificio EXPO en la Isla de la Cartuja el taller \u00bfQui\u00e9n manda? \u00bfT\u00fa o el algoritmo? Impartido por investigadores del Centro Europeo de Transparencia Algor\u00edtmica para alumnos de secundaria, la actividad tiene como objetivo aprender a gestionar los riesgos y oportunidades de los algoritmos que rigen el mundo digital.<\/p>\n<p>Por su parte<strong>, el Servicio de Salud<\/strong> del <strong>Ayuntamiento de Sevilla<\/strong>, impartir\u00e1 5 talleres, dirigidos a ni\u00f1os, adolescentes y familia, sobre el reconocimiento de las emociones o la alimentaci\u00f3n saludable en una de las carpas <em>Kid Corner<\/em> de Plaza Nueva.<\/p>\n<p>El <strong>Instituto Andaluz del patrimonio Hist\u00f3rico (IAPH)<\/strong> participa de nuevo este a\u00f1o con un variado programa de actividades y reproducci\u00f3n de videos. Contar\u00e1 con un espacio expositivo dedicado a la investigadora Rita Levi-Montalcini, donde los asistentes podr\u00e1n conocer m\u00e1s sobre su <strong>Centro de apoyo en pol\u00edticas tutelares<\/strong>, <strong>Laboratorio del Paisaje<\/strong> y el Laboratorio de <strong>Paleobiolog\u00eda<\/strong>. Finalmente, la entidad colaboradora ha programado la reproducci\u00f3n de una serie de <strong>v\u00eddeos<\/strong> sobre \u2018El cambio clim\u00e1tico global: 5+1 extinciones&#8230;5+1 adaptaciones\u2019, \u2018La paleohuella ecol\u00f3gica: el origen\u2019, \u2018Arqueomemes\u2019, \u2018Paisaje, Patrimonio y Turismo. Taller de iniciativas tur\u00edsticas\u2019 y \u2018Descubre, cuida y disfruta tus paisajes culturales\u2019.<\/p>\n<p>La <strong>Universidad Loyola<\/strong> participa en el evento como entidad colaboradora por segunda vez en el espacio en la Plaza Nueva de Sevilla dedicado al investigador Alan Turing. Los asistentes tanto ni\u00f1os, como j\u00f3venes y mayores podr\u00e1n experimentar c\u00f3mo afecta el cambio clim\u00e1tico a las migraciones.\u00a0 Gracias a los cient\u00edficos de la Facultad de Ciencias de la Salud presentes de la Universidad Loyola tambi\u00e9n se podr\u00e1n hacer <strong>experimentos de ciencias de la vida<\/strong>, saber m\u00e1s c\u00f3mo <strong>gestionamos nuestras emociones<\/strong>. As\u00ed mismo, el visitante podr\u00e1 saber m\u00e1s qu\u00e9 es y <strong>qu\u00e9 utilidades tiene la ingenier\u00eda de control<\/strong> y saber m\u00e1s sobre nuestro cerebro y nuestra atenci\u00f3n.<\/p>\n<p>La Universidad Loyola tambi\u00e9n participar\u00e1 en la Sala Salvador de la Fundaci\u00f3n Cajasol, en la Plaza de San Francisco con una serie de charlas divulgativas sobre temas tan interesantes como:\u00a0<strong>\u00abCombatir la desinformaci\u00f3n sobre la Econom\u00eda\u00bb, \u00abCaptura y utilizaci\u00f3n de CO2 para mitigar los efectos del cambio clim\u00e1tico: Retos y oportunidades\u00bb y \u00abAgricultura inteligente para combatir la sequ\u00eda\u00bb<\/strong>.<\/p>\n<p>Este a\u00f1o, el <strong>Instituto de Biomedicina de Sevilla (IBiS)<\/strong> participa por primera vez en el evento con una carpa propia, dedicada a Rosalind Franklin donde se celebrar\u00e1n casi una decena de actividades que implicar\u00e1 a personal investigador del centro y que conseguir\u00e1n que el asistente de cualquier edad aprenda a \u201cleer nuestro libro de instrucciones celular\u201d, conozca m\u00e1s la Enfermedad de Parkinson o la terapia CAR: c\u00e9lulas entrenadas contra el c\u00e1ncer. Tambi\u00e9n celebrar\u00e1n charlas en el espacio sobre enfermedades raras, los biobancos y biomodelos, la investigaci\u00f3n actual sobre COVID-19 o c\u00f3mo cuidar tu h\u00edgado.<\/p>\n<h3><strong>Promotores de la actividad en Andaluc\u00eda<\/strong><\/h3>\n<p>La Noche Europea de los Investigadores es un proyecto europeo de divulgaci\u00f3n cient\u00edfica financiado por la Comisi\u00f3n Europea dentro de las acciones Marie Sk\u0142odowska-Curie del programa Horizonte Europa, el consorcio formado por <strong>13 instituciones de investigaci\u00f3n<\/strong>, est\u00e1 coordinado por la <strong>Fundaci\u00f3n Descubre<\/strong> con financiaci\u00f3n de la Consejer\u00eda de Universidad, Investigaci\u00f3n e Innovaci\u00f3n.<\/p>\n<p>Conforman el consorcio las Universidades de Almer\u00eda, C\u00e1diz, C\u00f3rdoba, Granada, Huelva, Ja\u00e9n, M\u00e1laga, Pablo de Olavide y Sevilla, ocho centros del Consejo Superior de Investigaciones Cient\u00edficas (CSIC), el IMGEMA-Real Jard\u00edn Bot\u00e1nico de C\u00f3rdoba y la Fundaci\u00f3n P\u00fablica Progreso y Salud a trav\u00e9s de Genyo y el Biobanco del Sistema Sanitario.<\/p>\n<p>Paralelamente, Radio Televisi\u00f3n de Andaluc\u00eda, la Agencia Andaluza del Conocimiento y el Instituto Andaluz de Investigaci\u00f3n y Formaci\u00f3n Agraria, Pesquera, Alimentaria y de la Producci\u00f3n Ecol\u00f3gica (IFAPA) son socios estrat\u00e9gicos del proyecto y colaboran estrechamente en su desarrollo.<\/p>\n<p><strong>M\u00e1s informaci\u00f3n:<\/strong><\/p>\n<ul>\n<li><a href=\"https:\/\/lanochedelosinvestigadores.fundaciondescubre.es\/\">www.lanochedelosinvestigadores.fundaciondecubre.es<\/a><\/li>\n<li>Facebook: <a href=\"http:\/\/www.facebook.com\/FundacionDescubre\">www.facebook.com\/FundacionDescubre<\/a><\/li>\n<li>Twitter: <a href=\"http:\/\/www.twitter.com\/FDescubre\">www.twitter.com\/FDescubre<\/a> y el hashtag #NIGHTspain<\/li>\n<li>Youtube: <a href=\"http:\/\/www.youtube.com\/user\/fundaciondescubre\">www.youtube.com\/user\/fundaciondescubre<\/a><\/li>\n<li>Instagram: <a href=\"http:\/\/www.instagram.com\/fundaciondescubre\">www.instagram.com\/fundaciondescubre<\/a><\/li>\n<\/ul>\n","protected":false},"excerpt":{"rendered":"<p>Sevilla celebra por duod\u00e9cimo a\u00f1o consecutivo La Noche Europea de l@s Investigador@s junto a cerca de 375 ciudades de toda Europa. Con el objetivo de descubrir el lado m\u00e1s humano de la investigaci\u00f3n a trav\u00e9s de un contacto directo con los propios expertos y expertas, la cita ser\u00e1 el \u00faltimo viernes de septiembre, como ven\u00eda siendo habitual, que en esta<a class=\"read-more\" href=\"https:\/\/www.upo.es\/diario\/docencia-formacion\/2023\/09\/la-noche-europea-de-ls-investigadors-vuelve-a-llenar-sevilla-de-ciencia-el-proximo-29-de-septiembre\/\">[Read More&#8230;]<\/a><\/p>\n","protected":false},"author":6,"featured_media":30857639,"comment_status":"closed","ping_status":"open","sticky":false,"template":"","format":"standard","meta":{"_monsterinsights_skip_tracking":false,"_monsterinsights_sitenote_active":false,"_monsterinsights_sitenote_note":"","_monsterinsights_sitenote_category":0,"footnotes":""},"categories":[2779],"tags":[2645,1411,5528,83,161,3862],"class_list":["post-30879536","post","type-post","status-publish","format-standard","has-post-thumbnail","hentry","category-docencia-formacion","tag-divulgacion-cientifica","tag-fundacion-descubre","tag-la-noche-europea-de-ls-investigadors","tag-otri","tag-sevilla","tag-universidades-andaluzas"],"_links":{"self":[{"href":"https:\/\/www.upo.es\/diario\/wp-json\/wp\/v2\/posts\/30879536","targetHints":{"allow":["GET"]}}],"collection":[{"href":"https:\/\/www.upo.es\/diario\/wp-json\/wp\/v2\/posts"}],"about":[{"href":"https:\/\/www.upo.es\/diario\/wp-json\/wp\/v2\/types\/post"}],"author":[{"embeddable":true,"href":"https:\/\/www.upo.es\/diario\/wp-json\/wp\/v2\/users\/6"}],"replies":[{"embeddable":true,"href":"https:\/\/www.upo.es\/diario\/wp-json\/wp\/v2\/comments?post=30879536"}],"version-history":[{"count":3,"href":"https:\/\/www.upo.es\/diario\/wp-json\/wp\/v2\/posts\/30879536\/revisions"}],"predecessor-version":[{"id":30879572,"href":"https:\/\/www.upo.es\/diario\/wp-json\/wp\/v2\/posts\/30879536\/revisions\/30879572"}],"wp:featuredmedia":[{"embeddable":true,"href":"https:\/\/www.upo.es\/diario\/wp-json\/wp\/v2\/media\/30857639"}],"wp:attachment":[{"href":"https:\/\/www.upo.es\/diario\/wp-json\/wp\/v2\/media?parent=30879536"}],"wp:term":[{"taxonomy":"category","embeddable":true,"href":"https:\/\/www.upo.es\/diario\/wp-json\/wp\/v2\/categories?post=30879536"},{"taxonomy":"post_tag","embeddable":true,"href":"https:\/\/www.upo.es\/diario\/wp-json\/wp\/v2\/tags?post=30879536"}],"curies":[{"name":"wp","href":"https:\/\/api.w.org\/{rel}","templated":true}]}}