{"id":30879552,"date":"2023-09-12T11:36:41","date_gmt":"2023-09-12T09:36:41","guid":{"rendered":"https:\/\/www.upo.es\/diario\/?p=30879552"},"modified":"2023-09-21T11:48:38","modified_gmt":"2023-09-21T09:48:38","slug":"la-universidad-pablo-de-olavide-da-la-bienvenida-a-mas-de-2-100-estudiantes-de-nuevo-ingreso","status":"publish","type":"post","link":"https:\/\/www.upo.es\/diario\/comunidad\/2023\/09\/la-universidad-pablo-de-olavide-da-la-bienvenida-a-mas-de-2-100-estudiantes-de-nuevo-ingreso\/","title":{"rendered":"La Universidad Pablo de Olavide da la bienvenida a m\u00e1s de 2.100 estudiantes de nuevo ingreso"},"content":{"rendered":"<figure id=\"attachment_30879553\" aria-describedby=\"caption-attachment-30879553\" style=\"width: 750px\" class=\"wp-caption aligncenter\"><a href=\"https:\/\/www.upo.es\/diario\/wp-content\/uploads\/2023\/09\/Jornadas-Bienvenida-UPO-2023-24-5-scaled.jpg\"><img loading=\"lazy\" decoding=\"async\" class=\"size-large wp-image-30879553\" src=\"https:\/\/www.upo.es\/diario\/wp-content\/uploads\/2023\/09\/Jornadas-Bienvenida-UPO-2023-24-5-750x422.jpg\" alt=\"\" width=\"750\" height=\"422\" srcset=\"https:\/\/www.upo.es\/diario\/wp-content\/uploads\/2023\/09\/Jornadas-Bienvenida-UPO-2023-24-5-750x422.jpg 750w, https:\/\/www.upo.es\/diario\/wp-content\/uploads\/2023\/09\/Jornadas-Bienvenida-UPO-2023-24-5-420x236.jpg 420w, https:\/\/www.upo.es\/diario\/wp-content\/uploads\/2023\/09\/Jornadas-Bienvenida-UPO-2023-24-5-768x432.jpg 768w, https:\/\/www.upo.es\/diario\/wp-content\/uploads\/2023\/09\/Jornadas-Bienvenida-UPO-2023-24-5-1536x864.jpg 1536w, https:\/\/www.upo.es\/diario\/wp-content\/uploads\/2023\/09\/Jornadas-Bienvenida-UPO-2023-24-5-2048x1152.jpg 2048w\" sizes=\"auto, (max-width: 750px) 100vw, 750px\" \/><\/a><figcaption id=\"caption-attachment-30879553\" class=\"wp-caption-text\">Visitas guiadas por el campus de la UPO<\/figcaption><\/figure>\n<p>La Universidad Pablo de Olavide ha dado comienzo a las <strong>Jornadas de Bienvenida para los m\u00e1s de 2.100 alumnos y alumnas que inician sus estudios de Grado<\/strong> en este nuevo curso acad\u00e9mico 2023\/2024. Bajo el lema <strong>\u2018Encuentra tu lugar en la UPO. Un campus, muchas vidas\u2019<\/strong>, esta semana se realizan presentaciones en cada facultad y centro universitario, guiadas por el campus y se desarrollan actividades informativas y l\u00fadicas hasta este viernes 15 de septiembre.<\/p>\n<p>Como se\u00f1ala la vicerrectora de Estudiantes de la Universidad Pablo de Olavide, <strong>Mari\u00e1n Mor\u00f3n Mart\u00edn<\/strong>, \u201ccomenzamos un nuevo curso acad\u00e9mico con m\u00e1s de 2.100 estudiantes de nuevo ingreso como parte de nuestra comunidad. Por ello, quiero dar las gracias a todos ellos y ellas por confiar en la UPO para esta etapa clave en su vida y formaci\u00f3n\u201d. Asimismo, explica que, con estos encuentros, \u201cpresentamos al estudiantado los servicios, centros y unidades clave de la Universidad para facilitar la convivencia desde el primer d\u00eda pero, sobre todo, a las personas que har\u00e1n de estos a\u00f1os de formaci\u00f3n una experiencia de vida\u201d.<\/p>\n<p>La programaci\u00f3n de las Jornadas incluye visitas guiadas por el campus de la UPO, as\u00ed como charlas introductorias sobre algunos de los principales aspectos de la vida del estudiantado: acceso a los programas de <strong>movilidad nacional e internacional, claves sobre la gesti\u00f3n universitaria y los servicios de los que dispone el alumnado<\/strong> de la Universidad Pablo de Olavide. Como parte de la bienvenida, las Jornadas incluyen micro conciertos y torneos deportivos de p\u00e1del, tenis de mesa y circuito UPO-Crossfit.<\/p>\n<figure id=\"attachment_30879555\" aria-describedby=\"caption-attachment-30879555\" style=\"width: 420px\" class=\"wp-caption alignright\"><a href=\"https:\/\/www.upo.es\/diario\/wp-content\/uploads\/2023\/09\/Jornadas-Bienvenida-UPO-2023-24-13-scaled.jpg\"><img loading=\"lazy\" decoding=\"async\" class=\"size-medium wp-image-30879555\" src=\"https:\/\/www.upo.es\/diario\/wp-content\/uploads\/2023\/09\/Jornadas-Bienvenida-UPO-2023-24-13-420x236.jpg\" alt=\"\" width=\"420\" height=\"236\" srcset=\"https:\/\/www.upo.es\/diario\/wp-content\/uploads\/2023\/09\/Jornadas-Bienvenida-UPO-2023-24-13-420x236.jpg 420w, https:\/\/www.upo.es\/diario\/wp-content\/uploads\/2023\/09\/Jornadas-Bienvenida-UPO-2023-24-13-750x422.jpg 750w, https:\/\/www.upo.es\/diario\/wp-content\/uploads\/2023\/09\/Jornadas-Bienvenida-UPO-2023-24-13-768x432.jpg 768w, https:\/\/www.upo.es\/diario\/wp-content\/uploads\/2023\/09\/Jornadas-Bienvenida-UPO-2023-24-13-1536x864.jpg 1536w, https:\/\/www.upo.es\/diario\/wp-content\/uploads\/2023\/09\/Jornadas-Bienvenida-UPO-2023-24-13-2048x1152.jpg 2048w\" sizes=\"auto, (max-width: 420px) 100vw, 420px\" \/><\/a><figcaption id=\"caption-attachment-30879555\" class=\"wp-caption-text\">Animaci\u00f3n en la Plaza de Am\u00e9rica del campus<\/figcaption><\/figure>\n<p>Cada facultad y centro de la Universidad Pablo de Olavide da la bienvenida a sus nuevos alumnos y alumnas en los primeros d\u00edas de las jornadas. As\u00ed, el martes 12 de septiembre, el estudiantado de las Facultades de Humanidades, Ciencias Experimentales y Ciencias Sociales y de la Escuela Polit\u00e9cnica Superior tendr\u00e1 su sesi\u00f3n informativa; mientras que el mi\u00e9rcoles 13 ser\u00e1 el turno para los y las estudiantes de las Facultades de Ciencias Empresariales, Derecho y Ciencias del Deporte.<\/p>\n<p>Las Jornadas de Bienvenida \u2018Encuentra tu lugar en la UPO. Un campus, muchas vidas\u2019 est\u00e1n organizadas por el Vicerrectorado de Estudiantes con la colaboraci\u00f3n de los Vicerrectorados de Cultura y Pol\u00edticas Sociales y de Campus Saludable y Deporte y las Delegaciones del rector para la Igualdad de G\u00e9nero y para el Campus Sostenible.<\/p>\n<ul>\n<li>Programa completo de las Jornadas de Bienvenida en: <a href=\"https:\/\/www.upo.es\/diario\/wp-content\/uploads\/2023\/09\/JORNADAS-BIENVENIDA-2024-2.pdf\">https:\/\/www.upo.es\/diario\/wp-content\/uploads\/2023\/09\/JORNADAS-BIENVENIDA-2024-2.pdf<\/a><\/li>\n<\/ul>\n<p>&nbsp;<\/p>\n<p><a data-flickr-embed='true' href='https:\/\/www.flickr.com\/photos\/pablodeolavide\/sets\/72177720311150574\/' title='Jornadas de Bienvenida 2023\/2024 by UPO - Universidad Pablo de Olavide, on Flickr'><img src='https:\/\/live.staticflickr.com\/65535\/53182599553_3a33c255bf_z.jpg' width='800' height='600' alt='Jornadas de Bienvenida 2023\/24'><\/a><script async src='https:\/\/embedr.flickr.com\/assets\/client-code.js' charset='utf-8'><\/script><\/p>\n","protected":false},"excerpt":{"rendered":"<p>La Universidad Pablo de Olavide ha dado comienzo a las Jornadas de Bienvenida para los m\u00e1s de 2.100 alumnos y alumnas que inician sus estudios de Grado en este nuevo curso acad\u00e9mico 2023\/2024. Bajo el lema \u2018Encuentra tu lugar en la UPO. Un campus, muchas vidas\u2019, esta semana se realizan presentaciones en cada facultad y centro universitario, guiadas por el campus y se desarrollan actividades informativas y l\u00fadicas hasta este viernes 15 de septiembre.<\/p>\n","protected":false},"author":14,"featured_media":30879553,"comment_status":"closed","ping_status":"open","sticky":false,"template":"","format":"standard","meta":{"_monsterinsights_skip_tracking":false,"_monsterinsights_sitenote_active":false,"_monsterinsights_sitenote_note":"","_monsterinsights_sitenote_category":0,"footnotes":""},"categories":[5842],"tags":[107,21,857,2581,2580,2114],"class_list":["post-30879552","post","type-post","status-publish","format-standard","has-post-thumbnail","hentry","category-comunidad","tag-campus","tag-estudiantes","tag-facultades","tag-grados-y-dobles-grados","tag-jornadas-de-bienvenida","tag-vicerrectorado-de-estudiantes"],"_links":{"self":[{"href":"https:\/\/www.upo.es\/diario\/wp-json\/wp\/v2\/posts\/30879552","targetHints":{"allow":["GET"]}}],"collection":[{"href":"https:\/\/www.upo.es\/diario\/wp-json\/wp\/v2\/posts"}],"about":[{"href":"https:\/\/www.upo.es\/diario\/wp-json\/wp\/v2\/types\/post"}],"author":[{"embeddable":true,"href":"https:\/\/www.upo.es\/diario\/wp-json\/wp\/v2\/users\/14"}],"replies":[{"embeddable":true,"href":"https:\/\/www.upo.es\/diario\/wp-json\/wp\/v2\/comments?post=30879552"}],"version-history":[{"count":5,"href":"https:\/\/www.upo.es\/diario\/wp-json\/wp\/v2\/posts\/30879552\/revisions"}],"predecessor-version":[{"id":30879559,"href":"https:\/\/www.upo.es\/diario\/wp-json\/wp\/v2\/posts\/30879552\/revisions\/30879559"}],"wp:featuredmedia":[{"embeddable":true,"href":"https:\/\/www.upo.es\/diario\/wp-json\/wp\/v2\/media\/30879553"}],"wp:attachment":[{"href":"https:\/\/www.upo.es\/diario\/wp-json\/wp\/v2\/media?parent=30879552"}],"wp:term":[{"taxonomy":"category","embeddable":true,"href":"https:\/\/www.upo.es\/diario\/wp-json\/wp\/v2\/categories?post=30879552"},{"taxonomy":"post_tag","embeddable":true,"href":"https:\/\/www.upo.es\/diario\/wp-json\/wp\/v2\/tags?post=30879552"}],"curies":[{"name":"wp","href":"https:\/\/api.w.org\/{rel}","templated":true}]}}