{"id":30879609,"date":"2023-09-16T12:30:06","date_gmt":"2023-09-16T10:30:06","guid":{"rendered":"https:\/\/www.upo.es\/diario\/?p=30879609"},"modified":"2023-09-18T09:49:49","modified_gmt":"2023-09-18T07:49:49","slug":"mas-de-3-000-cientificos-saldran-a-la-calle-para-dar-a-conocer-su-trabajo-en-la-noche-europea-de-ls-investigadors","status":"publish","type":"post","link":"https:\/\/www.upo.es\/diario\/docencia-formacion\/2023\/09\/mas-de-3-000-cientificos-saldran-a-la-calle-para-dar-a-conocer-su-trabajo-en-la-noche-europea-de-ls-investigadors\/","title":{"rendered":"M\u00e1s de 3.000 cient\u00edficos saldr\u00e1n a la calle para dar a conocer su trabajo en &#8216;La Noche Europea de l@s Investigador@s&#8217;"},"content":{"rendered":"<p><img loading=\"lazy\" decoding=\"async\" class=\"alignright size-full wp-image-30879475\" src=\"https:\/\/www.upo.es\/diario\/wp-content\/uploads\/2023\/07\/Noche-Investigadores-2023-Perfil-Tw-y-Fb.jpg\" alt=\"Organizadores de \u2018La Noche Europea de l@s Investigador@s\u2019 2023\" width=\"334\" height=\"334\" srcset=\"https:\/\/www.upo.es\/diario\/wp-content\/uploads\/2023\/07\/Noche-Investigadores-2023-Perfil-Tw-y-Fb.jpg 334w, https:\/\/www.upo.es\/diario\/wp-content\/uploads\/2023\/07\/Noche-Investigadores-2023-Perfil-Tw-y-Fb-300x300.jpg 300w\" sizes=\"auto, (max-width: 334px) 100vw, 334px\" \/>M\u00e1s de 3.000 investigadores difundir\u00e1n su trabajo el pr\u00f3ximo 29 de septiembre, a trav\u00e9s de casi 1.000 actividades programadas en las calles de las ocho provincias de Andaluc\u00eda, con motivo de &#8216;La Noche Europea de l@s Investigador@s&#8217;. Este evento, de alcance europeo, est\u00e1 dedicado a la divulgaci\u00f3n cient\u00edfica y pretende acercar a la sociedad, de una forma amena, los beneficios que aporta el avance de la ciencia, as\u00ed como su repercusi\u00f3n en la vida cotidiana. De igual modo, se presenta como una herramienta fundamental para despertar vocaciones cient\u00edficas en los j\u00f3venes y potenciar la carrera investigadora como salida profesional. La previsi\u00f3n es que este a\u00f1o puedan participar unas 80.000 personas en los actos proyectados, convirti\u00e9ndose as\u00ed en la cita simult\u00e1nea m\u00e1s importante en el \u00e1mbito cient\u00edfico andaluz de los \u00faltimos a\u00f1os y una de las mayores de Espa\u00f1a.<\/p>\n<p>&#8216;La Noche Europea de l@s Investigador@s&#8217;, que en 2023 cumple su XII edici\u00f3n, est\u00e1 financiada en Andaluc\u00eda por la Consejer\u00eda de Universidad, Investigaci\u00f3n e Innovaci\u00f3n y por la Comisi\u00f3n Europea. Adem\u00e1s, su coordinaci\u00f3n depende de la Fundaci\u00f3n Descubre, en la que tambi\u00e9n participa la propia Consejer\u00eda.<\/p>\n<p>En la programaci\u00f3n de este a\u00f1o, al igual que en otras ediciones pasadas, se combinan acciones l\u00fadicas y did\u00e1cticas. Conocer a los cient\u00edficos y a los retos a los que se enfrentan en su d\u00eda a d\u00eda, hacer rutas guiadas por ellos para conocer determinados entornos desde una perspectiva totalmente diferente o unirse a un taller cient\u00edfico que despierte en los m\u00e1s peque\u00f1os su vocaci\u00f3n son algunas de las propuestas dise\u00f1adas para este a\u00f1o.<\/p>\n<p>Algunos de los enclaves m\u00e1s emblem\u00e1ticos de la comunidad servir\u00e1n de escenario para todas estas iniciativas. Es el caso de la Rambla Federico Garc\u00eda Lorca (Almer\u00eda), la Plaza del Arenal, en Jerez (C\u00e1diz); el Real Jard\u00edn Bot\u00e1nico y el Rectorado de la Universidad de C\u00f3rdoba, el Bulevar del Campus de El Carmen, en Huelva; la Plaza de El Corte Ingl\u00e9s, en Ja\u00e9n; el Paseo del Parque, en M\u00e1laga; y la Plaza Nueva, en Sevilla. Con car\u00e1cter general, los actos comenzar\u00e1n a primera hora de la tarde y se prolongar\u00e1n hasta casi la medianoche.<\/p>\n<p>La programaci\u00f3n prevista para cada provincia se puede consultar en la siguiente direcci\u00f3n: <a href=\"https:\/\/lanochedelosinvestigadores.fundaciondescubre.es\/\">https:\/\/lanochedelosinvestigadores.fundaciondescubre.es\/<\/a>.<\/p>\n<h3><strong>La Noche en las Aulas<\/strong><\/h3>\n<p>En esta edici\u00f3n de &#8216;La Noche Europea de l@s Investigador@s&#8217; se desarrolla <em>La Noche en las Aulas<\/em>, que engloba una serie de iniciativas divulgativas en centros educativos andaluces. Asimismo, adquieren especial relevancia las acciones que tendr\u00e1n lugar antes de la celebraci\u00f3n del 29 de septiembre y que tienen como objetivo mostrar algunas pinceladas de lo que ser\u00e1 la gran fiesta de la divulgaci\u00f3n cient\u00edfica andaluza.<\/p>\n<p>A ello se suma \u2018Meet the researcher\u2019, actividad colaborativa con otras seis Noches europeas en la que el investigador responde en v\u00eddeos breves a cinco preguntas relacionadas con la I+D que realiza y su biograf\u00eda. Por otro lado, desde la organizaci\u00f3n de la Noche andaluza se ha promovido tambi\u00e9n la participaci\u00f3n en la acci\u00f3n \u2018European BioBlitz\u2019, una actividad de ciencia ciudadana de 48 horas que busca que investigadores y p\u00fablico trabajen juntos para explorar y registrar las diferentes especies de flora y fauna en cada regi\u00f3n europea. Esta participaci\u00f3n se complementar\u00e1 con actuaciones de investigadores (charlas, demostraciones, posts en redes sociales) y los datos recopilados se usar\u00e1n para crear una base de informaci\u00f3n sobre especies de todo el continente que ser\u00e1 abierta y accesible. Esta propuesta est\u00e1 especialmente dirigida a escuelas, aunque tambi\u00e9n ir\u00e1 destinada a las familias y al p\u00fablico adulto. Para m\u00e1s informaci\u00f3n se puede visitar la web <a href=\"https:\/\/www.bnhc.org.uk\/intersections2023\">https:\/\/www.bnhc.org.uk\/intersections2023<\/a>.<\/p>\n<h3><strong>Agua, cambio clim\u00e1tico o ciudades inteligentes<\/strong><\/h3>\n<p>En esta edici\u00f3n, buena parte de las iniciativas se centrar\u00e1n en las principales Misiones de Horizonte Europa que marca la Comisi\u00f3n Europea: c\u00e1ncer, adaptaci\u00f3n al cambio clim\u00e1tico, incluyendo la transformaci\u00f3n social; agua y oc\u00e9anos; ciudades inteligentes y clim\u00e1ticamente neutras; as\u00ed como salud del suelo y alimentos.<\/p>\n<p>Estas misiones se definen como una cartera de medidas interdisciplinares basadas en la I+D+I, con el objetivo de alcanzar una meta inspiradora pero cuantificable, con un gran impacto en la sociedad.<\/p>\n<h3><strong>Apoyo de instituciones cient\u00edficas <\/strong><\/h3>\n<p>La programaci\u00f3n ha sido dise\u00f1ada conjuntamente por diversas instituciones cient\u00edficas con sede en Andaluc\u00eda, coordinadas por la Fundaci\u00f3n Descubre. Se trata de las nueve universidades p\u00fablicas andaluzas (Almer\u00eda, C\u00e1diz, C\u00f3rdoba, Granada, Huelva, Ja\u00e9n, M\u00e1laga, Pablo Olavide y Sevilla); la Fundaci\u00f3n P\u00fablica Progreso y Salud \u2013a trav\u00e9s del Biobanco y Genyo-; el IMGEMA-Real Jard\u00edn Bot\u00e1nico de C\u00f3rdoba y el Consejo Superior de Investigaciones Cient\u00edficas (CISC). Paralelamente, Radio Televisi\u00f3n de Andaluc\u00eda, el Instituto Andaluz de Investigaci\u00f3n y Formaci\u00f3n Agraria, Pesquera, Alimentaria y de la Producci\u00f3n Ecol\u00f3gica (IFAPA), la Agencia Empresarial para la Transformaci\u00f3n y el Desarrollo Econ\u00f3mico (TRADE) y la Universidad Loyola son socios estrat\u00e9gicos del proyecto y colaboran estrechamente en su desarrollo.<\/p>\n<p>La Noche Europea de los investigadores es un proyecto europeo de divulgaci\u00f3n cient\u00edfica promovido por la Comisi\u00f3n Europea dentro de las acciones Marie Sklodowska-Curie del programa Horizonte Europa que tiene lugar simult\u00e1neamente en casi 400 ciudades europeas desde 2005.<\/p>\n<p>Fuente: <strong>Consejer\u00eda de Universidad, Investigaci\u00f3n e Innovaci\u00f3n<\/strong><\/p>\n","protected":false},"excerpt":{"rendered":"<p>La Consejer\u00eda de Universidad prev\u00e9 que en esta edici\u00f3n participen unas 80.000 personas, cifra r\u00e9cord para una cita cient\u00edfica en la comunidad.<\/p>\n","protected":false},"author":6,"featured_media":30879475,"comment_status":"closed","ping_status":"open","sticky":false,"template":"","format":"standard","meta":{"_monsterinsights_skip_tracking":false,"_monsterinsights_sitenote_active":false,"_monsterinsights_sitenote_note":"","_monsterinsights_sitenote_category":0,"footnotes":""},"categories":[2779],"tags":[2645,1411,203,5528,39],"class_list":["post-30879609","post","type-post","status-publish","format-standard","has-post-thumbnail","hentry","category-docencia-formacion","tag-divulgacion-cientifica","tag-fundacion-descubre","tag-junta-de-andalucia","tag-la-noche-europea-de-ls-investigadors","tag-universidades"],"_links":{"self":[{"href":"https:\/\/www.upo.es\/diario\/wp-json\/wp\/v2\/posts\/30879609","targetHints":{"allow":["GET"]}}],"collection":[{"href":"https:\/\/www.upo.es\/diario\/wp-json\/wp\/v2\/posts"}],"about":[{"href":"https:\/\/www.upo.es\/diario\/wp-json\/wp\/v2\/types\/post"}],"author":[{"embeddable":true,"href":"https:\/\/www.upo.es\/diario\/wp-json\/wp\/v2\/users\/6"}],"replies":[{"embeddable":true,"href":"https:\/\/www.upo.es\/diario\/wp-json\/wp\/v2\/comments?post=30879609"}],"version-history":[{"count":2,"href":"https:\/\/www.upo.es\/diario\/wp-json\/wp\/v2\/posts\/30879609\/revisions"}],"predecessor-version":[{"id":30879611,"href":"https:\/\/www.upo.es\/diario\/wp-json\/wp\/v2\/posts\/30879609\/revisions\/30879611"}],"wp:featuredmedia":[{"embeddable":true,"href":"https:\/\/www.upo.es\/diario\/wp-json\/wp\/v2\/media\/30879475"}],"wp:attachment":[{"href":"https:\/\/www.upo.es\/diario\/wp-json\/wp\/v2\/media?parent=30879609"}],"wp:term":[{"taxonomy":"category","embeddable":true,"href":"https:\/\/www.upo.es\/diario\/wp-json\/wp\/v2\/categories?post=30879609"},{"taxonomy":"post_tag","embeddable":true,"href":"https:\/\/www.upo.es\/diario\/wp-json\/wp\/v2\/tags?post=30879609"}],"curies":[{"name":"wp","href":"https:\/\/api.w.org\/{rel}","templated":true}]}}