{"id":30879646,"date":"2023-09-21T11:44:36","date_gmt":"2023-09-21T09:44:36","guid":{"rendered":"https:\/\/www.upo.es\/diario\/?p=30879646"},"modified":"2023-09-26T13:30:09","modified_gmt":"2023-09-26T11:30:09","slug":"un-estudio-de-la-upo-plantea-medidas-para-paliar-el-riesgo-de-suicidio-entre-el-estudiantado-universitario-en-espana","status":"publish","type":"post","link":"https:\/\/www.upo.es\/diario\/ciencia\/2023\/09\/un-estudio-de-la-upo-plantea-medidas-para-paliar-el-riesgo-de-suicidio-entre-el-estudiantado-universitario-en-espana\/","title":{"rendered":"Un estudio de la UPO plantea medidas para paliar el riesgo de suicidio entre el estudiantado universitario en Espa\u00f1a"},"content":{"rendered":"<figure id=\"attachment_30879647\" aria-describedby=\"caption-attachment-30879647\" style=\"width: 750px\" class=\"wp-caption aligncenter\"><a href=\"https:\/\/www.upo.es\/diario\/wp-content\/uploads\/2023\/09\/FCaravaca-PReina-FDiaz-1-scaled.jpg\"><img loading=\"lazy\" decoding=\"async\" class=\"size-large wp-image-30879647\" src=\"https:\/\/www.upo.es\/diario\/wp-content\/uploads\/2023\/09\/FCaravaca-PReina-FDiaz-1-750x422.jpg\" alt=\"\" width=\"750\" height=\"422\" srcset=\"https:\/\/www.upo.es\/diario\/wp-content\/uploads\/2023\/09\/FCaravaca-PReina-FDiaz-1-750x422.jpg 750w, https:\/\/www.upo.es\/diario\/wp-content\/uploads\/2023\/09\/FCaravaca-PReina-FDiaz-1-420x236.jpg 420w, https:\/\/www.upo.es\/diario\/wp-content\/uploads\/2023\/09\/FCaravaca-PReina-FDiaz-1-768x432.jpg 768w, https:\/\/www.upo.es\/diario\/wp-content\/uploads\/2023\/09\/FCaravaca-PReina-FDiaz-1-1536x864.jpg 1536w, https:\/\/www.upo.es\/diario\/wp-content\/uploads\/2023\/09\/FCaravaca-PReina-FDiaz-1-2048x1152.jpg 2048w\" sizes=\"auto, (max-width: 750px) 100vw, 750px\" \/><\/a><figcaption id=\"caption-attachment-30879647\" class=\"wp-caption-text\">Francisco Caravaca S\u00e1nchez, Pastora Reina Aguilar y Rosa D\u00edaz Jim\u00e9nez<\/figcaption><\/figure>\n<p>Las investigadoras <strong>Pastora Reina Aguilar, Rosa Mar\u00eda D\u00edaz Jim\u00e9nez y Francisco Caravaca S\u00e1nchez<\/strong>, del <strong>Departamento de Trabajo Social y Servicios Sociales<\/strong> de la Universidad Pablo de Olavide, han publicado un estudio en la revista <strong><em>Social Work<\/em><\/strong> que plantea medidas para paliar el riesgo de suicidio entre el estudiantado universitario en Espa\u00f1a desde el \u00e1mbito del Trabajo Social. En concreto, la investigaci\u00f3n concluye que el riesgo de suicidio afecta a un tercio del estudiantado universitario tras analizar este factor en estudiantes de diversos grados en universidades p\u00fablicas y privadas de Espa\u00f1a, es decir, un 29,2% de este alumnado ha tenido ideaci\u00f3n suicida a lo largo de su vida.<\/p>\n<p><strong><em>Suicide Risk among University Students in Spain: Implications for Social Work<\/em><\/strong>, que forma parte de la tesis doctoral de Pastora Reina Aguilar, es el segundo trabajo de la <strong>serie de la investigaci\u00f3n sobre suicidio en la poblaci\u00f3n universitaria espa\u00f1ola y avanza en el abordaje del fen\u00f3meno desde el Trabajo Social<\/strong>. Seg\u00fan explican las autoras, este trabajo puede facilitar el di\u00e1logo reflexivo entre profesionales y responsables del \u00e1mbito universitario para avanzar en pol\u00edticas que mejoren servicios de apoyo al estudiantado y permitan el dise\u00f1o e implementaci\u00f3n de nuevas acciones frente al, \u201ca\u00fan desconocido y estigmatizado\u201d fen\u00f3meno del suicidio.<\/p>\n<p>Si bien los resultados est\u00e1n en consonancia con otros estudios internacionales sobre alumnado de universidad, es destacable la amplia poblaci\u00f3n alcanzada en la investigaci\u00f3n de la UPO, en la que han participado 2.025 estudiantes de 16 universidades espa\u00f1olas y de 17 grados acad\u00e9micos. Del total de personas encuestadas, la edad media era de 23,8 a\u00f1os, mujeres en su mayor\u00eda (74,8%) y en cuarto a\u00f1o de estudios (25,2%).<\/p>\n<p>Entre los <strong>principales factores de riesgo, el estudio apunta hacia los problemas de salud mental, como la depresi\u00f3n, o haber sufrido violencia sexual<\/strong>. Frente a estos, los mecanismos de protecci\u00f3n frente al suicidio pasan por mejorar la autoestima, la satisfacci\u00f3n con la propia vida y tener el apoyo de familiares y personas cercanas importantes. En concreto, las personas participantes que informaron tener ideaci\u00f3n suicida eran m\u00e1s j\u00f3venes (23,3 a\u00f1os); menos propensas a estar trabajando (17%); y reportaron tasas m\u00e1s altas de violencia sexual (21,1%). Adem\u00e1s, ten\u00edan niveles m\u00e1s altos de depresi\u00f3n (21,1%) y niveles m\u00e1s bajos de apoyo social percibido (57,9%) y satisfacci\u00f3n con la vida (12,5%).<\/p>\n<p>Las investigadoras abordan el suicidio como <strong>un fen\u00f3meno complejo y multifactorial que justifica su abordaje social.<\/strong> As\u00ed, el estudio plantea v\u00edas de intervenci\u00f3n desde el Trabajo Social en el \u00e1mbito de las universidades: desde el dise\u00f1o e implementaci\u00f3n de programas de adaptaci\u00f3n del estudiantado y promoci\u00f3n de apoyos naturales, hasta la implicaci\u00f3n en los servicios de intervenci\u00f3n en situaciones de crisis, que vienen funcionando con buenos resultados preventivos en otras universidades.<\/p>\n<p>Hist\u00f3ricamente, el fen\u00f3meno del suicidio ha sido investigado desde una perspectiva m\u00e9dico\/psiqui\u00e1trica y, m\u00e1s recientemente, psicol\u00f3gica. Sin embargo, al tratarse de un fen\u00f3meno multifactorial, se explica que tambi\u00e9n es necesario investigar desde la dimensi\u00f3n social. En este sentido, el art\u00edculo se\u00f1ala que la prevenci\u00f3n (individual, grupal y comunitaria) debe incorporar la cultura del cuidado, informaci\u00f3n y formaci\u00f3n sobre habilidades de afrontamiento y estrategias para reducir el estigma suicidad en la comunidad. Por su parte, la postvenci\u00f3n implicar\u00eda, fundamentalmente, el acompa\u00f1amiento durante el duelo, en este caso ante la p\u00e9rdida de iguales.<\/p>\n<h3><strong>Fen\u00f3meno global<\/strong><\/h3>\n<p>El suicidio es un fen\u00f3meno que afecta a estudiantes de universidad en todo el mundo si bien son pocas las investigaciones que incluyen grades poblaciones de estudio, un gran n\u00famero de universidades y estudiantes de diferentes grados como el de la UPO.<\/p>\n<p>En diferentes \u00e1reas geogr\u00e1ficas, se ha concluido que las ideas, la planificaci\u00f3n y los intentos suicidas en el estudiantado universitario representan un riesgo real. Esta investigaci\u00f3n recoge cifras como las de Estados Unidos, entre el 6% y el 25% de la poblaci\u00f3n universitaria en este riesgo; \u00c1frica, con una cuarta parte de los y las estudiantes; uno de cada diez en Asia; o pa\u00edses latinoamericanos como M\u00e9xico, donde las tasas oscilan entre el 1% y el 8%.<\/p>\n<p>Los datos en Europa alertan de que, por ejemplo, en algunas universidades brit\u00e1nicas, las ideas, la planificaci\u00f3n y los intentos suicidas afectan, aproximadamente, al 40% del estudiantado; al 7% en Noruega; y al 11,5% en Austria. En Espa\u00f1a, esta es la segunda causa de muerte en j\u00f3venes de entre 15 y 29 a\u00f1os.<\/p>\n<p><strong>Referencia:<\/strong><\/p>\n<p>Pastora Reina-Aguilar, Rosa Mar\u00eda D\u00edaz-Jim\u00e9nez, Francisco Caravaca-S\u00e1nchez. <em>Suicide Risk among University Students in Spain: Implications for Social Work<\/em>. Social Work, <a href=\"https:\/\/doi.org\/10.1093\/sw\/swad025\">https:\/\/doi.org\/10.1093\/sw\/swad025<\/a><\/p>\n","protected":false},"excerpt":{"rendered":"<p>Las investigadoras Pastora Reina Aguilar, Rosa Mar\u00eda D\u00edaz Jim\u00e9nez y Francisco Caravaca S\u00e1nchez, del Departamento de Trabajo Social y Servicios Sociales de la Universidad Pablo de Olavide, han publicado un estudio en la revista Social Work que plantea medidas para paliar el riesgo de suicidio entre el estudiantado universitario en Espa\u00f1a desde el \u00e1mbito del Trabajo Social. En concreto, la investigaci\u00f3n concluye que el riesgo de suicidio afecta a un tercio del estudiantado universitario tras analizar este factor en estudiantes de diversos grados en universidades p\u00fablicas y privadas de Espa\u00f1a, es decir, un 29,2% de este alumnado ha tenido ideaci\u00f3n suicida a lo largo de su vida.<\/p>\n","protected":false},"author":14,"featured_media":30879647,"comment_status":"closed","ping_status":"open","sticky":false,"template":"","format":"standard","meta":{"_monsterinsights_skip_tracking":false,"_monsterinsights_sitenote_active":false,"_monsterinsights_sitenote_note":"","_monsterinsights_sitenote_category":0,"footnotes":""},"categories":[3],"tags":[3405,21,56,2300,8564,2299,103,2998],"class_list":["post-30879646","post","type-post","status-publish","format-standard","has-post-thumbnail","hentry","category-ciencia","tag-departamento-de-trabajo-social-y-servicios-sociales","tag-estudiantes","tag-investigacion","tag-salud-mental","tag-social-work","tag-suicidio","tag-trabajo-social","tag-violencia-sexual"],"_links":{"self":[{"href":"https:\/\/www.upo.es\/diario\/wp-json\/wp\/v2\/posts\/30879646","targetHints":{"allow":["GET"]}}],"collection":[{"href":"https:\/\/www.upo.es\/diario\/wp-json\/wp\/v2\/posts"}],"about":[{"href":"https:\/\/www.upo.es\/diario\/wp-json\/wp\/v2\/types\/post"}],"author":[{"embeddable":true,"href":"https:\/\/www.upo.es\/diario\/wp-json\/wp\/v2\/users\/14"}],"replies":[{"embeddable":true,"href":"https:\/\/www.upo.es\/diario\/wp-json\/wp\/v2\/comments?post=30879646"}],"version-history":[{"count":3,"href":"https:\/\/www.upo.es\/diario\/wp-json\/wp\/v2\/posts\/30879646\/revisions"}],"predecessor-version":[{"id":30879650,"href":"https:\/\/www.upo.es\/diario\/wp-json\/wp\/v2\/posts\/30879646\/revisions\/30879650"}],"wp:featuredmedia":[{"embeddable":true,"href":"https:\/\/www.upo.es\/diario\/wp-json\/wp\/v2\/media\/30879647"}],"wp:attachment":[{"href":"https:\/\/www.upo.es\/diario\/wp-json\/wp\/v2\/media?parent=30879646"}],"wp:term":[{"taxonomy":"category","embeddable":true,"href":"https:\/\/www.upo.es\/diario\/wp-json\/wp\/v2\/categories?post=30879646"},{"taxonomy":"post_tag","embeddable":true,"href":"https:\/\/www.upo.es\/diario\/wp-json\/wp\/v2\/tags?post=30879646"}],"curies":[{"name":"wp","href":"https:\/\/api.w.org\/{rel}","templated":true}]}}