{"id":30879651,"date":"2023-09-21T13:09:19","date_gmt":"2023-09-21T11:09:19","guid":{"rendered":"https:\/\/www.upo.es\/diario\/?p=30879651"},"modified":"2023-09-27T13:05:48","modified_gmt":"2023-09-27T11:05:48","slug":"vuelve-la-semana-europea-del-deporte-al-campus-de-la-universidad-pablo-de-olavide","status":"publish","type":"post","link":"https:\/\/www.upo.es\/diario\/institucional\/2023\/09\/vuelve-la-semana-europea-del-deporte-al-campus-de-la-universidad-pablo-de-olavide\/","title":{"rendered":"Vuelve la Semana Europea del Deporte al campus de la Universidad Pablo de Olavide"},"content":{"rendered":"<figure id=\"attachment_30879652\" aria-describedby=\"caption-attachment-30879652\" style=\"width: 750px\" class=\"wp-caption aligncenter\"><a href=\"https:\/\/www.upo.es\/diario\/wp-content\/uploads\/2023\/09\/Be-Active-2023-2-scaled.jpg\"><img loading=\"lazy\" decoding=\"async\" class=\"size-large wp-image-30879652\" src=\"https:\/\/www.upo.es\/diario\/wp-content\/uploads\/2023\/09\/Be-Active-2023-2-750x422.jpg\" alt=\"\" width=\"750\" height=\"422\" srcset=\"https:\/\/www.upo.es\/diario\/wp-content\/uploads\/2023\/09\/Be-Active-2023-2-750x422.jpg 750w, https:\/\/www.upo.es\/diario\/wp-content\/uploads\/2023\/09\/Be-Active-2023-2-420x236.jpg 420w, https:\/\/www.upo.es\/diario\/wp-content\/uploads\/2023\/09\/Be-Active-2023-2-768x432.jpg 768w, https:\/\/www.upo.es\/diario\/wp-content\/uploads\/2023\/09\/Be-Active-2023-2-1536x864.jpg 1536w, https:\/\/www.upo.es\/diario\/wp-content\/uploads\/2023\/09\/Be-Active-2023-2-2048x1152.jpg 2048w\" sizes=\"auto, (max-width: 750px) 100vw, 750px\" \/><\/a><figcaption id=\"caption-attachment-30879652\" class=\"wp-caption-text\">\u00c1frica Calvo y Antonio Fern\u00e1ndez presentan las actividades de la SED<\/figcaption><\/figure>\n<p>La Universidad Pablo de Olavide, a trav\u00e9s del <strong>Vicerrectorado de Campus Saludable y Deporte<\/strong>, organiza la segunda edici\u00f3n de la <strong>Semana Europea del Deporte<\/strong> (SED), que tendr\u00e1 lugar en el campus universitario entre el 25 y el 29 de septiembre. Con el lema <strong>#BeActive<\/strong>, la SED 2023 se celebra en instituciones de todo el continente bajo la iniciativa de la <strong>Comisi\u00f3n Europea<\/strong> y con el impulso del <strong>Consejo Superior de Deportes en Espa\u00f1a<\/strong>.<\/p>\n<p>El vicerrector de Campus Saludable y Deporte, <strong>Antonio Fern\u00e1ndez Mart\u00ednez<\/strong>, que ha presentado el programa de actividades junto con la directora general de Deporte de la UPO, <strong>\u00c1frica Calvo Lluch<\/strong>, ha destacado que el objetivo de esta iniciativa es \u201cfomentar la pr\u00e1ctica de la actividad f\u00edsica y buenos h\u00e1bitos alimentarios entre los miembros de nuestra comunidad universitaria\u201d. Asimismo, ha recordado el \u00e9xito de la primera edici\u00f3n, gracias a la cual, la Universidad Pablo de Olavide obtuvo el <strong>Premio #BeActive 2022<\/strong> del Consejo Superior de Deportes. \u201cEste a\u00f1o hemos trabajado con mucha ilusi\u00f3n para presentar un programa de actividades, a lo largo de toda la semana, que esperamos sea de inter\u00e9s, y donde animo a participar\u201d, ha se\u00f1alado.<\/p>\n<p>Este lunes, a las 11:30 horas, comienza la programaci\u00f3n en la Universidad Pablo de Olavide con un programa especial en <strong>RadiOlavide<\/strong>. El martes, en el Pasaje de la Ilustraci\u00f3n entre las 10:00 y las 12:00 horas, el estudiantado podr\u00e1 encontrar los stands para conseguir premios con los <strong>Retos #BeActive<\/strong>.<\/p>\n<p>Durante la jornada del mi\u00e9rcoles, en horario de 9:00 a 22:00 horas, el <strong>Gimnasio UPO<\/strong> celebra su Jornada de Puertas Abiertas con acceso gratuito para toda la comunidad universitaria; y a las 18:00 horas, se inaugura la <strong>pista de atletismo<\/strong> del campus despu\u00e9s de su reforma. Para el jueves, se ha previsto la celebraci\u00f3n del<strong> Seminario \u2018Pol\u00edticas europeas para el fomento de la actividad f\u00edsica: #BeActive #HealthyLifeStyle4All&#8217;<\/strong> en el Aula 1 del Edificio 11; as\u00ed como la presentaci\u00f3n del programa <strong>\u2018X tu salud, mu\u00e9vete\u2019<\/strong> a las 14:00 horas en el Aula 1 del Edificio 2; y la actividad deportiva <strong>\u2018Ejercicios saludables en el entorno laboral\u2019<\/strong>, que tendr\u00e1 como punto de encuentro el monolito Pablo de Olavide a las 14:30 horas.<\/p>\n<p>Finalmente, el viernes, la SED concluye con la Jornada de Puertas Abiertas de la pista de atletismo a partir de las 9:00 horas; la subida a la <strong>Torre Olavide<\/strong>; y la conferencia del presidente de LaLiga,<strong> Javier Tebas<\/strong>, bajo el t\u00edtulo \u2018La internacionalizaci\u00f3n de la LFP\u2019, organizada por la Facultad de Ciencias Empresariales en el Paraninfo a las 12:00 horas (<a href=\"https:\/\/euler.upo.es\/facultad-ciencias-empresariales\/es\/de-interes\/noticias-de-la-facultad\/El-proximo-viernes-29-de-septiembre-el-Presidente-de-la-Liga-Nacional-de-Futbol-Profesional-D.-Javier-Tebas-impartira-la-conferencia-titulada-La-internacionializacion-de-la-LFP\/\">inscripci\u00f3n previa<\/a>).<\/p>\n<h3><strong>Implicar a todos los estamentos sociales<\/strong><\/h3>\n<p>La Semana Europea del Deporte 2023 en Espa\u00f1a pretende batir los registros de participaci\u00f3n en las actividades promovidas. Para ello, con el objetivo de implicar a todos los estamentos sociales y aprovechar el a\u00f1o europeo de la formaci\u00f3n continua, se ha hecho hincapi\u00e9 en la lucha contra la obesidad derivada del sedentarismo creciente y los malos h\u00e1bitos de consumo, a favor de una vida saludable basada en el ejercicio f\u00edsico y la alimentaci\u00f3n adecuada.<\/p>\n<p>En este sentido, el Consejo Superior de Deportes ha firmado un compromiso con la Iniciativa \u2018HealthyLifeStyle4All\u2019 por el que redoblar\u00e1 esfuerzos en la difusi\u00f3n de la SED. Comunidades aut\u00f3nomas, municipios, centros educativos, centros deportivos, universidades y centros de trabajo est\u00e1n llamados a ser agentes implicados en la promoci\u00f3n deportiva para que realicen una o varias acciones que fomente la actividad f\u00edsica y los buenos h\u00e1bitos alimentarios entre la poblaci\u00f3n.<\/p>\n<ul>\n<li>Programa en: <a href=\"https:\/\/eventos.upo.es\/agenda\/show_event\/103774\/beactive-semana-europea-del-deporte-upo.html\">https:\/\/eventos.upo.es\/agenda\/show_event\/103774\/beactive-semana-europea-del-deporte-upo.html<\/a><\/li>\n<\/ul>\n<p>&nbsp;<\/p>\n","protected":false},"excerpt":{"rendered":"<p>La Universidad Pablo de Olavide, a trav\u00e9s del Vicerrectorado de Campus Saludable y Deporte, organiza la segunda edici\u00f3n de la Semana Europea del Deporte (SED), que tendr\u00e1 lugar en el campus universitario entre el 23 y el 29 de septiembre. Con el lema #BeActive, la SED 2023 se celebra en instituciones de todo el continente bajo la iniciativa de la Comisi\u00f3n Europea y con el impulso del Consejo Superior de Deportes en Espa\u00f1a.<\/p>\n","protected":false},"author":14,"featured_media":30879652,"comment_status":"closed","ping_status":"open","sticky":false,"template":"","format":"standard","meta":{"_monsterinsights_skip_tracking":false,"_monsterinsights_sitenote_active":false,"_monsterinsights_sitenote_note":"","_monsterinsights_sitenote_category":0,"footnotes":""},"categories":[6],"tags":[8565,2320,6214,541,8566,8567,8104,7253],"class_list":["post-30879651","post","type-post","status-publish","format-standard","has-post-thumbnail","hentry","category-institucional","tag-beactive","tag-comision-europea","tag-consejo-superior-de-deportes","tag-deporte","tag-direccion-general-de-deporte","tag-laliga","tag-semana-europea-del-deporte","tag-vicerrectorado-de-campus-saludable-y-deporte"],"_links":{"self":[{"href":"https:\/\/www.upo.es\/diario\/wp-json\/wp\/v2\/posts\/30879651","targetHints":{"allow":["GET"]}}],"collection":[{"href":"https:\/\/www.upo.es\/diario\/wp-json\/wp\/v2\/posts"}],"about":[{"href":"https:\/\/www.upo.es\/diario\/wp-json\/wp\/v2\/types\/post"}],"author":[{"embeddable":true,"href":"https:\/\/www.upo.es\/diario\/wp-json\/wp\/v2\/users\/14"}],"replies":[{"embeddable":true,"href":"https:\/\/www.upo.es\/diario\/wp-json\/wp\/v2\/comments?post=30879651"}],"version-history":[{"count":4,"href":"https:\/\/www.upo.es\/diario\/wp-json\/wp\/v2\/posts\/30879651\/revisions"}],"predecessor-version":[{"id":30879664,"href":"https:\/\/www.upo.es\/diario\/wp-json\/wp\/v2\/posts\/30879651\/revisions\/30879664"}],"wp:featuredmedia":[{"embeddable":true,"href":"https:\/\/www.upo.es\/diario\/wp-json\/wp\/v2\/media\/30879652"}],"wp:attachment":[{"href":"https:\/\/www.upo.es\/diario\/wp-json\/wp\/v2\/media?parent=30879651"}],"wp:term":[{"taxonomy":"category","embeddable":true,"href":"https:\/\/www.upo.es\/diario\/wp-json\/wp\/v2\/categories?post=30879651"},{"taxonomy":"post_tag","embeddable":true,"href":"https:\/\/www.upo.es\/diario\/wp-json\/wp\/v2\/tags?post=30879651"}],"curies":[{"name":"wp","href":"https:\/\/api.w.org\/{rel}","templated":true}]}}