{"id":30879731,"date":"2023-09-28T10:00:00","date_gmt":"2023-09-28T08:00:00","guid":{"rendered":"https:\/\/www.upo.es\/diario\/?p=30879731"},"modified":"2023-09-28T12:22:00","modified_gmt":"2023-09-28T10:22:00","slug":"jornadas-sobre-el-papel-del-trabajo-social-en-las-emergencias-en-el-campus-de-la-upo","status":"publish","type":"post","link":"https:\/\/www.upo.es\/diario\/docencia-formacion\/2023\/09\/jornadas-sobre-el-papel-del-trabajo-social-en-las-emergencias-en-el-campus-de-la-upo\/","title":{"rendered":"Jornadas sobre el papel del Trabajo Social en las emergencias en el campus de la UPO"},"content":{"rendered":"<figure id=\"attachment_30879732\" aria-describedby=\"caption-attachment-30879732\" style=\"width: 750px\" class=\"wp-caption aligncenter\"><a href=\"https:\/\/www.upo.es\/diario\/wp-content\/uploads\/2023\/09\/Jorn-TS-Emergencias-1-scaled.jpg\"><img loading=\"lazy\" decoding=\"async\" class=\"size-large wp-image-30879732\" src=\"https:\/\/www.upo.es\/diario\/wp-content\/uploads\/2023\/09\/Jorn-TS-Emergencias-1-750x422.jpg\" alt=\"\" width=\"750\" height=\"422\" srcset=\"https:\/\/www.upo.es\/diario\/wp-content\/uploads\/2023\/09\/Jorn-TS-Emergencias-1-750x422.jpg 750w, https:\/\/www.upo.es\/diario\/wp-content\/uploads\/2023\/09\/Jorn-TS-Emergencias-1-420x236.jpg 420w, https:\/\/www.upo.es\/diario\/wp-content\/uploads\/2023\/09\/Jorn-TS-Emergencias-1-768x432.jpg 768w, https:\/\/www.upo.es\/diario\/wp-content\/uploads\/2023\/09\/Jorn-TS-Emergencias-1-1536x864.jpg 1536w, https:\/\/www.upo.es\/diario\/wp-content\/uploads\/2023\/09\/Jorn-TS-Emergencias-1-2048x1152.jpg 2048w\" sizes=\"auto, (max-width: 750px) 100vw, 750px\" \/><\/a><figcaption id=\"caption-attachment-30879732\" class=\"wp-caption-text\">Jos\u00e9 Luis Garc\u00eda, Javier Gil, Laura L\u00f3pez y Jos\u00e9 Luis Sarasola en la mesa inaugural<\/figcaption><\/figure>\n<p>El Colegio Oficial de Trabajo Social de Sevilla ha organizado las Jornadas <strong>\u2018Emergencias: activaci\u00f3n y actores implicados. El Trabajo Social y los Grupos de Intervenci\u00f3n Social en Emergencias\u2019<\/strong> que se desarrollan hasta este jueves en el <strong>Centro Andaluz de Biolog\u00eda del Desarrollo (CABD)<\/strong> del campus de la Universidad Pablo de Olavide.<\/p>\n<p>La mesa inaugural ha contado con la vicerrectora de Relaciones Institucionales y Fundaciones de la UPO, <strong>Laura L\u00f3pez de la Cruz<\/strong>; el director general de Emergencias y Protecci\u00f3n Civil de la Junta de Andaluc\u00eda, <strong>Javier Gil Guerra<\/strong>; el delegado de Barrios de Atenci\u00f3n Preferente y Derechos Sociales del Ayuntamiento de Sevilla, <strong>Jos\u00e9 Luis Garc\u00eda Mart\u00edn<\/strong>; y el presidente del Colegio Oficial de Trabajo Social de Sevilla, <strong>Jos\u00e9 Luis Sarasola S\u00e1nchez-Serrano<\/strong>.<\/p>\n<p>La bienvenida institucional ha dado paso a la conferencia inaugural que han desarrollado <strong>Jos\u00e9 Mar\u00eda Mor\u00e1n Carrillo<\/strong>, coordinador de la Comisi\u00f3n de Emergencias del Consejo Andaluz de Colegios Profesionales de Trabajo Social, y <strong>Ana Marta Fern\u00e1ndez Mar\u00edn<\/strong>, coordinadora regional del Grupo de Intervenci\u00f3n Social en Emergencias de los Colegios Oficiales de Trabajo Social de Extremadura, con el t\u00edtulo \u2018La importancia de las emergencias sociales en el Trabajo Social y el papel de los GISE\u2019.<\/p>\n<p>Hasta este jueves, las jornadas desarrollar\u00e1n varias mesas redondas con tem\u00e1ticas como la importancia del CECOP en la gesti\u00f3n de la emergencia y la funci\u00f3n de los actores implicados en la emergencia.<\/p>\n","protected":false},"excerpt":{"rendered":"<p>El Colegio Oficial de Trabajo Social de Sevilla ha organizado las Jornadas \u2018Emergencias: activaci\u00f3n y actores implicados. El Trabajo Social y los Grupos de Intervenci\u00f3n Social en Emergencias\u2019 que se desarrollan hasta este jueves en el Centro Andaluz de Biolog\u00eda del Desarrollo (CABD) del campus de la Universidad Pablo de Olavide.<\/p>\n","protected":false},"author":14,"featured_media":30879732,"comment_status":"closed","ping_status":"open","sticky":false,"template":"","format":"standard","meta":{"_monsterinsights_skip_tracking":false,"_monsterinsights_sitenote_active":false,"_monsterinsights_sitenote_note":"","_monsterinsights_sitenote_category":0,"footnotes":""},"categories":[2779],"tags":[43,8573,1092,84,103],"class_list":["post-30879731","post","type-post","status-publish","format-standard","has-post-thumbnail","hentry","category-docencia-formacion","tag-cabd","tag-colegio-oficial-de-trabajo-social","tag-emergencias","tag-jornadas","tag-trabajo-social"],"_links":{"self":[{"href":"https:\/\/www.upo.es\/diario\/wp-json\/wp\/v2\/posts\/30879731","targetHints":{"allow":["GET"]}}],"collection":[{"href":"https:\/\/www.upo.es\/diario\/wp-json\/wp\/v2\/posts"}],"about":[{"href":"https:\/\/www.upo.es\/diario\/wp-json\/wp\/v2\/types\/post"}],"author":[{"embeddable":true,"href":"https:\/\/www.upo.es\/diario\/wp-json\/wp\/v2\/users\/14"}],"replies":[{"embeddable":true,"href":"https:\/\/www.upo.es\/diario\/wp-json\/wp\/v2\/comments?post=30879731"}],"version-history":[{"count":3,"href":"https:\/\/www.upo.es\/diario\/wp-json\/wp\/v2\/posts\/30879731\/revisions"}],"predecessor-version":[{"id":30879735,"href":"https:\/\/www.upo.es\/diario\/wp-json\/wp\/v2\/posts\/30879731\/revisions\/30879735"}],"wp:featuredmedia":[{"embeddable":true,"href":"https:\/\/www.upo.es\/diario\/wp-json\/wp\/v2\/media\/30879732"}],"wp:attachment":[{"href":"https:\/\/www.upo.es\/diario\/wp-json\/wp\/v2\/media?parent=30879731"}],"wp:term":[{"taxonomy":"category","embeddable":true,"href":"https:\/\/www.upo.es\/diario\/wp-json\/wp\/v2\/categories?post=30879731"},{"taxonomy":"post_tag","embeddable":true,"href":"https:\/\/www.upo.es\/diario\/wp-json\/wp\/v2\/tags?post=30879731"}],"curies":[{"name":"wp","href":"https:\/\/api.w.org\/{rel}","templated":true}]}}