{"id":30879737,"date":"2023-09-28T12:20:56","date_gmt":"2023-09-28T10:20:56","guid":{"rendered":"https:\/\/www.upo.es\/diario\/?p=30879737"},"modified":"2023-10-02T11:23:11","modified_gmt":"2023-10-02T09:23:11","slug":"la-fundacion-facua-participara-en-el-congreso-carmona-viii-en-el-marco-de-la-catedra-de-derecho-de-consumo","status":"publish","type":"post","link":"https:\/\/www.upo.es\/diario\/docencia-formacion\/2023\/09\/la-fundacion-facua-participara-en-el-congreso-carmona-viii-en-el-marco-de-la-catedra-de-derecho-de-consumo\/","title":{"rendered":"La Fundaci\u00f3n FACUA participar\u00e1 en el Congreso Carmona VIII en el marco de la C\u00e1tedra de Derecho de Consumo"},"content":{"rendered":"<figure id=\"attachment_30879738\" aria-describedby=\"caption-attachment-30879738\" style=\"width: 750px\" class=\"wp-caption aligncenter\"><a href=\"https:\/\/www.upo.es\/diario\/wp-content\/uploads\/2023\/09\/imagen1_FACUA.png\"><img loading=\"lazy\" decoding=\"async\" class=\"size-large wp-image-30879738\" src=\"https:\/\/www.upo.es\/diario\/wp-content\/uploads\/2023\/09\/imagen1_FACUA-750x518.png\" alt=\"\" width=\"750\" height=\"518\" srcset=\"https:\/\/www.upo.es\/diario\/wp-content\/uploads\/2023\/09\/imagen1_FACUA-750x518.png 750w, https:\/\/www.upo.es\/diario\/wp-content\/uploads\/2023\/09\/imagen1_FACUA-420x290.png 420w, https:\/\/www.upo.es\/diario\/wp-content\/uploads\/2023\/09\/imagen1_FACUA-768x530.png 768w, https:\/\/www.upo.es\/diario\/wp-content\/uploads\/2023\/09\/imagen1_FACUA-95x67.png 95w, https:\/\/www.upo.es\/diario\/wp-content\/uploads\/2023\/09\/imagen1_FACUA.png 792w\" sizes=\"auto, (max-width: 750px) 100vw, 750px\" \/><\/a><figcaption id=\"caption-attachment-30879738\" class=\"wp-caption-text\">Miguel \u00c1ngel Serrano, Sonia Bueno y Francisco Infante<\/figcaption><\/figure>\n<p>La Universidad Pablo de Olavide y la Fundaci\u00f3n FACUA han proyectado las pr\u00f3ximas actividades enmarcadas en la <a href=\"https:\/\/fundacionfacua.org\/catedra-de-consumo\/\"><strong>C\u00e1tedra de Derecho de Consumo de la UPO<\/strong><\/a>, entre las que destaca la participaci\u00f3n de la Fundaci\u00f3n en el <strong>Congreso \u2018Carmona VIII: Mujer y Derechos\u2019<\/strong>, que supone parte del legado de la rectora Rosario Valpuesta diez a\u00f1os despu\u00e9s y tendr\u00e1 lugar del 2 al 4 de noviembre en la ciudad de Carmona.<\/p>\n<p>De esta forma, se han establecido las bases organizativas de lo que resta del ejercicio 2023, donde se incluye otra actividad formativa prevista para diciembre sobre el an\u00e1lisis de los cambios normativos en el transporte a\u00e9reo.<\/p>\n<p>La C\u00e1tedra de Derecho de Consumo fue creada por la Universidad Pablo de Olavide y la Fundaci\u00f3n FACUA en noviembre de 2018 y cuenta con la colaboraci\u00f3n de FACUA \u2013 Consumidores en Acci\u00f3n. Su objetivo es la realizaci\u00f3n de actividades formativas y de investigaci\u00f3n, proponer la implementaci\u00f3n de t\u00edtulos propios universitarios, la participaci\u00f3n en foros sobre protecci\u00f3n y derechos de las personas consumidoras y la colaboraci\u00f3n en la elaboraci\u00f3n y desarrollo de planes, programas y proyectos con especial repercusi\u00f3n en personas consumidoras y usuarias.<\/p>\n<p>La direcci\u00f3n est\u00e1 a cargo del catedr\u00e1tico y rector de la Universidad Pablo de Olavide <strong>Francisco Oliva<\/strong> y un consejo del que tambi\u00e9n forman el catedr\u00e1tico y miembro del \u00c1rea de Derecho Civil <strong>Francisco Infante<\/strong>; el vicepresidente de FACUA y secretario de la Fundaci\u00f3n FACUA, <strong>Miguel \u00c1ngel Serrano<\/strong>; y la t\u00e9cnica de su escuela de formaci\u00f3n <strong>Sonia Bueno<\/strong>.<\/p>\n","protected":false},"excerpt":{"rendered":"<p>La Universidad Pablo de Olavide y la Fundaci\u00f3n FACUA han proyectado las pr\u00f3ximas actividades enmarcadas en la C\u00e1tedra de Derecho de Consumo de la UPO, entre las que destaca la participaci\u00f3n de la Fundaci\u00f3n en el Congreso \u2018Carmona VIII: Mujer y Derechos\u2019, que supone parte del legado de la rectora Rosario Valpuesta diez a\u00f1os despu\u00e9s y tendr\u00e1 lugar del 2 al 4 de noviembre en la ciudad de Carmona.<\/p>\n","protected":false},"author":14,"featured_media":30879738,"comment_status":"closed","ping_status":"open","sticky":false,"template":"","format":"standard","meta":{"_monsterinsights_skip_tracking":false,"_monsterinsights_sitenote_active":false,"_monsterinsights_sitenote_note":"","_monsterinsights_sitenote_category":0,"footnotes":""},"categories":[2779],"tags":[8574,8575,749,87,6023,7381],"class_list":["post-30879737","post","type-post","status-publish","format-standard","has-post-thumbnail","hentry","category-docencia-formacion","tag-catedra-derecho-de-consumo","tag-congreso-carmona-viii","tag-consumo","tag-derecho","tag-facua","tag-francisco-oliva"],"_links":{"self":[{"href":"https:\/\/www.upo.es\/diario\/wp-json\/wp\/v2\/posts\/30879737","targetHints":{"allow":["GET"]}}],"collection":[{"href":"https:\/\/www.upo.es\/diario\/wp-json\/wp\/v2\/posts"}],"about":[{"href":"https:\/\/www.upo.es\/diario\/wp-json\/wp\/v2\/types\/post"}],"author":[{"embeddable":true,"href":"https:\/\/www.upo.es\/diario\/wp-json\/wp\/v2\/users\/14"}],"replies":[{"embeddable":true,"href":"https:\/\/www.upo.es\/diario\/wp-json\/wp\/v2\/comments?post=30879737"}],"version-history":[{"count":1,"href":"https:\/\/www.upo.es\/diario\/wp-json\/wp\/v2\/posts\/30879737\/revisions"}],"predecessor-version":[{"id":30879739,"href":"https:\/\/www.upo.es\/diario\/wp-json\/wp\/v2\/posts\/30879737\/revisions\/30879739"}],"wp:featuredmedia":[{"embeddable":true,"href":"https:\/\/www.upo.es\/diario\/wp-json\/wp\/v2\/media\/30879738"}],"wp:attachment":[{"href":"https:\/\/www.upo.es\/diario\/wp-json\/wp\/v2\/media?parent=30879737"}],"wp:term":[{"taxonomy":"category","embeddable":true,"href":"https:\/\/www.upo.es\/diario\/wp-json\/wp\/v2\/categories?post=30879737"},{"taxonomy":"post_tag","embeddable":true,"href":"https:\/\/www.upo.es\/diario\/wp-json\/wp\/v2\/tags?post=30879737"}],"curies":[{"name":"wp","href":"https:\/\/api.w.org\/{rel}","templated":true}]}}