{"id":30879740,"date":"2023-09-28T12:35:52","date_gmt":"2023-09-28T10:35:52","guid":{"rendered":"https:\/\/www.upo.es\/diario\/?p=30879740"},"modified":"2023-09-29T14:22:27","modified_gmt":"2023-09-29T12:22:27","slug":"el-presidente-de-la-laliga-aborda-en-la-upo-la-internacionalizacion-del-futbol-espanol","status":"publish","type":"post","link":"https:\/\/www.upo.es\/diario\/docencia-formacion\/2023\/09\/el-presidente-de-la-laliga-aborda-en-la-upo-la-internacionalizacion-del-futbol-espanol\/","title":{"rendered":"El presidente de la LALIGA aborda en la UPO la internacionalizaci\u00f3n del f\u00fatbol espa\u00f1ol"},"content":{"rendered":"<figure id=\"attachment_30879741\" aria-describedby=\"caption-attachment-30879741\" style=\"width: 349px\" class=\"wp-caption alignright\"><a href=\"https:\/\/www.upo.es\/diario\/wp-content\/uploads\/2023\/09\/imagen1_Tebas.jpeg\"><img loading=\"lazy\" decoding=\"async\" class=\"size-medium wp-image-30879741\" src=\"https:\/\/www.upo.es\/diario\/wp-content\/uploads\/2023\/09\/imagen1_Tebas-349x420.jpeg\" alt=\"\" width=\"349\" height=\"420\" srcset=\"https:\/\/www.upo.es\/diario\/wp-content\/uploads\/2023\/09\/imagen1_Tebas-349x420.jpeg 349w, https:\/\/www.upo.es\/diario\/wp-content\/uploads\/2023\/09\/imagen1_Tebas-437x525.jpeg 437w, https:\/\/www.upo.es\/diario\/wp-content\/uploads\/2023\/09\/imagen1_Tebas.jpeg 740w\" sizes=\"auto, (max-width: 349px) 100vw, 349px\" \/><\/a><figcaption id=\"caption-attachment-30879741\" class=\"wp-caption-text\">Javier Tebas, presidente de LALIGA<\/figcaption><\/figure>\n<p><strong>Javier Tebas<\/strong>, presidente de LALIGA, imparte este viernes 29 de septiembre a las 12:00 horas en el Paraninfo de la Universidad Pablo de Olavide la conferencia <strong>\u2018La internacionalizaci\u00f3n de la LALIGA<\/strong>\u2019. Este acto est\u00e1 organizado por la Facultad de Ciencias Empresariales de la UPO.<\/p>\n<p>Javier Tebas Medrano (San Jos\u00e9 de Costa Rica, 1962) es licenciado en Derecho por la Universidad de Zaragoza. Abogado ejerciente desde 1987, fund\u00f3 su propio despacho con especializaci\u00f3n en Derecho de Empresa al que, posteriormente, incorpor\u00f3 \u00e1reas en Derecho Deportivo y Derecho Concursal. Su vinculaci\u00f3n directa con el mundo del f\u00fatbol comenz\u00f3 en el a\u00f1o 1993 cuando fue nombrado presidente de la Sociedad Deportiva Huesca. En 2001, fue elegido vicepresidente de LALIGA y, desde abril de 2013, es presidente, cargo para el que fue reelegido en 2016 y en 2019.<\/p>\n<p>Entre los hitos de sus mandatos como presidente, figura el control econ\u00f3mico para la reducci\u00f3n del endeudamiento de los clubes y la venta centralizada de los derechos audiovisuales. Hoy por hoy, la internacionalizaci\u00f3n es una de las se\u00f1as de identidad de LALIGA, gracias a la cual, m\u00e1s de 2.700 millones de personas siguen el f\u00fatbol espa\u00f1ol a trav\u00e9s de m\u00e1s de 90 operadores en 184 pa\u00edses.<\/p>\n<ul>\n<li>Inscripci\u00f3n <a href=\"https:\/\/www.upo.es\/formularios\/la-internacionalizacion-de-la-lfp\/index.html\">aqu\u00ed<\/a>.<\/li>\n<\/ul>\n","protected":false},"excerpt":{"rendered":"<p>Javier Tebas, presidente de LALIGA, imparte este viernes 29 de septiembre a las 12:00 horas en el Paraninfo de la Universidad Pablo de Olavide la conferencia \u2018La internacionalizaci\u00f3n de la LALIGA\u2019. Este acto est\u00e1 organizado por la Facultad de Ciencias Empresariales de la UPO.<\/p>\n","protected":false},"author":14,"featured_media":30879743,"comment_status":"closed","ping_status":"open","sticky":false,"template":"","format":"standard","meta":{"_monsterinsights_skip_tracking":false,"_monsterinsights_sitenote_active":false,"_monsterinsights_sitenote_note":"","_monsterinsights_sitenote_category":0,"footnotes":""},"categories":[2779],"tags":[541,360,46,925,8576,8567],"class_list":["post-30879740","post","type-post","status-publish","format-standard","has-post-thumbnail","hentry","category-docencia-formacion","tag-deporte","tag-facultad-de-ciencias-empresariales","tag-futbol","tag-internacionalizacion","tag-javier-tebas","tag-laliga"],"_links":{"self":[{"href":"https:\/\/www.upo.es\/diario\/wp-json\/wp\/v2\/posts\/30879740","targetHints":{"allow":["GET"]}}],"collection":[{"href":"https:\/\/www.upo.es\/diario\/wp-json\/wp\/v2\/posts"}],"about":[{"href":"https:\/\/www.upo.es\/diario\/wp-json\/wp\/v2\/types\/post"}],"author":[{"embeddable":true,"href":"https:\/\/www.upo.es\/diario\/wp-json\/wp\/v2\/users\/14"}],"replies":[{"embeddable":true,"href":"https:\/\/www.upo.es\/diario\/wp-json\/wp\/v2\/comments?post=30879740"}],"version-history":[{"count":1,"href":"https:\/\/www.upo.es\/diario\/wp-json\/wp\/v2\/posts\/30879740\/revisions"}],"predecessor-version":[{"id":30879742,"href":"https:\/\/www.upo.es\/diario\/wp-json\/wp\/v2\/posts\/30879740\/revisions\/30879742"}],"wp:featuredmedia":[{"embeddable":true,"href":"https:\/\/www.upo.es\/diario\/wp-json\/wp\/v2\/media\/30879743"}],"wp:attachment":[{"href":"https:\/\/www.upo.es\/diario\/wp-json\/wp\/v2\/media?parent=30879740"}],"wp:term":[{"taxonomy":"category","embeddable":true,"href":"https:\/\/www.upo.es\/diario\/wp-json\/wp\/v2\/categories?post=30879740"},{"taxonomy":"post_tag","embeddable":true,"href":"https:\/\/www.upo.es\/diario\/wp-json\/wp\/v2\/tags?post=30879740"}],"curies":[{"name":"wp","href":"https:\/\/api.w.org\/{rel}","templated":true}]}}