{"id":30879744,"date":"2023-09-28T13:35:30","date_gmt":"2023-09-28T11:35:30","guid":{"rendered":"https:\/\/www.upo.es\/diario\/?p=30879744"},"modified":"2023-10-31T14:25:03","modified_gmt":"2023-10-31T13:25:03","slug":"una-investigacion-sobre-la-economia-de-indias-y-otra-sobre-redes-sociales-premios-tfg-y-tfm-en-igualdad","status":"publish","type":"post","link":"https:\/\/www.upo.es\/diario\/comunidad\/2023\/09\/una-investigacion-sobre-la-economia-de-indias-y-otra-sobre-redes-sociales-premios-tfg-y-tfm-en-igualdad\/","title":{"rendered":"Una investigaci\u00f3n sobre la econom\u00eda de Indias y otra sobre redes sociales, premios TFG y TFM en igualdad"},"content":{"rendered":"<figure id=\"attachment_30879745\" aria-describedby=\"caption-attachment-30879745\" style=\"width: 750px\" class=\"wp-caption aligncenter\"><a href=\"https:\/\/www.upo.es\/diario\/wp-content\/uploads\/2023\/09\/Imagen1PremioTFG_TFM12.jpg\"><img loading=\"lazy\" decoding=\"async\" class=\"size-large wp-image-30879745\" src=\"https:\/\/www.upo.es\/diario\/wp-content\/uploads\/2023\/09\/Imagen1PremioTFG_TFM12-750x493.jpg\" alt=\"\" width=\"750\" height=\"493\" srcset=\"https:\/\/www.upo.es\/diario\/wp-content\/uploads\/2023\/09\/Imagen1PremioTFG_TFM12-750x493.jpg 750w, https:\/\/www.upo.es\/diario\/wp-content\/uploads\/2023\/09\/Imagen1PremioTFG_TFM12-420x276.jpg 420w, https:\/\/www.upo.es\/diario\/wp-content\/uploads\/2023\/09\/Imagen1PremioTFG_TFM12-768x505.jpg 768w, https:\/\/www.upo.es\/diario\/wp-content\/uploads\/2023\/09\/Imagen1PremioTFG_TFM12-1536x1010.jpg 1536w, https:\/\/www.upo.es\/diario\/wp-content\/uploads\/2023\/09\/Imagen1PremioTFG_TFM12-380x250.jpg 380w, https:\/\/www.upo.es\/diario\/wp-content\/uploads\/2023\/09\/Imagen1PremioTFG_TFM12-760x500.jpg 760w, https:\/\/www.upo.es\/diario\/wp-content\/uploads\/2023\/09\/Imagen1PremioTFG_TFM12-165x109.jpg 165w, https:\/\/www.upo.es\/diario\/wp-content\/uploads\/2023\/09\/Imagen1PremioTFG_TFM12-1320x868.jpg 1320w, https:\/\/www.upo.es\/diario\/wp-content\/uploads\/2023\/09\/Imagen1PremioTFG_TFM12.jpg 1907w\" sizes=\"auto, (max-width: 750px) 100vw, 750px\" \/><\/a><figcaption id=\"caption-attachment-30879745\" class=\"wp-caption-text\">M\u00f3nica Dom\u00ednguez, Paola Molina, Mar\u00eda de Gracia Correa, Carmen Mar\u00eda Barroso y Pilar Moreno<\/figcaption><\/figure>\n<p>La delegada del rector para la Igualdad de G\u00e9nero, <strong>M\u00f3nica Dom\u00ednguez Serrano<\/strong>, y directora general de Estudiantes, <strong>Pilar Moreno Navarro<\/strong>, han entregado los galardones de la <strong>V Edici\u00f3n de los Premios al mejor Trabajo Fin de Grado (TFG) y Trabajo Fin de M\u00e1ster (TFM) en materia de g\u00e9nero e igualdad<\/strong> de la Universidad Pablo de Olavide.<\/p>\n<p>En esta ocasi\u00f3n, <strong>Paola Molina Almarcha<\/strong>, del Grado en Humanidades, con el estudio titulado \u2018Do\u00f1a Baptistina Gallo y do\u00f1a Francisca Clemencia de Winthuysen Gallo: La mujer como agente activo de la econom\u00eda de Indias del siglo XVIII en El Puerto de Santa Mar\u00eda (C\u00e1diz)\u2019 y <strong>Mar\u00eda de Gracia Correa Hidalgo<\/strong>, del M\u00e1ster en G\u00e9nero e Igualdad, con \u2018El control a trav\u00e9s de las redes sociales como nuevo espacio de violencia de g\u00e9nero en adolescentes\u2019 han sido las ganadoras de los premios a los mejores TFG y TFM respectivamente. Adem\u00e1s, el trabajo \u2018La sexualidad femenina como reto del feminismo roman\u00ed: investigaci\u00f3n cualitativa sobre las vivencias sexuales de las mujeres gitanas de Andaluc\u00eda desde la cotidianeidad\u2019, de <strong>Carmen Mar\u00eda Barroso Mi\u00f1ana<\/strong>, del M\u00e1ster en G\u00e9nero e Igualdad, ha sido premiado con el acc\u00e9sit en la categor\u00eda de los trabajos fin de m\u00e1ster.<\/p>\n<p>El jurado ha valorado en el TFG de Paola Molina \u201csu rigor en el proceso de documentaci\u00f3n hist\u00f3rica para contribuir al conocimiento de la participaci\u00f3n de las mujeres en la actividad de la econom\u00eda de Indias\u201d; as\u00ed como, en el caso de Mar\u00eda de Gracia Correa, \u201cel valor a\u00f1adido en una materia que est\u00e1 siendo objeto de un gran debate y de una importante evoluci\u00f3n normativa\u201d. Adem\u00e1s de la certificaci\u00f3n institucional de la concesi\u00f3n del reconocimiento, el premio al mejor Trabajo Fin de Grado est\u00e1 dotado con 400 euros y un iPad; y el mejor Trabajo Fin de M\u00e1ster con 700 euros y un iPad.<\/p>\n<figure id=\"attachment_30879746\" aria-describedby=\"caption-attachment-30879746\" style=\"width: 420px\" class=\"wp-caption alignright\"><a href=\"https:\/\/www.upo.es\/diario\/wp-content\/uploads\/2023\/09\/PremioTFG_TFM8.jpg\"><img loading=\"lazy\" decoding=\"async\" class=\"size-medium wp-image-30879746\" src=\"https:\/\/www.upo.es\/diario\/wp-content\/uploads\/2023\/09\/PremioTFG_TFM8-420x280.jpg\" alt=\"\" width=\"420\" height=\"280\" srcset=\"https:\/\/www.upo.es\/diario\/wp-content\/uploads\/2023\/09\/PremioTFG_TFM8-420x280.jpg 420w, https:\/\/www.upo.es\/diario\/wp-content\/uploads\/2023\/09\/PremioTFG_TFM8-750x500.jpg 750w, https:\/\/www.upo.es\/diario\/wp-content\/uploads\/2023\/09\/PremioTFG_TFM8-768x512.jpg 768w, https:\/\/www.upo.es\/diario\/wp-content\/uploads\/2023\/09\/PremioTFG_TFM8-1536x1025.jpg 1536w, https:\/\/www.upo.es\/diario\/wp-content\/uploads\/2023\/09\/PremioTFG_TFM8-165x109.jpg 165w, https:\/\/www.upo.es\/diario\/wp-content\/uploads\/2023\/09\/PremioTFG_TFM8-1320x880.jpg 1320w, https:\/\/www.upo.es\/diario\/wp-content\/uploads\/2023\/09\/PremioTFG_TFM8.jpg 2000w\" sizes=\"auto, (max-width: 420px) 100vw, 420px\" \/><\/a><figcaption id=\"caption-attachment-30879746\" class=\"wp-caption-text\">La delegada del rector para la Igualdad de G\u00e9nero y la directora general de Estudiantes<\/figcaption><\/figure>\n<p>M\u00f3nica Dom\u00ednguez Serrano ha se\u00f1alado que, con estos galardones, \u201cestamos premiando la excelencia cient\u00edfica que, adem\u00e1s, tiene perspectiva de g\u00e9nero\u201d. En este sentido, ha destacado la importancia de la transversalidad del g\u00e9nero porque \u201cno es una cuesti\u00f3n parcial, sino que tiene que estar en todos los \u00e1mbitos\u201d.<\/p>\n<p>Por otro lado, ha se\u00f1alado que la Universidad Pablo de Olavide es una instituci\u00f3n muy comprometida desde sus or\u00edgenes y ha recordado que cuenta con unos presupuestos con perspectiva de g\u00e9nero; as\u00ed como con una Gu\u00eda para la incorporaci\u00f3n de esta en la docencia y las acciones positivas que, por primera vez, se incluyen en el Plan Propio de Investigaci\u00f3n. Finalmente, la delegada ha informado sobre los trabajos que se est\u00e1n realizando en este aspecto sobre el nuevo mapa de titulaciones, en la formaci\u00f3n del profesorado y en la Escuela de Doctorado.<\/p>\n<p>Por su parte, Pilar Moreno ha destacado el apoyo del Vicerrectorado de Estudiantes a estos premios porque \u201cla sociedad necesita a personas que transmitan la igualdad de g\u00e9nero en muchos \u00e1mbitos para que sigan trabajando y sean referentes en la universidad y en su comunidad\u201d. Por otra parte, se ha referido a la captaci\u00f3n de estudiantes en ramas acad\u00e9micas como las ingenier\u00edas o el deporte, donde la presencia femenina es sensiblemente inferior a la masculina: \u201cNo se captan estas estudiantes en Bachillerato, sino que la igualdad tiene que permear en toda la sociedad para que llegue a ellas desde cursos anteriores\u201d.<\/p>\n<h3><strong>Matr\u00edcula en la UPO y valoraci\u00f3n de Sobresaliente<\/strong><\/h3>\n<p>Estos galardones tienen como objetivo <strong>promover el conocimiento que contribuya a la igualdad real entre mujeres y hombres y el reconocimiento de la diversidad sexual y de g\u00e9nero en la construcci\u00f3n de una sociedad justa e igualitaria<\/strong>, que debe ser la tem\u00e1tica abordada por los trabajos.<\/p>\n<p>Para participar en esta convocatoria, las personas interesadas deben haber estado matriculadas en la Universidad Pablo de Olavide durante el curso anterior o haber presentado en ella su Trabajo Fin de Grado o Fin de M\u00e1ster, cuya valoraci\u00f3n debe ser, al menos, de \u2018Sobresaliente\u2019. La Comisi\u00f3n de Evaluaci\u00f3n se rige para la valoraci\u00f3n de los trabajos por criterios como la incorporaci\u00f3n del g\u00e9nero como categor\u00eda de an\u00e1lisis; el inter\u00e9s cient\u00edfico, social y cultural del tema; el reconocimiento efectivo y visibilizaci\u00f3n de las mujeres; la contribuci\u00f3n a la igualdad real entre mujeres y hombres; las masculinidades positivas; la libertad del colectivo LGTBI+; y la originalidad en la tem\u00e1tica y los m\u00e9todos de an\u00e1lisis.<\/p>\n<figure id=\"attachment_30879747\" aria-describedby=\"caption-attachment-30879747\" style=\"width: 750px\" class=\"wp-caption aligncenter\"><a href=\"https:\/\/www.upo.es\/diario\/wp-content\/uploads\/2023\/09\/PremioTFG_TFM13.jpg\"><img loading=\"lazy\" decoding=\"async\" class=\"size-large wp-image-30879747\" src=\"https:\/\/www.upo.es\/diario\/wp-content\/uploads\/2023\/09\/PremioTFG_TFM13-750x500.jpg\" alt=\"\" width=\"750\" height=\"500\" srcset=\"https:\/\/www.upo.es\/diario\/wp-content\/uploads\/2023\/09\/PremioTFG_TFM13-750x500.jpg 750w, https:\/\/www.upo.es\/diario\/wp-content\/uploads\/2023\/09\/PremioTFG_TFM13-420x280.jpg 420w, https:\/\/www.upo.es\/diario\/wp-content\/uploads\/2023\/09\/PremioTFG_TFM13-768x512.jpg 768w, https:\/\/www.upo.es\/diario\/wp-content\/uploads\/2023\/09\/PremioTFG_TFM13-1536x1025.jpg 1536w, https:\/\/www.upo.es\/diario\/wp-content\/uploads\/2023\/09\/PremioTFG_TFM13-165x109.jpg 165w, https:\/\/www.upo.es\/diario\/wp-content\/uploads\/2023\/09\/PremioTFG_TFM13-1320x880.jpg 1320w, https:\/\/www.upo.es\/diario\/wp-content\/uploads\/2023\/09\/PremioTFG_TFM13.jpg 2000w\" sizes=\"auto, (max-width: 750px) 100vw, 750px\" \/><\/a><figcaption id=\"caption-attachment-30879747\" class=\"wp-caption-text\">Las estudiantes premiadas con sus familias y miembros de la UPO<\/figcaption><\/figure>\n","protected":false},"excerpt":{"rendered":"<p>La delegada del rector para la Igualdad de G\u00e9nero, M\u00f3nica Dom\u00ednguez Serrano, y directora general de Estudiantes, Pilar Moreno Navarro, han entregado los galardones de la V Edici\u00f3n de los Premios al mejor Trabajo Fin de Grado (TFG) y Trabajo Fin de M\u00e1ster (TFM) en materia de g\u00e9nero e igualdad de la Universidad Pablo de Olavide. <\/p>\n","protected":false},"author":14,"featured_media":30879745,"comment_status":"closed","ping_status":"open","sticky":false,"template":"","format":"standard","meta":{"_monsterinsights_skip_tracking":false,"_monsterinsights_sitenote_active":false,"_monsterinsights_sitenote_note":"","_monsterinsights_sitenote_category":0,"footnotes":""},"categories":[5842],"tags":[7412,517,5883,56,6244,3650,5873,2114],"class_list":["post-30879744","post","type-post","status-publish","format-standard","has-post-thumbnail","hentry","category-comunidad","tag-delegacion-del-rector-para-la-igualdad-de-genero","tag-igualdad","tag-igualdad-de-genero","tag-investigacion","tag-perspectiva-de-genero","tag-tfg","tag-tfm","tag-vicerrectorado-de-estudiantes"],"_links":{"self":[{"href":"https:\/\/www.upo.es\/diario\/wp-json\/wp\/v2\/posts\/30879744","targetHints":{"allow":["GET"]}}],"collection":[{"href":"https:\/\/www.upo.es\/diario\/wp-json\/wp\/v2\/posts"}],"about":[{"href":"https:\/\/www.upo.es\/diario\/wp-json\/wp\/v2\/types\/post"}],"author":[{"embeddable":true,"href":"https:\/\/www.upo.es\/diario\/wp-json\/wp\/v2\/users\/14"}],"replies":[{"embeddable":true,"href":"https:\/\/www.upo.es\/diario\/wp-json\/wp\/v2\/comments?post=30879744"}],"version-history":[{"count":2,"href":"https:\/\/www.upo.es\/diario\/wp-json\/wp\/v2\/posts\/30879744\/revisions"}],"predecessor-version":[{"id":30879750,"href":"https:\/\/www.upo.es\/diario\/wp-json\/wp\/v2\/posts\/30879744\/revisions\/30879750"}],"wp:featuredmedia":[{"embeddable":true,"href":"https:\/\/www.upo.es\/diario\/wp-json\/wp\/v2\/media\/30879745"}],"wp:attachment":[{"href":"https:\/\/www.upo.es\/diario\/wp-json\/wp\/v2\/media?parent=30879744"}],"wp:term":[{"taxonomy":"category","embeddable":true,"href":"https:\/\/www.upo.es\/diario\/wp-json\/wp\/v2\/categories?post=30879744"},{"taxonomy":"post_tag","embeddable":true,"href":"https:\/\/www.upo.es\/diario\/wp-json\/wp\/v2\/tags?post=30879744"}],"curies":[{"name":"wp","href":"https:\/\/api.w.org\/{rel}","templated":true}]}}