{"id":30879753,"date":"2023-09-28T19:26:41","date_gmt":"2023-09-28T17:26:41","guid":{"rendered":"https:\/\/www.upo.es\/diario\/?p=30879753"},"modified":"2023-09-29T09:35:32","modified_gmt":"2023-09-29T07:35:32","slug":"mas-de-50-personas-participan-en-carmona-en-las-ix-jornadas-doctorales-de-biotecnologia","status":"publish","type":"post","link":"https:\/\/www.upo.es\/diario\/docencia-formacion\/2023\/09\/mas-de-50-personas-participan-en-carmona-en-las-ix-jornadas-doctorales-de-biotecnologia\/","title":{"rendered":"M\u00e1s de 50 personas participan en Carmona en las IX Jornadas Doctorales de Biotecnolog\u00eda"},"content":{"rendered":"<p><a href=\"https:\/\/www.upo.es\/diario\/wp-content\/uploads\/2023\/09\/Jornadas-doctorales-scaled.jpg\"><img loading=\"lazy\" decoding=\"async\" class=\"aligncenter wp-image-30879754 size-large\" src=\"https:\/\/www.upo.es\/diario\/wp-content\/uploads\/2023\/09\/Jornadas-doctorales-scaled-e1695972767749-750x341.jpg\" alt=\"\" width=\"750\" height=\"341\" srcset=\"https:\/\/www.upo.es\/diario\/wp-content\/uploads\/2023\/09\/Jornadas-doctorales-scaled-e1695972767749-750x341.jpg 750w, https:\/\/www.upo.es\/diario\/wp-content\/uploads\/2023\/09\/Jornadas-doctorales-scaled-e1695972767749-420x191.jpg 420w, https:\/\/www.upo.es\/diario\/wp-content\/uploads\/2023\/09\/Jornadas-doctorales-scaled-e1695972767749-768x349.jpg 768w, https:\/\/www.upo.es\/diario\/wp-content\/uploads\/2023\/09\/Jornadas-doctorales-scaled-e1695972767749-1536x698.jpg 1536w, https:\/\/www.upo.es\/diario\/wp-content\/uploads\/2023\/09\/Jornadas-doctorales-scaled-e1695972767749-2048x931.jpg 2048w, https:\/\/www.upo.es\/diario\/wp-content\/uploads\/2023\/09\/Jornadas-doctorales-scaled-e1695972767749-1320x600.jpg 1320w\" sizes=\"auto, (max-width: 750px) 100vw, 750px\" \/><\/a>La sede de la Universidad Pablo de Olavide en Carmona \u2013 Rectora Rosario Valpuesta acoge hoy la celebraci\u00f3n de las IX Jornadas Doctorales del <strong>Programa de Doctorado en Biotecnolog\u00eda, Ingenier\u00eda y Tecnolog\u00eda Qu\u00edmica<\/strong> de la UPO, organizadas por el profesor <strong>Andr\u00e9s Garz\u00f3n<\/strong>, coordinador del programa, en representaci\u00f3n de la comisi\u00f3n acad\u00e9mica y estudiantes de dicho programa y que se extender\u00e1n hasta el viernes.<\/p>\n<p>Las jornadas, a las que asisten m\u00e1s de 50 expertos, entre estudiantes e investigadores del programa, comenzar\u00e1n a las 9,30 horas con la conferencia de <strong>Gonzalo Mill\u00e1n Zambrano<\/strong>, investigador del Centro Andaluz de Biolog\u00eda Molecular y Medicina Regenerativa (Cabimer), centro mixto de la Universidad Pablo de Olavide, la Universidad de Sevilla y el Consejo Superior de Investigaciones Cient\u00edficas, quien impartir\u00e1 la ponencia \u201c<strong><em>Histone PTMs &#8211; coordinators of genome activity<\/em><\/strong>\u201d.<\/p>\n<p>Una de las necesidades de la investigaci\u00f3n cient\u00edfica en la actualidad es la creaci\u00f3n de equipos multidisciplinares que permitan el abordaje de problemas actuales con distintas miradas provenientes de diversos campos de la ciencia. Por ello, el programa de doctorado organiza la novena edici\u00f3n de estas jornadas, cuyo objetivo principal es divulgar la investigaci\u00f3n que se realiza dentro del programa y fomentar la interacci\u00f3n entre el alumnado, adem\u00e1s de debatir los retos de la ciencia en la sociedad.<\/p>\n<p>Para ello, los estudiantes expondr\u00e1n su trabajo en sesiones cortas, presentaciones en formato p\u00f3ster, gymkhanas por Carmona, sesiones de charlas y actividades en grupo dirigidas a fomentar la interacci\u00f3n entre los asistentes. Adem\u00e1s, durante las jornadas los estudiantes de primer a\u00f1o de doctorado realizar\u00e1n la defensa p\u00fablica de sus proyectos de investigaci\u00f3n para sus tesis doctorales.<\/p>\n<p>Entre los temas que se abordar\u00e1n en el transcurso de las mismas figuran los proyectos de investigaci\u00f3n del alumnado, la importancia de la interdisciplinariedad en la investigaci\u00f3n actual, el reto de la aplicaci\u00f3n de la perspectiva de g\u00e9nero en la investigaci\u00f3n y las cuestiones relevantes de la organizaci\u00f3n del programa.<\/p>\n<p>Este programa de Doctorado nace con una vocaci\u00f3n multidisciplinar para incluir l\u00edneas de investigaci\u00f3n aplicadas y b\u00e1sicas dentro de los \u00e1mbitos de la Biotecnolog\u00eda, la Ingenier\u00eda y la Tecnolog\u00eda Qu\u00edmica, orientadas a la mejora del medioambiente, la salud y los procesos industriales. El programa ofrece una formaci\u00f3n de excelencia para los doctorandos que les capacite para llevar a cabo trabajos de investigaci\u00f3n de alto nivel, tanto en puestos acad\u00e9micos como en la industria.<\/p>\n<p>Para obtener m\u00e1s informaci\u00f3n sobre este programa de doctorado:<br \/>\n<a href=\"http:\/\/www.upo.es\/postgrado\/Doctorado-Biotecnologia-Ingenieria-y-Tecnologia-Quimica\">www.upo.es\/postgrado\/Doctorado-Biotecnologia-Ingenieria-y-Tecnologia-Quimica<\/a><\/p>\n<p>Fuente: <strong>Fundaci\u00f3n Universidad Pablo de Olavide<\/strong><\/p>\n","protected":false},"excerpt":{"rendered":"<p>La sede de la Universidad Pablo de Olavide en Carmona \u2013 Rectora Rosario Valpuesta acoge hoy la celebraci\u00f3n de las IX Jornadas Doctorales del Programa de Doctorado en Biotecnolog\u00eda, Ingenier\u00eda y Tecnolog\u00eda Qu\u00edmica de la UPO, organizadas por el profesor Andr\u00e9s Garz\u00f3n, coordinador del programa, en representaci\u00f3n de la comisi\u00f3n acad\u00e9mica y estudiantes de dicho programa y que se extender\u00e1n hasta el viernes.<\/p>\n","protected":false},"author":6,"featured_media":30879754,"comment_status":"closed","ping_status":"open","sticky":false,"template":"","format":"standard","meta":{"_monsterinsights_skip_tracking":false,"_monsterinsights_sitenote_active":false,"_monsterinsights_sitenote_note":"","_monsterinsights_sitenote_category":0,"footnotes":""},"categories":[2779],"tags":[246,121,364,84],"class_list":["post-30879753","post","type-post","status-publish","format-standard","has-post-thumbnail","hentry","category-docencia-formacion","tag-biologia","tag-biotecnologia","tag-cabimer","tag-jornadas"],"_links":{"self":[{"href":"https:\/\/www.upo.es\/diario\/wp-json\/wp\/v2\/posts\/30879753","targetHints":{"allow":["GET"]}}],"collection":[{"href":"https:\/\/www.upo.es\/diario\/wp-json\/wp\/v2\/posts"}],"about":[{"href":"https:\/\/www.upo.es\/diario\/wp-json\/wp\/v2\/types\/post"}],"author":[{"embeddable":true,"href":"https:\/\/www.upo.es\/diario\/wp-json\/wp\/v2\/users\/6"}],"replies":[{"embeddable":true,"href":"https:\/\/www.upo.es\/diario\/wp-json\/wp\/v2\/comments?post=30879753"}],"version-history":[{"count":1,"href":"https:\/\/www.upo.es\/diario\/wp-json\/wp\/v2\/posts\/30879753\/revisions"}],"predecessor-version":[{"id":30879755,"href":"https:\/\/www.upo.es\/diario\/wp-json\/wp\/v2\/posts\/30879753\/revisions\/30879755"}],"wp:featuredmedia":[{"embeddable":true,"href":"https:\/\/www.upo.es\/diario\/wp-json\/wp\/v2\/media\/30879754"}],"wp:attachment":[{"href":"https:\/\/www.upo.es\/diario\/wp-json\/wp\/v2\/media?parent=30879753"}],"wp:term":[{"taxonomy":"category","embeddable":true,"href":"https:\/\/www.upo.es\/diario\/wp-json\/wp\/v2\/categories?post=30879753"},{"taxonomy":"post_tag","embeddable":true,"href":"https:\/\/www.upo.es\/diario\/wp-json\/wp\/v2\/tags?post=30879753"}],"curies":[{"name":"wp","href":"https:\/\/api.w.org\/{rel}","templated":true}]}}