{"id":30879756,"date":"2023-09-29T10:57:46","date_gmt":"2023-09-29T08:57:46","guid":{"rendered":"https:\/\/www.upo.es\/diario\/?p=30879756"},"modified":"2023-10-04T13:02:10","modified_gmt":"2023-10-04T11:02:10","slug":"la-formacion-para-profesorado-del-programa-daciu-para-altas-capacidades-desde-la-upo","status":"publish","type":"post","link":"https:\/\/www.upo.es\/diario\/comunidad\/2023\/09\/la-formacion-para-profesorado-del-programa-daciu-para-altas-capacidades-desde-la-upo\/","title":{"rendered":"La formaci\u00f3n para profesorado del programa DACIU para altas capacidades, desde la UPO"},"content":{"rendered":"<figure id=\"attachment_30879757\" aria-describedby=\"caption-attachment-30879757\" style=\"width: 750px\" class=\"wp-caption aligncenter\"><a href=\"https:\/\/www.upo.es\/diario\/wp-content\/uploads\/2023\/09\/DACIU1.jpg\"><img loading=\"lazy\" decoding=\"async\" class=\"size-large wp-image-30879757\" src=\"https:\/\/www.upo.es\/diario\/wp-content\/uploads\/2023\/09\/DACIU1-750x482.jpg\" alt=\"\" width=\"750\" height=\"482\" srcset=\"https:\/\/www.upo.es\/diario\/wp-content\/uploads\/2023\/09\/DACIU1-750x482.jpg 750w, https:\/\/www.upo.es\/diario\/wp-content\/uploads\/2023\/09\/DACIU1-420x270.jpg 420w, https:\/\/www.upo.es\/diario\/wp-content\/uploads\/2023\/09\/DACIU1-768x493.jpg 768w, https:\/\/www.upo.es\/diario\/wp-content\/uploads\/2023\/09\/DACIU1-1536x986.jpg 1536w, https:\/\/www.upo.es\/diario\/wp-content\/uploads\/2023\/09\/DACIU1-1320x847.jpg 1320w, https:\/\/www.upo.es\/diario\/wp-content\/uploads\/2023\/09\/DACIU1.jpg 2000w\" sizes=\"auto, (max-width: 750px) 100vw, 750px\" \/><\/a><figcaption id=\"caption-attachment-30879757\" class=\"wp-caption-text\">Alberto Fla\u00f1o, Evaristo Barrera, Mar\u00eda Jos\u00e9 Parejo y Pilar Moreno en la inauguraci\u00f3n de la formaci\u00f3n DACIU<\/figcaption><\/figure>\n<p>La Universidad Pablo de Olavide ha organizado la impartici\u00f3n de la formaci\u00f3n presencial y <em>on line<\/em> para el profesorado participante de doce universidades de toda Espa\u00f1a en el programa de <strong>Desarrollo de Altas Capacidades Intelectuales en la Universidad<\/strong> (<a href=\"https:\/\/daciu.com\/\">DACIU<\/a>) de la Fundaci\u00f3n Avanza, que tiene como objetivo potenciar el talento y las habilidades del estudiantado universitario con altas capacidades intelectuales.<\/p>\n<p>En la mesa inaugural, han participado la directora genera de Inclusi\u00f3n y Pol\u00edticas Socioculturales de la UPO, <strong>Mar\u00eda Jos\u00e9 Parejo Guzm\u00e1n<\/strong>; y la directora de Estudiantes, Acceso y Vida Acad\u00e9mica, <strong>Pilar Moreno Navarro<\/strong>; junto con el presidente de la Fundaci\u00f3n Avanza, <strong>Alberto Fla\u00f1o Romero<\/strong>; y el coordinador del programa en la Universidad Pablo de Olavide y profesor del Departamento de Trabajo Social y Servicios Sociales, <strong>Evaristo Barrera Algar\u00edn<\/strong>.<\/p>\n<p>Mar\u00eda Jos\u00e9 Parejo ha agradecido al programa DACIU por su implicaci\u00f3n en la Universidad Pablo de Olavide: \u201cEsta iniciativa es muy necesaria en el \u00e1mbito universitario espa\u00f1ol. Desde el Vicerrectorado de Cultura y Pol\u00edticas Sociales, trabajamos por ayudar a todo nuestro estudiantado porque, a la universidad, no se viene solo a estudiar, sino que tambi\u00e9n es importante sentirse desarrollada como persona\u201d. Igualmente, se ha referido al programa de la UPO para estudiantes preuniversitarios con altas capacidades, \u201cque realizan una inmersi\u00f3n en asignaturas de nuestra universidad como visitantes para su mayor formaci\u00f3n y pueden llegar a ser nuestro alumnado del futuro\u201d.<\/p>\n<p>Por su parte, Pilar Moreno ha expresado el \u201ccompromiso firme\u201d del Vicerrectorado de Estudiantes con una educaci\u00f3n de calidad para todos los colectivos, entre ellos, el de altas capacidades. Y ha destacado la importancia de que \u201cel profesorado sepa c\u00f3mo atender las necesidades especiales de estos alumnos y alumnas\u201d.<\/p>\n<p>El profesor Evaristo Barrera se ha referido en su intervenci\u00f3n a la puesta en marcha de la C\u00e1tedra de Altas Capacidades CADIS de la Universidad Pablo de Olavide, la primera de estas caracter\u00edsticas en el sistema universitario espa\u00f1ol. Asimismo, ha remarcado la necesidad de \u201ccrear espacios alternativos mejorados que puedan llevar a este estudiantado m\u00e1s lejos\u201d. Finalmente, Alberto Fla\u00f1o ha explicado que este colectivo \u201ctiene muchas dificultades para que se entienda que tiene estas necesidades\u201d.<\/p>\n<p>La mesa inaugural ha dado paso a la conferencia de Luz P\u00e9rez sobre el concepto de Altas Capacidades y la de Teresa Fern\u00e1ndez sobre los perfiles y las trayectorias previas a la universidad de estos alumnos y alumnas. Posteriormente, Rosabel Rodr\u00edguez disertar\u00e1 sobre c\u00f3mo identificar y atender a este estudiantado en la universidad y la jornada se cerrar\u00e1 con una formaci\u00f3n por parte de Mart\u00edn Benito y la Fundaci\u00f3n Avanza sobre la organizaci\u00f3n de DACIU.<\/p>\n<h3><strong>M\u00e1s all\u00e1 de los planes de estudio<\/strong><\/h3>\n<p>El programa DACIU busca ir m\u00e1s all\u00e1 de los planes de estudio reglados de las universidades para brindar oportunidades de desarrollo personalizado a los y las estudiantes con altas capacidades intelectuales. Con este fin, la Fundaci\u00f3n Avanza ha dise\u00f1ado un plan de excelencia que ofrece al alumnado actividades espec\u00edficas para el desarrollo de su potencial, entre ellas, proyectos de investigaci\u00f3n, seminarios, congresos y actividades extracurriculares. De esta forma, cada estudiante cuenta con el apoyo de un docente que le tutoriza en <strong>un proyecto de investigaci\u00f3n personal<\/strong>.<\/p>\n<p>Tras la fase de formaci\u00f3n del profesorado, comienza la de desarrollo del programa DACIU, que culmina con la elaboraci\u00f3n, publicaci\u00f3n y difusi\u00f3n de un art\u00edculo de investigaci\u00f3n. Y finaliza con la fase extra, de car\u00e1cter voluntario, para estudiantes que deseen desarrollar sus talentos en el \u00e1mbito de la empresa mediante <strong>pr\u00e1cticas extracurriculares<\/strong>.<\/p>\n","protected":false},"excerpt":{"rendered":"<p>La Universidad Pablo de Olavide ha organizado la impartici\u00f3n de la formaci\u00f3n presencial y on line para el profesorado participante de doce universidades de toda Espa\u00f1a en el programa de Desarrollo de Altas Capacidades Intelectuales en la Universidad (DACIU) de la Fundaci\u00f3n Avanza, que tiene como objetivo potenciar el talento y las habilidades del estudiantado universitario con altas capacidades intelectuales.<\/p>\n","protected":false},"author":14,"featured_media":30879757,"comment_status":"closed","ping_status":"open","sticky":false,"template":"","format":"standard","meta":{"_monsterinsights_skip_tracking":false,"_monsterinsights_sitenote_active":false,"_monsterinsights_sitenote_note":"","_monsterinsights_sitenote_category":0,"footnotes":""},"categories":[5842],"tags":[8460,8462,509,7907,199,7194,2114],"class_list":["post-30879756","post","type-post","status-publish","format-standard","has-post-thumbnail","hentry","category-comunidad","tag-altas-capacidades","tag-daciu","tag-formacion","tag-fundacion-avanza","tag-profesorado","tag-vicerrectorado-de-cultura-y-politicas-sociales","tag-vicerrectorado-de-estudiantes"],"_links":{"self":[{"href":"https:\/\/www.upo.es\/diario\/wp-json\/wp\/v2\/posts\/30879756","targetHints":{"allow":["GET"]}}],"collection":[{"href":"https:\/\/www.upo.es\/diario\/wp-json\/wp\/v2\/posts"}],"about":[{"href":"https:\/\/www.upo.es\/diario\/wp-json\/wp\/v2\/types\/post"}],"author":[{"embeddable":true,"href":"https:\/\/www.upo.es\/diario\/wp-json\/wp\/v2\/users\/14"}],"replies":[{"embeddable":true,"href":"https:\/\/www.upo.es\/diario\/wp-json\/wp\/v2\/comments?post=30879756"}],"version-history":[{"count":1,"href":"https:\/\/www.upo.es\/diario\/wp-json\/wp\/v2\/posts\/30879756\/revisions"}],"predecessor-version":[{"id":30879758,"href":"https:\/\/www.upo.es\/diario\/wp-json\/wp\/v2\/posts\/30879756\/revisions\/30879758"}],"wp:featuredmedia":[{"embeddable":true,"href":"https:\/\/www.upo.es\/diario\/wp-json\/wp\/v2\/media\/30879757"}],"wp:attachment":[{"href":"https:\/\/www.upo.es\/diario\/wp-json\/wp\/v2\/media?parent=30879756"}],"wp:term":[{"taxonomy":"category","embeddable":true,"href":"https:\/\/www.upo.es\/diario\/wp-json\/wp\/v2\/categories?post=30879756"},{"taxonomy":"post_tag","embeddable":true,"href":"https:\/\/www.upo.es\/diario\/wp-json\/wp\/v2\/tags?post=30879756"}],"curies":[{"name":"wp","href":"https:\/\/api.w.org\/{rel}","templated":true}]}}