{"id":30879764,"date":"2023-09-29T14:28:59","date_gmt":"2023-09-29T12:28:59","guid":{"rendered":"https:\/\/www.upo.es\/diario\/?p=30879764"},"modified":"2023-10-02T11:23:06","modified_gmt":"2023-10-02T09:23:06","slug":"javier-tebas-destaca-en-la-upo-que-el-futbol-espanol-ha-vivido-la-mayor-crisis-reputacional-de-su-historia","status":"publish","type":"post","link":"https:\/\/www.upo.es\/diario\/docencia-formacion\/2023\/09\/javier-tebas-destaca-en-la-upo-que-el-futbol-espanol-ha-vivido-la-mayor-crisis-reputacional-de-su-historia\/","title":{"rendered":"Javier Tebas destaca en la UPO que el f\u00fatbol espa\u00f1ol ha vivido la mayor crisis reputacional de su historia"},"content":{"rendered":"<figure id=\"attachment_30879765\" aria-describedby=\"caption-attachment-30879765\" style=\"width: 750px\" class=\"wp-caption aligncenter\"><a href=\"https:\/\/www.upo.es\/diario\/wp-content\/uploads\/2023\/09\/JavierTebas04.jpg\"><img loading=\"lazy\" decoding=\"async\" class=\"size-large wp-image-30879765\" src=\"https:\/\/www.upo.es\/diario\/wp-content\/uploads\/2023\/09\/JavierTebas04-750x500.jpg\" alt=\"\" width=\"750\" height=\"500\" srcset=\"https:\/\/www.upo.es\/diario\/wp-content\/uploads\/2023\/09\/JavierTebas04-750x500.jpg 750w, https:\/\/www.upo.es\/diario\/wp-content\/uploads\/2023\/09\/JavierTebas04-420x280.jpg 420w, https:\/\/www.upo.es\/diario\/wp-content\/uploads\/2023\/09\/JavierTebas04-768x512.jpg 768w, https:\/\/www.upo.es\/diario\/wp-content\/uploads\/2023\/09\/JavierTebas04-1536x1025.jpg 1536w, https:\/\/www.upo.es\/diario\/wp-content\/uploads\/2023\/09\/JavierTebas04-165x109.jpg 165w, https:\/\/www.upo.es\/diario\/wp-content\/uploads\/2023\/09\/JavierTebas04-1320x880.jpg 1320w, https:\/\/www.upo.es\/diario\/wp-content\/uploads\/2023\/09\/JavierTebas04.jpg 2000w\" sizes=\"auto, (max-width: 750px) 100vw, 750px\" \/><\/a><figcaption id=\"caption-attachment-30879765\" class=\"wp-caption-text\">Javier Tebas y Jes\u00fas J. Cambra durante la conferencia<\/figcaption><\/figure>\n<p>El presidente de LALIGA, <strong>Javier Tebas<\/strong>, ha se\u00f1alado en la conferencia que ha impartido en la Universidad Pablo de Olavide que el f\u00fatbol espa\u00f1ol ha sufrido \u201cla mayor crisis reputacional de su historia\u201d en referencia a los \u2018casos Rubiales, Negreira y Vinicius\u2019, \u201cy es algo que continuar\u00e1 durante mucho tiempo\u201d.<\/p>\n<p>Tebas, invitado por la Facultad de Ciencias Empresariales de la UPO, ha impartido la conferencia <strong>\u2018La internacionalizaci\u00f3n de la LALIGA<\/strong>\u2019, en la que ha descrito el proyecto que inici\u00f3 en la temporada 2017-2018 para la puesta en marcha y desarrollo de una estrategia de marca global. Con 11 oficinas y 44 delegaciones en todo el mundo, LALIGA, ha explicado, vende el f\u00fatbol espa\u00f1ol en m\u00e1s de 100 contratos y realiza m\u00e1s de 1.700 actividades que, en algunos pa\u00edses como Ecuador, suponen la direcci\u00f3n general de sus ligas.<\/p>\n<p>\u201cNuestro objetivo es que el valor de la competici\u00f3n sea lo que m\u00e1s valga, con todos los clubes. Hay que corregir el peso que tienen los dos grandes porque ponen en riesgo la viabilidad de la competici\u00f3n\u201d, ha se\u00f1alado el presidente de LALIGA. En este sentido, ha insistido en que \u201cChina intent\u00f3 crecer a golpe de jugadores y fracas\u00f3. Si quieres una gran competici\u00f3n, hay que hacer grandes a los clubes\u201d.<\/p>\n<p>De esta forma, ha presentado un balance econ\u00f3mico de 39 millones de euros solo en ingresos comerciales y casi 800 en ingresos audiovisuales. La audiencia de LALIGA es de 3 billones de personas: \u201cHace ocho a\u00f1os no \u00e9ramos nada. Y ahora, adem\u00e1s, vamos para r\u00e9cord de asistencia en los estadios, que supera la media del 80%\u201d.<\/p>\n<p><a href=\"https:\/\/www.upo.es\/diario\/wp-content\/uploads\/2023\/09\/JavierTebas03.jpg\"><img loading=\"lazy\" decoding=\"async\" class=\"aligncenter size-large wp-image-30879766\" src=\"https:\/\/www.upo.es\/diario\/wp-content\/uploads\/2023\/09\/JavierTebas03-750x500.jpg\" alt=\"\" width=\"750\" height=\"500\" srcset=\"https:\/\/www.upo.es\/diario\/wp-content\/uploads\/2023\/09\/JavierTebas03-750x500.jpg 750w, https:\/\/www.upo.es\/diario\/wp-content\/uploads\/2023\/09\/JavierTebas03-420x280.jpg 420w, https:\/\/www.upo.es\/diario\/wp-content\/uploads\/2023\/09\/JavierTebas03-768x512.jpg 768w, https:\/\/www.upo.es\/diario\/wp-content\/uploads\/2023\/09\/JavierTebas03-1536x1025.jpg 1536w, https:\/\/www.upo.es\/diario\/wp-content\/uploads\/2023\/09\/JavierTebas03-165x109.jpg 165w, https:\/\/www.upo.es\/diario\/wp-content\/uploads\/2023\/09\/JavierTebas03-1320x880.jpg 1320w, https:\/\/www.upo.es\/diario\/wp-content\/uploads\/2023\/09\/JavierTebas03.jpg 2000w\" sizes=\"auto, (max-width: 750px) 100vw, 750px\" \/><\/a><\/p>\n","protected":false},"excerpt":{"rendered":"<p>El presidente de LALIGA, Javier Tebas, ha se\u00f1alado en la conferencia que ha impartido en la Universidad Pablo de Olavide que el f\u00fatbol espa\u00f1ol ha sufrido \u201cla mayor crisis reputacional de su historia\u201d en referencia a los \u2018casos Rubiales, Negreira y Vinicius\u2019, \u201cy es algo que continuar\u00e1 durante mucho tiempo\u201d.<\/p>\n","protected":false},"author":14,"featured_media":30879765,"comment_status":"closed","ping_status":"open","sticky":false,"template":"","format":"standard","meta":{"_monsterinsights_skip_tracking":false,"_monsterinsights_sitenote_active":false,"_monsterinsights_sitenote_note":"","_monsterinsights_sitenote_category":0,"footnotes":""},"categories":[2779],"tags":[227,541,1059,360,46,925,8576,8567],"class_list":["post-30879764","post","type-post","status-publish","format-standard","has-post-thumbnail","hentry","category-docencia-formacion","tag-conferencia","tag-deporte","tag-empresas","tag-facultad-de-ciencias-empresariales","tag-futbol","tag-internacionalizacion","tag-javier-tebas","tag-laliga"],"_links":{"self":[{"href":"https:\/\/www.upo.es\/diario\/wp-json\/wp\/v2\/posts\/30879764","targetHints":{"allow":["GET"]}}],"collection":[{"href":"https:\/\/www.upo.es\/diario\/wp-json\/wp\/v2\/posts"}],"about":[{"href":"https:\/\/www.upo.es\/diario\/wp-json\/wp\/v2\/types\/post"}],"author":[{"embeddable":true,"href":"https:\/\/www.upo.es\/diario\/wp-json\/wp\/v2\/users\/14"}],"replies":[{"embeddable":true,"href":"https:\/\/www.upo.es\/diario\/wp-json\/wp\/v2\/comments?post=30879764"}],"version-history":[{"count":1,"href":"https:\/\/www.upo.es\/diario\/wp-json\/wp\/v2\/posts\/30879764\/revisions"}],"predecessor-version":[{"id":30879767,"href":"https:\/\/www.upo.es\/diario\/wp-json\/wp\/v2\/posts\/30879764\/revisions\/30879767"}],"wp:featuredmedia":[{"embeddable":true,"href":"https:\/\/www.upo.es\/diario\/wp-json\/wp\/v2\/media\/30879765"}],"wp:attachment":[{"href":"https:\/\/www.upo.es\/diario\/wp-json\/wp\/v2\/media?parent=30879764"}],"wp:term":[{"taxonomy":"category","embeddable":true,"href":"https:\/\/www.upo.es\/diario\/wp-json\/wp\/v2\/categories?post=30879764"},{"taxonomy":"post_tag","embeddable":true,"href":"https:\/\/www.upo.es\/diario\/wp-json\/wp\/v2\/tags?post=30879764"}],"curies":[{"name":"wp","href":"https:\/\/api.w.org\/{rel}","templated":true}]}}