{"id":30879778,"date":"2023-10-02T14:47:39","date_gmt":"2023-10-02T12:47:39","guid":{"rendered":"https:\/\/www.upo.es\/diario\/?p=30879778"},"modified":"2023-10-05T22:59:10","modified_gmt":"2023-10-05T20:59:10","slug":"rector-destaca-nuevo-modelo-financiacion-sera-muy-positivo-para-la-upo","status":"publish","type":"post","link":"https:\/\/www.upo.es\/diario\/institucional\/2023\/10\/rector-destaca-nuevo-modelo-financiacion-sera-muy-positivo-para-la-upo\/","title":{"rendered":"El rector resalta en Consejo de Gobierno que el nuevo modelo de financiaci\u00f3n ser\u00e1 muy positivo para la UPO"},"content":{"rendered":"<figure id=\"attachment_30879782\" aria-describedby=\"caption-attachment-30879782\" style=\"width: 750px\" class=\"wp-caption aligncenter\"><a href=\"https:\/\/www.upo.es\/diario\/wp-content\/uploads\/2023\/10\/CG_20230929-2-scaled.jpg\"><img loading=\"lazy\" decoding=\"async\" class=\"size-large wp-image-30879782\" src=\"https:\/\/www.upo.es\/diario\/wp-content\/uploads\/2023\/10\/CG_20230929-2-750x422.jpg\" alt=\"Consejo de Gobierno en el Rectorado\" width=\"750\" height=\"422\" srcset=\"https:\/\/www.upo.es\/diario\/wp-content\/uploads\/2023\/10\/CG_20230929-2-750x422.jpg 750w, https:\/\/www.upo.es\/diario\/wp-content\/uploads\/2023\/10\/CG_20230929-2-420x236.jpg 420w, https:\/\/www.upo.es\/diario\/wp-content\/uploads\/2023\/10\/CG_20230929-2-768x432.jpg 768w, https:\/\/www.upo.es\/diario\/wp-content\/uploads\/2023\/10\/CG_20230929-2-1536x864.jpg 1536w, https:\/\/www.upo.es\/diario\/wp-content\/uploads\/2023\/10\/CG_20230929-2-2048x1152.jpg 2048w, https:\/\/www.upo.es\/diario\/wp-content\/uploads\/2023\/10\/CG_20230929-2-1320x742.jpg 1320w\" sizes=\"auto, (max-width: 750px) 100vw, 750px\" \/><\/a><figcaption id=\"caption-attachment-30879782\" class=\"wp-caption-text\">Consejo de Gobierno reunido el pasado viernes en el Rectorado<\/figcaption><\/figure>\n<p>En la primera sesi\u00f3n del Consejo de Gobierno tras el verano, y primera del curso 2023\/2024, el rector de la Universidad Pablo de Olavide ha trasladado las principales novedades del nuevo <a href=\"https:\/\/www.juntadeandalucia.es\/eboja\/2023\/183\/BOJA23-183-00020-14651-01_00289648.pdf\">Modelo de Financiaci\u00f3n de las Universidades P\u00fablicas andaluzas para el per\u00edodo 2023-2027<\/a>. <strong>Francisco Oliva ha destacado que el nuevo modelo ser\u00e1 muy beneficioso para la UPO, ya que por primera vez tiene en cuenta la especial situaci\u00f3n de las universidades de menor tama\u00f1o<\/strong>.<\/p>\n<p>El rector ha explicado que el acuerdo, con visto bueno del Consejo Andaluz de Universidades celebrado en julio,<strong> ha sido posible \u201ctras una negociaci\u00f3n muy dif\u00edcil\u201d, gracias a que contempla medidas como una partida de nivelaci\u00f3n <\/strong>\u2014que ser\u00e1 del 0,5% de la envolvente financiera en este mismo ejercicio y del 1% para 2024, lo que supondr\u00e1 contar con 17 millones de euros adicionales para el sistema\u2014<strong>, planes de inversi\u00f3n extraordinarios para infraestructuras y una financiaci\u00f3n b\u00e1sica armonizada que tender\u00e1 a la media del sistema<\/strong>. De este modo se ha logrado un modelo que \u201cno es perfecto, pero s\u00ed mucho mejor que el que hab\u00eda hasta ahora y que ser\u00e1 bueno para la Universidad, como podr\u00e1 verse de forma inmediata\u201d. A este respecto mencion\u00f3 la subida salarial retroactiva del 0,5% por la actualizaci\u00f3n del IPC, que ser\u00e1 aplicada con el nuevo sistema de financiaci\u00f3n reci\u00e9n aprobado.<\/p>\n<p><a href=\"https:\/\/www.upo.es\/diario\/wp-content\/uploads\/2023\/10\/CG_20230929-1.jpg\"><img loading=\"lazy\" decoding=\"async\" class=\"size-medium wp-image-30879783 alignleft\" src=\"https:\/\/www.upo.es\/diario\/wp-content\/uploads\/2023\/10\/CG_20230929-1-280x420.jpg\" alt=\"Francisco Oliva durante el Consejo de Gobierno\" width=\"280\" height=\"420\" srcset=\"https:\/\/www.upo.es\/diario\/wp-content\/uploads\/2023\/10\/CG_20230929-1-280x420.jpg 280w, https:\/\/www.upo.es\/diario\/wp-content\/uploads\/2023\/10\/CG_20230929-1-350x525.jpg 350w, https:\/\/www.upo.es\/diario\/wp-content\/uploads\/2023\/10\/CG_20230929-1-768x1152.jpg 768w, https:\/\/www.upo.es\/diario\/wp-content\/uploads\/2023\/10\/CG_20230929-1-1024x1536.jpg 1024w, https:\/\/www.upo.es\/diario\/wp-content\/uploads\/2023\/10\/CG_20230929-1-1366x2048.jpg 1366w, https:\/\/www.upo.es\/diario\/wp-content\/uploads\/2023\/10\/CG_20230929-1-1320x1980.jpg 1320w, https:\/\/www.upo.es\/diario\/wp-content\/uploads\/2023\/10\/CG_20230929-1.jpg 1653w\" sizes=\"auto, (max-width: 280px) 100vw, 280px\" \/><\/a>Siguiendo con m\u00e1s novedades que afectan a las universidades andaluzas, Francisco Oliva inform\u00f3 del pleno del <strong>Consejo Andaluz de Universidades<\/strong>, donde, tras la aprobaci\u00f3n de las universidades privadas Fernando III y UTAMED, se inform\u00f3 de los tr\u00e1mites para incorporar dos nuevas universidades de titularidad privada en la comunidad, ambas con sede en M\u00e1laga: la <strong>Alfonso X el Sabio Mare Nostrum y la Universidad Europea de Andaluc\u00eda<\/strong>. El rector inform\u00f3 de la <a href=\"https:\/\/www.upo.es\/diario\/institucional\/2023\/09\/comunicado-de-las-universidades-publicas-andaluzas-sobre-dos-nuevas-propuestas-de-universidades-privadas\/\">posici\u00f3n de las universidades p\u00fablicas andaluzas<\/a> que, sin estar en contra de las entidades privadas de educaci\u00f3n superior ya que son perfectamente legales, defienden <strong>que cumplan con unos requisitos m\u00ednimos de calidad, que rijan las mismas reglas para centros p\u00fablicos y privados<\/strong> y que el desarrollo del sistema universitario andaluz se haga en el marco de una estrategia \u201cde forma que resulte en una oferta universitaria coherente, pertinente y bien articulada\u201d.<\/p>\n<p>Respecto a novedades derivadas para el personal de las universidades, el rector inform\u00f3 de la pr\u00f3xima publicaci\u00f3n por la Junta de los <strong>complementos auton\u00f3micos del personal docente e investigador<\/strong>, procedimiento que se someter\u00e1 a <a href=\"https:\/\/www.juntadeandalucia.es\/servicios\/participacion\/normativa\/consulta-previa.html\">consulta p\u00fablica<\/a>. Por otro lado, Francisco Oliva inform\u00f3 de la creaci\u00f3n de las <strong>Unidades de Investigaci\u00f3n Competitiva<\/strong> y de las <strong>Unidades de Excelencia en Investigaci\u00f3n<\/strong>, establecidas por el \u00a0<a href=\"https:\/\/www.juntadeandalucia.es\/eboja\/2023\/178\/BOJA23-178-00023-14350-01_00289343.pdf\">Decreto 223\/2023, de 12 de septiembre<\/a>, que <strong>impulsar\u00e1n proyectos interdisciplinares<\/strong>. Las Unidades de Investigaci\u00f3n Competitivas se organizar\u00e1n en l\u00edneas y equipos de investigaci\u00f3n y podr\u00e1n ser reconocidas como Unidades de Excelencia tras ser evaluadas a los tres a\u00f1os de su actividad.<\/p>\n<p>El rector ha informado que las negociaciones para establecer nuevas titulaciones en Andaluc\u00eda comenzar\u00e1n este martes entre las instituciones socias de AUPA, en una reuni\u00f3n que se celebrar\u00e1 en C\u00e1diz. Francisco Oliva ha destacado que <strong>la oferta planteada por las universidades debe ser \u201cracional, coherente y s\u00f3lida\u201d<\/strong>, acorde con el <a href=\"https:\/\/www.juntadeandalucia.es\/boja\/2023\/124\/47\">Decreto 154\/2023, de 27 de junio, de ordenaci\u00f3n de ense\u00f1anzas universitarias<\/a>. Asimismo, ha puesto de relieve la importancia de que los decanatos y los \u00f3rganos de gobierno de las universidades realicen una apuesta estrat\u00e9gica, siempre fruto de la cogobernanza.<\/p>\n<h3><strong>Matriculaciones del curso 2023\/2024, sede centro y nueva pista de atletismo<\/strong><\/h3>\n<p>Ya centrado en cuestiones de la Universidad Pablo de Olavide, Francisco Oliva ha informado que las aulas del campus volver\u00e1n a llenarse este a\u00f1o, como en cursos anteriores, ya que <strong>las matriculaciones han alcanzado casi el 100% de las plazas ofertadas para estudios de grado<\/strong>.<\/p>\n<p>Respecto a la contrataci\u00f3n de profesorado ha anunciado la convocatoria de <strong>48 plazas<\/strong> <strong>para profesorado acreditado a los cuerpos docentes universitarios<\/strong>, cifra que har\u00e1 posible pr\u00f3ximamente superar el 50% de PDI funcionario. Respecto a las<strong> 54 plazas previstas de Profesorado Contratado Doctor<\/strong>, derogada esta figura por la LOSU, la contrataci\u00f3n est\u00e1 pendiente del desarrollo normativo del Profesorado Permanente Laboral por parte de la Junta de Andaluc\u00eda. Asimismo, Francisco Oliva ha comunicado que la contrataci\u00f3n de profesorado para el inicio del curso se ha realizado eficientemente, pudiendo comenzar las clases con total normalidad, salvo alg\u00fan caso puntual.<\/p>\n<p>En el \u00e1mbito del PTGAS, el rector ha anunciado del <strong>pr\u00f3ximo cambio en la direcci\u00f3n del \u00c1rea de Investigaci\u00f3n de la Universidad, que ser\u00e1 ocupada por D\u00aa Isabel S\u00e1nchez Mateos<\/strong>, a la que ha agradecido su compromiso al asumir el cargo y de la que ha destacado su trayectoria profesional. Consciente del volumen de trabajo del \u00c1rea de Investigaci\u00f3n, el rector ha reiterado su compromiso para reforzarla y ha anunciado que la Gerencia, en coordinaci\u00f3n con el Vicerrectorado de Investigaci\u00f3n, ha modificado las normas de ejecuci\u00f3n presupuestaria para que el PTGAS pueda, previo reconocimiento de la compatibilidad, participar en las actividades asociadas a la investigaci\u00f3n, colaborando con el PDI en la gesti\u00f3n de los proyectos. Esta iniciativa se enmarca en un plan de apoyo a la actividad investigadora y de los grupos de investigaci\u00f3n.<\/p>\n<p>Por \u00faltimo, en materia de infraestructuras, el rector ha informado que <strong>se refuerza la colaboraci\u00f3n con el Ayuntamiento de Sevilla para la cesi\u00f3n a la UPO del <a href=\"https:\/\/www.upo.es\/diario\/institucional\/2023\/02\/nueva-sede-sevilla-pabellon-marruecos-29-cedido-ayuntamiento\/\">Pabell\u00f3n de Marruecos<\/a><\/strong>\u00a0de la Exposici\u00f3n del 29. Y en cuanto al campus, ha destacado el avance que supone contar con la <a href=\"https:\/\/www.upo.es\/diario\/institucional\/2023\/09\/el-rector-y-el-alcalde-de-dos-hermanas-inauguran-la-nueva-pista-de-atletismo-de-la-universidad-pablo-de-olavide\/\"><strong>nueva pista de atletismo<\/strong><\/a>, inaugurada el pasado mi\u00e9rcoles gracias a la colaboraci\u00f3n del Ayuntamiento de Dos Hermanas, instalaci\u00f3n deportiva que no pod\u00eda usarse en condiciones de seguridad dado el mal estado que presentaba el pavimento.<\/p>\n<p>&nbsp;<\/p>\n","protected":false},"excerpt":{"rendered":"<p>En la primera sesi\u00f3n del Consejo de Gobierno tras el verano, y primera del curso 2023\/2024, el rector de la Universidad Pablo de Olavide ha trasladado las principales novedades del nuevo Modelo de Financiaci\u00f3n de las Universidades P\u00fablicas andaluzas para el per\u00edodo 2023-2027. Francisco Oliva ha destacado que el nuevo modelo ser\u00e1 muy beneficioso para la UPO, ya que por primera vez tiene en cuenta la especial situaci\u00f3n de las universidades de menor tama\u00f1o. <\/p>\n","protected":false},"author":6,"featured_media":30879782,"comment_status":"closed","ping_status":"open","sticky":false,"template":"","format":"standard","meta":{"_monsterinsights_skip_tracking":false,"_monsterinsights_sitenote_active":false,"_monsterinsights_sitenote_note":"","_monsterinsights_sitenote_category":0,"footnotes":""},"categories":[6],"tags":[102,874,56,203,193,7415,199,8572,2704,3862,7789],"class_list":["post-30879778","post","type-post","status-publish","format-standard","has-post-thumbnail","hentry","category-institucional","tag-consejo-de-gobierno","tag-financiacion","tag-investigacion","tag-junta-de-andalucia","tag-matricula","tag-modelo-de-financiacion","tag-profesorado","tag-ptgas","tag-titulaciones","tag-universidades-andaluzas","tag-universidades-privadas"],"_links":{"self":[{"href":"https:\/\/www.upo.es\/diario\/wp-json\/wp\/v2\/posts\/30879778","targetHints":{"allow":["GET"]}}],"collection":[{"href":"https:\/\/www.upo.es\/diario\/wp-json\/wp\/v2\/posts"}],"about":[{"href":"https:\/\/www.upo.es\/diario\/wp-json\/wp\/v2\/types\/post"}],"author":[{"embeddable":true,"href":"https:\/\/www.upo.es\/diario\/wp-json\/wp\/v2\/users\/6"}],"replies":[{"embeddable":true,"href":"https:\/\/www.upo.es\/diario\/wp-json\/wp\/v2\/comments?post=30879778"}],"version-history":[{"count":4,"href":"https:\/\/www.upo.es\/diario\/wp-json\/wp\/v2\/posts\/30879778\/revisions"}],"predecessor-version":[{"id":30879839,"href":"https:\/\/www.upo.es\/diario\/wp-json\/wp\/v2\/posts\/30879778\/revisions\/30879839"}],"wp:featuredmedia":[{"embeddable":true,"href":"https:\/\/www.upo.es\/diario\/wp-json\/wp\/v2\/media\/30879782"}],"wp:attachment":[{"href":"https:\/\/www.upo.es\/diario\/wp-json\/wp\/v2\/media?parent=30879778"}],"wp:term":[{"taxonomy":"category","embeddable":true,"href":"https:\/\/www.upo.es\/diario\/wp-json\/wp\/v2\/categories?post=30879778"},{"taxonomy":"post_tag","embeddable":true,"href":"https:\/\/www.upo.es\/diario\/wp-json\/wp\/v2\/tags?post=30879778"}],"curies":[{"name":"wp","href":"https:\/\/api.w.org\/{rel}","templated":true}]}}