{"id":30879788,"date":"2023-10-03T14:24:19","date_gmt":"2023-10-03T12:24:19","guid":{"rendered":"https:\/\/www.upo.es\/diario\/?p=30879788"},"modified":"2023-10-09T09:34:08","modified_gmt":"2023-10-09T07:34:08","slug":"los-rectores-andaluces-abordan-el-nuevo-mapa-de-titulaciones-y-piden-igualdad-respecto-a-las-universidades-privadas","status":"publish","type":"post","link":"https:\/\/www.upo.es\/diario\/institucional\/2023\/10\/los-rectores-andaluces-abordan-el-nuevo-mapa-de-titulaciones-y-piden-igualdad-respecto-a-las-universidades-privadas\/","title":{"rendered":"Los rectores andaluces abordan el nuevo mapa de titulaciones y piden igualdad respecto a las universidades privadas"},"content":{"rendered":"<figure id=\"attachment_30879789\" aria-describedby=\"caption-attachment-30879789\" style=\"width: 750px\" class=\"wp-caption aligncenter\"><a href=\"https:\/\/www.upo.es\/diario\/wp-content\/uploads\/2023\/10\/Reunion-Cadiz-AUPA_20231003_2-scaled.jpg\"><img loading=\"lazy\" decoding=\"async\" class=\"wp-image-30879789 size-large\" src=\"https:\/\/www.upo.es\/diario\/wp-content\/uploads\/2023\/10\/Reunion-Cadiz-AUPA_20231003_2-750x500.jpg\" alt=\"Comparecencia de los rectores andaluces en la UCA\" width=\"750\" height=\"500\" srcset=\"https:\/\/www.upo.es\/diario\/wp-content\/uploads\/2023\/10\/Reunion-Cadiz-AUPA_20231003_2-750x500.jpg 750w, https:\/\/www.upo.es\/diario\/wp-content\/uploads\/2023\/10\/Reunion-Cadiz-AUPA_20231003_2-420x280.jpg 420w, https:\/\/www.upo.es\/diario\/wp-content\/uploads\/2023\/10\/Reunion-Cadiz-AUPA_20231003_2-768x512.jpg 768w, https:\/\/www.upo.es\/diario\/wp-content\/uploads\/2023\/10\/Reunion-Cadiz-AUPA_20231003_2-1536x1024.jpg 1536w, https:\/\/www.upo.es\/diario\/wp-content\/uploads\/2023\/10\/Reunion-Cadiz-AUPA_20231003_2-2048x1365.jpg 2048w\" sizes=\"auto, (max-width: 750px) 100vw, 750px\" \/><\/a><figcaption id=\"caption-attachment-30879789\" class=\"wp-caption-text\">Comparecencia de los rectores andaluces en la UCA<\/figcaption><\/figure>\n<p>Los <strong>rectores y la rectora de la Asociaci\u00f3n de Universidades P\u00fablicas Andaluzas<\/strong> (AUPA) se han reunido hoy en la Universidad de C\u00e1diz para<strong> fijar criterios desde el sistema universitario andaluz en relaci\u00f3n con el nuevo mapa de t\u00edtulos y para abordar distintos temas prioritarios en el \u00e1mbito de la ordenaci\u00f3n acad\u00e9mica<\/strong>, como los micro-cr\u00e9ditos o microcredenciales, los m\u00e1steres y los consorcios europeos. La sesi\u00f3n ha estado presidida por el rector en funciones de la UCA, <strong>Francisco Piniella<\/strong>, como anfitri\u00f3n del encuentro, y por el rector de la Universidad Pablo de Olavide, <strong>Francisco Oliva,<\/strong> presidente actual de AUPA.<\/p>\n<p>Tras la sesi\u00f3n inicial de AUPA \u2014que ha abierto la agenda en paralelo de tres sectoriales para estudiar los temas previstos en el programa\u2014 los rectores y rectora de las universidades p\u00fablicas andaluzas han comparecido p\u00fablicamente para informar de los asuntos abordados. En palabras del presidente de AUPA, \u201cnos hemos reunido fundamentalmente para analizar la forma de poner en marcha un nuevo decreto de ordenaci\u00f3n de la docencia universitaria muy importante para el sistema universitario p\u00fablico andaluz, ya que el actual se fij\u00f3 desde 2010 y no ha sufrido cambios\u201d.<\/p>\n<figure id=\"attachment_30879791\" aria-describedby=\"caption-attachment-30879791\" style=\"width: 420px\" class=\"wp-caption alignleft\"><a href=\"https:\/\/www.upo.es\/diario\/wp-content\/uploads\/2023\/10\/Reunion-Cadiz-AUPA_sect-consorcios-UE_20231003.jpg\"><img loading=\"lazy\" decoding=\"async\" class=\"size-medium wp-image-30879791\" src=\"https:\/\/www.upo.es\/diario\/wp-content\/uploads\/2023\/10\/Reunion-Cadiz-AUPA_sect-consorcios-UE_20231003-420x315.jpg\" alt=\"Sectorial de consorcios europeos\" width=\"420\" height=\"315\" srcset=\"https:\/\/www.upo.es\/diario\/wp-content\/uploads\/2023\/10\/Reunion-Cadiz-AUPA_sect-consorcios-UE_20231003-420x315.jpg 420w, https:\/\/www.upo.es\/diario\/wp-content\/uploads\/2023\/10\/Reunion-Cadiz-AUPA_sect-consorcios-UE_20231003-700x525.jpg 700w, https:\/\/www.upo.es\/diario\/wp-content\/uploads\/2023\/10\/Reunion-Cadiz-AUPA_sect-consorcios-UE_20231003-768x576.jpg 768w, https:\/\/www.upo.es\/diario\/wp-content\/uploads\/2023\/10\/Reunion-Cadiz-AUPA_sect-consorcios-UE_20231003-1536x1152.jpg 1536w, https:\/\/www.upo.es\/diario\/wp-content\/uploads\/2023\/10\/Reunion-Cadiz-AUPA_sect-consorcios-UE_20231003-1320x990.jpg 1320w, https:\/\/www.upo.es\/diario\/wp-content\/uploads\/2023\/10\/Reunion-Cadiz-AUPA_sect-consorcios-UE_20231003.jpg 2048w\" sizes=\"auto, (max-width: 420px) 100vw, 420px\" \/><\/a><figcaption id=\"caption-attachment-30879791\" class=\"wp-caption-text\">Reuni\u00f3n de la sectorial de consorcios europeos<\/figcaption><\/figure>\n<p>En este contexto, ha se\u00f1alado Francisco Oliva, \u201cestamos en el proceso de la revoluci\u00f3n 4.0, la revoluci\u00f3n verde o la igualdad y otros muchos cambios que exigen una adaptaci\u00f3n de nuestras universidades. <strong>Este decreto da nuevas posibilidades para hacer nuevas titulaciones en Andaluc\u00eda y lo que pretendemos es hacer una oferta l\u00f3gica, coherente y responsable.<\/strong> Somos un sistema universitario p\u00fablico \u00fanico y queremos responder de la mejor manera a las necesidades formativas de nuestra comunidad\u201d. Por eso, ha a\u00f1adido, \u201cno pretendemos competir entre universidades sino coordinarnos y hacer una oferta coherente\u201d.<\/p>\n<p>En sentido, el rector de la UPO ha se\u00f1alado que hay que trabajar en tres \u00e1mbitos: \u201cser capaces de <strong>ofertar grados conjuntos, propiciar la internacionalizaci\u00f3n de las universidades a trav\u00e9s de la captaci\u00f3n de estudiantes extranjeros con una oferta atractiva y la formaci\u00f3n a lo largo de toda la vida<\/strong> para que todas las personas sigan form\u00e1ndose en la universidad a trav\u00e9s del sistema de microcredenciales, en donde ya estamos trabajando las universidades andaluzas con el objetivo de hacer de una hoja de rota competitiva, racional y que oferte la mejor formaci\u00f3n posible a la ciudadan\u00eda en Andaluc\u00eda\u201d.<\/p>\n<p>Respecto a la <strong>creaci\u00f3n de universidades privadas<\/strong>, el presidente de AUPA ha recordado que el posicionamiento de la Asociaci\u00f3n de las Universidades P\u00fablicas Andaluzas \u201ces muy claro desde hace tiempo. En primer lugar, <strong>exigimos que se cumplan estrictamente todos los requisitos de calidad que se exigen a cualquier universidad, adem\u00e1s de competir en condiciones de igualda<\/strong>d. Los requisitos estrictos para ofertar un t\u00edtulo no se dan en el \u00e1mbito de las privadas\u201d. Adem\u00e1s, ha precisado la necesidad de contar con \u201cuna estrategia universitaria general respecto a las universidades privadas, que son plenamente legales, pero exigiendo calidad, estrategia e igualdad de condiciones\u201d.<\/p>\n","protected":false},"excerpt":{"rendered":"<p>Los rectores y la rectora de la Asociaci\u00f3n de Universidades P\u00fablicas Andaluzas (AUPA) se han reunido hoy en la Universidad de C\u00e1diz para fijar criterios desde el sistema universitario andaluz en relaci\u00f3n con el nuevo mapa de t\u00edtulos y para abordar distintos temas prioritarios en el \u00e1mbito de la ordenaci\u00f3n acad\u00e9mica, como los micro-cr\u00e9ditos o microcredenciales, los m\u00e1steres y los consorcios europeos.<\/p>\n","protected":false},"author":6,"featured_media":30879789,"comment_status":"closed","ping_status":"open","sticky":false,"template":"","format":"standard","meta":{"_monsterinsights_skip_tracking":false,"_monsterinsights_sitenote_active":false,"_monsterinsights_sitenote_note":"","_monsterinsights_sitenote_category":0,"footnotes":""},"categories":[6],"tags":[2842,377,2704,7789,5488],"class_list":["post-30879788","post","type-post","status-publish","format-standard","has-post-thumbnail","hentry","category-institucional","tag-aupa","tag-oferta-academica","tag-titulaciones","tag-universidades-privadas","tag-universidades-publicas-andaluzas"],"_links":{"self":[{"href":"https:\/\/www.upo.es\/diario\/wp-json\/wp\/v2\/posts\/30879788","targetHints":{"allow":["GET"]}}],"collection":[{"href":"https:\/\/www.upo.es\/diario\/wp-json\/wp\/v2\/posts"}],"about":[{"href":"https:\/\/www.upo.es\/diario\/wp-json\/wp\/v2\/types\/post"}],"author":[{"embeddable":true,"href":"https:\/\/www.upo.es\/diario\/wp-json\/wp\/v2\/users\/6"}],"replies":[{"embeddable":true,"href":"https:\/\/www.upo.es\/diario\/wp-json\/wp\/v2\/comments?post=30879788"}],"version-history":[{"count":5,"href":"https:\/\/www.upo.es\/diario\/wp-json\/wp\/v2\/posts\/30879788\/revisions"}],"predecessor-version":[{"id":30879795,"href":"https:\/\/www.upo.es\/diario\/wp-json\/wp\/v2\/posts\/30879788\/revisions\/30879795"}],"wp:featuredmedia":[{"embeddable":true,"href":"https:\/\/www.upo.es\/diario\/wp-json\/wp\/v2\/media\/30879789"}],"wp:attachment":[{"href":"https:\/\/www.upo.es\/diario\/wp-json\/wp\/v2\/media?parent=30879788"}],"wp:term":[{"taxonomy":"category","embeddable":true,"href":"https:\/\/www.upo.es\/diario\/wp-json\/wp\/v2\/categories?post=30879788"},{"taxonomy":"post_tag","embeddable":true,"href":"https:\/\/www.upo.es\/diario\/wp-json\/wp\/v2\/tags?post=30879788"}],"curies":[{"name":"wp","href":"https:\/\/api.w.org\/{rel}","templated":true}]}}