{"id":30879796,"date":"2023-10-03T08:07:30","date_gmt":"2023-10-03T06:07:30","guid":{"rendered":"https:\/\/www.upo.es\/diario\/?p=30879796"},"modified":"2023-10-03T15:22:48","modified_gmt":"2023-10-03T13:22:48","slug":"la-sectorial-de-ordenacion-academica-de-las-universidades-andaluzas-se-reune-en-la-uca","status":"publish","type":"post","link":"https:\/\/www.upo.es\/diario\/institucional\/2023\/10\/la-sectorial-de-ordenacion-academica-de-las-universidades-andaluzas-se-reune-en-la-uca\/","title":{"rendered":"La Sectorial de Ordenaci\u00f3n Acad\u00e9mica de las universidades andaluzas se re\u00fane en la UCA"},"content":{"rendered":"<figure id=\"attachment_30879797\" aria-describedby=\"caption-attachment-30879797\" style=\"width: 750px\" class=\"wp-caption aligncenter\"><a href=\"https:\/\/www.upo.es\/diario\/wp-content\/uploads\/2023\/10\/Reunion-microcredenciales-3.jpg\"><img loading=\"lazy\" decoding=\"async\" class=\"size-large wp-image-30879797\" src=\"https:\/\/www.upo.es\/diario\/wp-content\/uploads\/2023\/10\/Reunion-microcredenciales-3-750x422.jpg\" alt=\"Reuni\u00f3n sobre microcredenciales\" width=\"750\" height=\"422\" srcset=\"https:\/\/www.upo.es\/diario\/wp-content\/uploads\/2023\/10\/Reunion-microcredenciales-3-750x422.jpg 750w, https:\/\/www.upo.es\/diario\/wp-content\/uploads\/2023\/10\/Reunion-microcredenciales-3-420x236.jpg 420w, https:\/\/www.upo.es\/diario\/wp-content\/uploads\/2023\/10\/Reunion-microcredenciales-3-768x432.jpg 768w, https:\/\/www.upo.es\/diario\/wp-content\/uploads\/2023\/10\/Reunion-microcredenciales-3-1536x864.jpg 1536w, https:\/\/www.upo.es\/diario\/wp-content\/uploads\/2023\/10\/Reunion-microcredenciales-3-1320x743.jpg 1320w, https:\/\/www.upo.es\/diario\/wp-content\/uploads\/2023\/10\/Reunion-microcredenciales-3.jpg 1600w\" sizes=\"auto, (max-width: 750px) 100vw, 750px\" \/><\/a><figcaption id=\"caption-attachment-30879797\" class=\"wp-caption-text\">Encuentro centrado en microcredenciales<\/figcaption><\/figure>\n<p>La Facultad de Medicina y el edificio Hospital Real de la Universidad de C\u00e1diz acogen hoy, en el marco de la reuni\u00f3n de la Asociaci\u00f3n de rectores y rectoras de las Universidades P\u00fablicas Andaluzas (AUPA) en C\u00e1diz, la Sectorial de Vicerrectores y Vicerrectoras de Ordenaci\u00f3n Acad\u00e9mica.<\/p>\n<p>En concreto, sus representantes, cerca de medio centenar procedentes de las diez universidades p\u00fablicas andaluzas, se reparten en tres<strong> encuentros paralelos sobre M\u00e1ster, Consorcios de Universidades Europeas y Microcredenciales<\/strong>.<\/p>\n<p>La vicerrectora en funciones de Pol\u00edtica Educativa de la UCA, Eva Garrido, ha acompa\u00f1ado a su hom\u00f3nima en la Universidad de Sevilla, Cristina Yanes, en la bienvenida de la reuni\u00f3n de M\u00e1ster. <strong>Un encuentro de trabajo para poner en com\u00fan sus pol\u00edticas y acciones con respecto a los postgrados en cada universidad y articular alianzas para reforzar el mapa de t\u00edtulos de Andaluc\u00eda con m\u00e1steres conjuntos<\/strong>. Sus coordinadores han manifestado su inter\u00e9s por mejorar su calidad desde la obtenci\u00f3n de datos actualizados de cada uno de ellos como tasa de ocupaci\u00f3n, demanda, abandono y empleabilidad.<\/p>\n<p>En paralelo, el coordinador General de la Universidad Europea de los Mares SEA-EU (liderada por la UCA), Fidel Echevarr\u00eda, ha acogido a sus compa\u00f1eros de los cuatro <strong>consorcios de Universidades Europeas impulsados por las Universidades P\u00fablicas Andaluzas:<\/strong> La Universidad Verde Europea UNIgreen (Almer\u00eda), la Alianza Universitaria Europea ARQUS (Granada); Transformando Regiones para una Europa Inclusiva NEOLAiA (Ja\u00e9n) y la Universidad Europea para los Ciudadanos del Futuro Ulysseus (Sevilla). Andaluc\u00eda es la comunidad aut\u00f3noma espa\u00f1ola que m\u00e1s universidades europeas coordina en el conjunto del pa\u00eds, al estar varias de sus universidades al frente de cinco de las seis alianzas estrat\u00e9gicas (la Universidad Competitiva para la Sociedad Sostenible INVEST, donde C\u00f3rdoba es miembro integrante) de instituciones acad\u00e9micas de la UE en las que est\u00e1 integrada.<\/p>\n<p>En tercer lugar, se ha celebrado la reuni\u00f3n relativa a las <strong>Microcredenciales<\/strong> con la participaci\u00f3n de responsables de las diferentes universidades p\u00fablicas andaluzas en materia de Pol\u00edtica Educativa. Las microcredenciales son un <strong>nuevo modelo formativo impulsado desde la Uni\u00f3n Europea para favorecer la inclusi\u00f3n y la igualdad de oportunidades, facilitar el acceso a la educaci\u00f3n, la formaci\u00f3n y las oportunidades profesionales<\/strong>. Certifican los resultados obtenidos en experiencias de aprendizaje de corta duraci\u00f3n.<\/p>\n","protected":false},"excerpt":{"rendered":"<p>Sus representantes comparten experiencias en materia de M\u00e1ster, Consorcios de Universidades Europeas y Microcredenciales para articular alianzas entre sus universidades.<\/p>\n","protected":false},"author":6,"featured_media":30879797,"comment_status":"closed","ping_status":"open","sticky":false,"template":"","format":"standard","meta":{"_monsterinsights_skip_tracking":false,"_monsterinsights_sitenote_active":false,"_monsterinsights_sitenote_note":"","_monsterinsights_sitenote_category":0,"footnotes":""},"categories":[6],"tags":[1577,7800,377,3862],"class_list":["post-30879796","post","type-post","status-publish","format-standard","has-post-thumbnail","hentry","category-institucional","tag-master-universitario","tag-microcredenciales","tag-oferta-academica","tag-universidades-andaluzas"],"_links":{"self":[{"href":"https:\/\/www.upo.es\/diario\/wp-json\/wp\/v2\/posts\/30879796","targetHints":{"allow":["GET"]}}],"collection":[{"href":"https:\/\/www.upo.es\/diario\/wp-json\/wp\/v2\/posts"}],"about":[{"href":"https:\/\/www.upo.es\/diario\/wp-json\/wp\/v2\/types\/post"}],"author":[{"embeddable":true,"href":"https:\/\/www.upo.es\/diario\/wp-json\/wp\/v2\/users\/6"}],"replies":[{"embeddable":true,"href":"https:\/\/www.upo.es\/diario\/wp-json\/wp\/v2\/comments?post=30879796"}],"version-history":[{"count":1,"href":"https:\/\/www.upo.es\/diario\/wp-json\/wp\/v2\/posts\/30879796\/revisions"}],"predecessor-version":[{"id":30879798,"href":"https:\/\/www.upo.es\/diario\/wp-json\/wp\/v2\/posts\/30879796\/revisions\/30879798"}],"wp:featuredmedia":[{"embeddable":true,"href":"https:\/\/www.upo.es\/diario\/wp-json\/wp\/v2\/media\/30879797"}],"wp:attachment":[{"href":"https:\/\/www.upo.es\/diario\/wp-json\/wp\/v2\/media?parent=30879796"}],"wp:term":[{"taxonomy":"category","embeddable":true,"href":"https:\/\/www.upo.es\/diario\/wp-json\/wp\/v2\/categories?post=30879796"},{"taxonomy":"post_tag","embeddable":true,"href":"https:\/\/www.upo.es\/diario\/wp-json\/wp\/v2\/tags?post=30879796"}],"curies":[{"name":"wp","href":"https:\/\/api.w.org\/{rel}","templated":true}]}}