{"id":30879799,"date":"2023-10-04T10:28:36","date_gmt":"2023-10-04T08:28:36","guid":{"rendered":"https:\/\/www.upo.es\/diario\/?p=30879799"},"modified":"2023-10-05T09:08:27","modified_gmt":"2023-10-05T07:08:27","slug":"casos-juridico-sociales-trabajo-social-discapacidad-y-jurisdiccion-internacional-tematicas-entre-los-libros-presentados-en-la-upo","status":"publish","type":"post","link":"https:\/\/www.upo.es\/diario\/docencia-formacion\/2023\/10\/casos-juridico-sociales-trabajo-social-discapacidad-y-jurisdiccion-internacional-tematicas-entre-los-libros-presentados-en-la-upo\/","title":{"rendered":"Casos jur\u00eddico-sociales, Trabajo Social, discapacidad y jurisdicci\u00f3n internacional, tem\u00e1ticas entre los libros presentados en la UPO"},"content":{"rendered":"<p><a href=\"https:\/\/www.upo.es\/diario\/wp-content\/uploads\/2023\/10\/libros.png\"><img loading=\"lazy\" decoding=\"async\" class=\"alignright size-medium wp-image-30879800\" src=\"https:\/\/www.upo.es\/diario\/wp-content\/uploads\/2023\/10\/libros-288x420.png\" alt=\"\" width=\"288\" height=\"420\" srcset=\"https:\/\/www.upo.es\/diario\/wp-content\/uploads\/2023\/10\/libros-288x420.png 288w, https:\/\/www.upo.es\/diario\/wp-content\/uploads\/2023\/10\/libros-360x525.png 360w, https:\/\/www.upo.es\/diario\/wp-content\/uploads\/2023\/10\/libros-768x1121.png 768w, https:\/\/www.upo.es\/diario\/wp-content\/uploads\/2023\/10\/libros.png 842w\" sizes=\"auto, (max-width: 288px) 100vw, 288px\" \/><\/a>El Paraninfo de la Universidad Pablo de Olavide, con la coordinaci\u00f3n de la profesora del \u00c1rea de Trabajo Social y Servicios Sociales Concepci\u00f3n Nieto-Morales, ha acogido la presentaci\u00f3n de los libros <strong><em>Soluciones pr\u00e1cticas a controversias de la vida diaria, Medidas de apoyo a personas con discapacidad, El Trabajo Social en el siglo XXI y La realidad de la jurisdicci\u00f3n penal universal desde la perspectiva del Derecho internacional<\/em><\/strong>, de la Editorial Dykinson.<\/p>\n<p>La mesa de la presentaci\u00f3n ha contado con la participaci\u00f3n del fiscal Jos\u00e9 Mar\u00eda Ca\u00f1al Fern\u00e1ndez Pe\u00f1aranda, la fiscal de familia y menores de Sevilla Susana Hernando Ramos, el fiscal de incapacidad de Sevilla Norberto Sotomayor Alarc\u00f3n, el fiscal Antonio Caballero Rodr\u00edguez, el educador social Marco Antonio Navarro Maldonado de los Servicios Sociales Comunitarios del Ayuntamiento de Sevilla, la trabajadora social del Ayuntamiento de Sevilla Mar\u00eda Jos\u00e9 Le\u00f3n y la investigadora Nieves Irene Caballero P\u00e9rez.<\/p>\n<p>Entre sus tem\u00e1ticas, <em>Soluciones pr\u00e1cticas a controversias de la vida diaria<\/em> presenta casos jur\u00eddicos desde la perspectiva de la intervenci\u00f3n desde los Juzgados de Familia, la violencia de g\u00e9nero o el tratamiento de la v\u00edctima de delito, hasta las respuestas desde la Corte Penal Internacional ante la invasi\u00f3n de Ucrania.<\/p>\n<p>Por su parte, la segunda edici\u00f3n de <em>Medidas de apoyo a personas con discapacidad<\/em> aborda la nueva regulaci\u00f3n a la luz de la Ley 8\/21, de 2 de junio, por la que se reforma la Legislaci\u00f3n Civil y Procesal para el apoyo a las personas con discapacidad en el ejercicio de su capacidad jur\u00eddica.<\/p>\n<p><em>El Trabajo Social en el siglo XXI<\/em> parte desde el concepto de trabajo social para hacer un an\u00e1lisis de sus \u00e1mbitos y sectores de actuaci\u00f3n y su relaci\u00f3n con aspectos como la educaci\u00f3n, la justicia y el sistema sanitario, entre otras tem\u00e1ticas.<\/p>\n<p>Por \u00faltimo, <em>La realidad de la jurisdicci\u00f3n penal universal desde la perspectiva del Derecho internacional<\/em>, de Nieves Irene Caballero P\u00e9rez, parte del principio de justicia universal en el Derecho internacional hasta su aplicaci\u00f3n en Espa\u00f1a, con el an\u00e1lisis de casos pr\u00e1cticos.<\/p>\n<p><strong>Referencias:<\/strong><\/p>\n<p>Nieto-Cabrera, M.E. &amp; Nieto-Morales C. (Coords.) (2023). <strong><em>Soluciones pr\u00e1cticas a controversias de la vida diaria. Casos Pr\u00e1cticos: Jur\u00eddicos, Socio-Jur\u00eddicos, Sociales<\/em><\/strong>. Editorial Dykinson.<\/p>\n<p>Sotomayor Alarc\u00f3n, N., Abascal Monedero, P.J., Chicharro Rodr\u00edguez, P. &amp; Nieto-Morales, C. (2023). <strong><em>Medidas de apoyo a personas con discapacidad<\/em><\/strong>. Editorial Dykinson.<\/p>\n<p>Le\u00f3n, M.J., Nieto-Cabrera M.E. &amp; Nieto-Morales, C. (2023). <strong><em>El Trabajo Social en el siglo XXI. Creando un mundo social de promoci\u00f3n para el bienestar. Problemas en el desempe\u00f1o profesional del Trabajo Social<\/em><\/strong>. Editorial Dykinson.<\/p>\n<p>Caballero P\u00e9rez, N.I. (2023). <strong><em>La realidad de la jurisdicci\u00f3n penal universal desde la perspectiva del Derecho internacional. El ejercicio pr\u00e1ctico de la jurisdicci\u00f3n universal en Espa\u00f1a<\/em><\/strong>. Editorial Dykinson.<\/p>\n<figure id=\"attachment_30879801\" aria-describedby=\"caption-attachment-30879801\" style=\"width: 750px\" class=\"wp-caption aligncenter\"><a href=\"https:\/\/www.upo.es\/diario\/wp-content\/uploads\/2023\/10\/imagen1_Libros.jpg\"><img loading=\"lazy\" decoding=\"async\" class=\"size-large wp-image-30879801\" src=\"https:\/\/www.upo.es\/diario\/wp-content\/uploads\/2023\/10\/imagen1_Libros-750x400.jpg\" alt=\"\" width=\"750\" height=\"400\" srcset=\"https:\/\/www.upo.es\/diario\/wp-content\/uploads\/2023\/10\/imagen1_Libros-750x400.jpg 750w, https:\/\/www.upo.es\/diario\/wp-content\/uploads\/2023\/10\/imagen1_Libros-420x224.jpg 420w, https:\/\/www.upo.es\/diario\/wp-content\/uploads\/2023\/10\/imagen1_Libros-768x410.jpg 768w, https:\/\/www.upo.es\/diario\/wp-content\/uploads\/2023\/10\/imagen1_Libros.jpg 1207w\" sizes=\"auto, (max-width: 750px) 100vw, 750px\" \/><\/a><figcaption id=\"caption-attachment-30879801\" class=\"wp-caption-text\">Concepci\u00f3n Nieto, Norberto Sotomayor, Juan A. Hurtado, Mar\u00eda Jos\u00e9 Le\u00f3n y Nieves I. Caballero<\/figcaption><\/figure>\n<p>&nbsp;<\/p>\n","protected":false},"excerpt":{"rendered":"<p>El Paraninfo de la Universidad Pablo de Olavide, con la coordinaci\u00f3n de la profesora del \u00c1rea de Trabajo Social y Servicios Sociales Concepci\u00f3n Nieto-Morales, ha acogido la presentaci\u00f3n de los libros Soluciones pr\u00e1cticas a controversias de la vida diaria, Medidas de apoyo a personas con discapacidad, El Trabajo Social en el siglo XXI y La realidad de la jurisdicci\u00f3n penal universal desde la perspectiva del Derecho internacional, de la Editorial Dykinson.<\/p>\n","protected":false},"author":14,"featured_media":30879800,"comment_status":"closed","ping_status":"open","sticky":false,"template":"","format":"standard","meta":{"_monsterinsights_skip_tracking":false,"_monsterinsights_sitenote_active":false,"_monsterinsights_sitenote_note":"","_monsterinsights_sitenote_category":0,"footnotes":""},"categories":[2779],"tags":[4242,3943,1210,4068,3055,5835,103],"class_list":["post-30879799","post","type-post","status-publish","format-standard","has-post-thumbnail","hentry","category-docencia-formacion","tag-area-de-trabajo-social-y-servicios-sociales","tag-derecho-internacional","tag-discapacidad","tag-editorial-dykinson","tag-jurisdiccion","tag-libros","tag-trabajo-social"],"_links":{"self":[{"href":"https:\/\/www.upo.es\/diario\/wp-json\/wp\/v2\/posts\/30879799","targetHints":{"allow":["GET"]}}],"collection":[{"href":"https:\/\/www.upo.es\/diario\/wp-json\/wp\/v2\/posts"}],"about":[{"href":"https:\/\/www.upo.es\/diario\/wp-json\/wp\/v2\/types\/post"}],"author":[{"embeddable":true,"href":"https:\/\/www.upo.es\/diario\/wp-json\/wp\/v2\/users\/14"}],"replies":[{"embeddable":true,"href":"https:\/\/www.upo.es\/diario\/wp-json\/wp\/v2\/comments?post=30879799"}],"version-history":[{"count":3,"href":"https:\/\/www.upo.es\/diario\/wp-json\/wp\/v2\/posts\/30879799\/revisions"}],"predecessor-version":[{"id":30879809,"href":"https:\/\/www.upo.es\/diario\/wp-json\/wp\/v2\/posts\/30879799\/revisions\/30879809"}],"wp:featuredmedia":[{"embeddable":true,"href":"https:\/\/www.upo.es\/diario\/wp-json\/wp\/v2\/media\/30879800"}],"wp:attachment":[{"href":"https:\/\/www.upo.es\/diario\/wp-json\/wp\/v2\/media?parent=30879799"}],"wp:term":[{"taxonomy":"category","embeddable":true,"href":"https:\/\/www.upo.es\/diario\/wp-json\/wp\/v2\/categories?post=30879799"},{"taxonomy":"post_tag","embeddable":true,"href":"https:\/\/www.upo.es\/diario\/wp-json\/wp\/v2\/tags?post=30879799"}],"curies":[{"name":"wp","href":"https:\/\/api.w.org\/{rel}","templated":true}]}}