{"id":30879813,"date":"2023-10-05T11:35:36","date_gmt":"2023-10-05T09:35:36","guid":{"rendered":"https:\/\/www.upo.es\/diario\/?p=30879813"},"modified":"2023-10-13T12:06:18","modified_gmt":"2023-10-13T10:06:18","slug":"avances-en-el-estudio-sobre-como-afecta-la-deficiencia-del-gen-que-controla-la-autofagia-en-modelos-celulares-bpan","status":"publish","type":"post","link":"https:\/\/www.upo.es\/diario\/ciencia\/2023\/10\/avances-en-el-estudio-sobre-como-afecta-la-deficiencia-del-gen-que-controla-la-autofagia-en-modelos-celulares-bpan\/","title":{"rendered":"Avances en el estudio sobre c\u00f3mo afecta la deficiencia del gen que controla la autofagia en modelos celulares BPAN"},"content":{"rendered":"<figure id=\"attachment_30875296\" aria-describedby=\"caption-attachment-30875296\" style=\"width: 750px\" class=\"wp-caption aligncenter\"><a href=\"https:\/\/www.upo.es\/diario\/wp-content\/uploads\/2022\/09\/invesPKAN_equipo_sanchez_alcazar-scaled-e1664456289254.jpg\"><img loading=\"lazy\" decoding=\"async\" class=\"size-large wp-image-30875296\" src=\"https:\/\/www.upo.es\/diario\/wp-content\/uploads\/2022\/09\/invesPKAN_equipo_sanchez_alcazar-scaled-e1664456289254-750x501.jpg\" alt=\"El equipo de S\u00e1nchez Alc\u00e1zar en el CABD\" width=\"750\" height=\"501\" srcset=\"https:\/\/www.upo.es\/diario\/wp-content\/uploads\/2022\/09\/invesPKAN_equipo_sanchez_alcazar-scaled-e1664456289254-750x501.jpg 750w, https:\/\/www.upo.es\/diario\/wp-content\/uploads\/2022\/09\/invesPKAN_equipo_sanchez_alcazar-scaled-e1664456289254-385x257.jpg 385w, https:\/\/www.upo.es\/diario\/wp-content\/uploads\/2022\/09\/invesPKAN_equipo_sanchez_alcazar-scaled-e1664456289254-768x513.jpg 768w, https:\/\/www.upo.es\/diario\/wp-content\/uploads\/2022\/09\/invesPKAN_equipo_sanchez_alcazar-scaled-e1664456289254-1536x1026.jpg 1536w, https:\/\/www.upo.es\/diario\/wp-content\/uploads\/2022\/09\/invesPKAN_equipo_sanchez_alcazar-scaled-e1664456289254-2048x1368.jpg 2048w, https:\/\/www.upo.es\/diario\/wp-content\/uploads\/2022\/09\/invesPKAN_equipo_sanchez_alcazar-scaled-e1664456289254-165x109.jpg 165w, https:\/\/www.upo.es\/diario\/wp-content\/uploads\/2022\/09\/invesPKAN_equipo_sanchez_alcazar-scaled-e1664456289254-1320x882.jpg 1320w\" sizes=\"auto, (max-width: 750px) 100vw, 750px\" \/><\/a><figcaption id=\"caption-attachment-30875296\" class=\"wp-caption-text\">El equipo de S\u00e1nchez Alc\u00e1zar en el CABD<\/figcaption><\/figure>\n<p>El equipo cient\u00edfico de la Universidad Pablo de Olavide dirigido por el catedr\u00e1tico <strong>Jos\u00e9 Antonio S\u00e1nchez Alc\u00e1zar <\/strong>ha publicado recientemente un estudio en la revista <em>International Journal of Molecular Sciences<\/em> en el que demuestra que las mutaciones del gen WDR45 en modelos celulares BPAN provocan alteraciones en la autofagia, el metabolismo del hierro y la bioenerg\u00e9tica celular. El tratamiento con antioxidantes mejor\u00f3 parcialmente la fisiopatolog\u00eda celular, sin embargo, la autofagia y la bioenerg\u00e9tica celular siguieron afectadas.<\/p>\n<p>La neurodegeneraci\u00f3n con acumulaci\u00f3n de hierro en el cerebro (NACH) es un grupo de trastornos neurogen\u00e9ticos raros frecuentemente asociados con la acumulaci\u00f3n de hierro en los n\u00facleos basales del cerebro. Entre los subtipos de NACH, la neurodegeneraci\u00f3n asociada a la prote\u00edna \u03b2-propeller (BPAN) se relaciona con mutaciones en el gen de la autofagia WDR45. El objetivo de este estudio se ha centrado en demostrar los defectos autof\u00e1gicos y las consecuencias patol\u00f3gicas secundarias como la acumulaci\u00f3n de hierro, la peroxidaci\u00f3n lip\u00eddica y la disfunci\u00f3n mitocondrial en modelos celulares derivados de dos pacientes que albergan mutaciones en WDR45.<\/p>\n<p>WDR45 regula la autofagia, un mecanismo de degradaci\u00f3n y reciclaje de componentes celulares disfuncionales. Aunque no est\u00e1 a\u00fan claro c\u00f3mo la deficiencia en la expresi\u00f3n de este gen conduce a la sobrecarga de hierro cerebral, el aumento de hierro t\u00f3xico en los fibroblastos de dos pacientes afectados por BPAN sugiere que las alteraciones en la homeostasis del hierro est\u00e1n asociadas con la deficiencia de WDR45.<\/p>\n<p><strong>El equipo de S\u00e1nchez Alc\u00e1zar analiz\u00f3 los niveles de expresi\u00f3n de WDR45 en l\u00edneas celulares de fibroblastos derivadas de dos pacientes de BPAN y dos sujetos sanos<\/strong>. Los niveles de expresi\u00f3n de WDR45 se redujeron notablemente en los primeros, mientras que los fibroblastos de control presentaban niveles normales. <strong>El an\u00e1lisis de microscop\u00eda electr\u00f3nica de transmisi\u00f3n (TEM) de las c\u00e9lulas BPAN mostr\u00f3 vacuolizaci\u00f3n mitocondrial asociada con la acumulaci\u00f3n de agregados que forman gr\u00e1nulos de lipofuscina d\u00f3nde se acumula el hierro<\/strong>. Este proceso se explica como un mecanismo mediante el cual las mitocondrias se desprenden de sus componentes oxidados y da\u00f1ados, al no poder ser eliminados por el mecanismo normal de la autofagia.<\/p>\n<p>El tratamiento con antioxidantes como el pantotenato, la vitamina E y el \u03b1-lipoico impidieron la degradaci\u00f3n oxidativa de los l\u00edpidos y la acumulaci\u00f3n de hierro; sin embargo, los antioxidantes no lograron corregir los niveles de expresi\u00f3n de WDR45, el defecto de autofagia ni la bioenerg\u00e9tica celular.<\/p>\n<p>Este trabajo ha contado con la estrecha colaboraci\u00f3n de Susana Gonz\u00e1lez-Granero y Jos\u00e9 Manuel Garc\u00eda-Verdugo, de la Universidad de Valencia, y de Antonio D\u00edaz del Institute for Aging Studies (Albert Einstein College of Medicine, Nueva York).<\/p>\n<figure id=\"attachment_30879815\" aria-describedby=\"caption-attachment-30879815\" style=\"width: 742px\" class=\"wp-caption aligncenter\"><a href=\"https:\/\/www.upo.es\/diario\/wp-content\/uploads\/2023\/10\/BPAN_Pathophisiology.png\"><img loading=\"lazy\" decoding=\"async\" class=\"size-large wp-image-30879815\" src=\"https:\/\/www.upo.es\/diario\/wp-content\/uploads\/2023\/10\/BPAN_Pathophisiology-742x525.png\" alt=\"Ilustraci\u00f3n del proceso de vacuolizaci\u00f3n mitocondrial \" width=\"742\" height=\"525\" srcset=\"https:\/\/www.upo.es\/diario\/wp-content\/uploads\/2023\/10\/BPAN_Pathophisiology-742x525.png 742w, https:\/\/www.upo.es\/diario\/wp-content\/uploads\/2023\/10\/BPAN_Pathophisiology-420x297.png 420w, https:\/\/www.upo.es\/diario\/wp-content\/uploads\/2023\/10\/BPAN_Pathophisiology-768x543.png 768w, https:\/\/www.upo.es\/diario\/wp-content\/uploads\/2023\/10\/BPAN_Pathophisiology-1320x934.png 1320w, https:\/\/www.upo.es\/diario\/wp-content\/uploads\/2023\/10\/BPAN_Pathophisiology.png 1472w\" sizes=\"auto, (max-width: 742px) 100vw, 742px\" \/><\/a><figcaption id=\"caption-attachment-30879815\" class=\"wp-caption-text\">Ilustraci\u00f3n del proceso de vacuolizaci\u00f3n mitocondrial<\/figcaption><\/figure>\n<h3><strong>Proyecto BrainCure<\/strong><\/h3>\n<p>Esta investigaci\u00f3n se enmarca en el Proyecto BrainCure, desarrollado por el equipo cient\u00edfico dirigido por Jos\u00e9 Antonio S\u00e1nchez Alc\u00e1zar, del Departamento de Fisiolog\u00eda, Anatom\u00eda y Biolog\u00eda Celular de la UPO. Desde que se pusiera en marcha en 2014, el equipo de BrainCure ha logrado grandes avances. Estos cient\u00edficos y cient\u00edficas proponen una visi\u00f3n ambiciosa y adaptada al nuevo concepto de medicina personalizada. As\u00ed, su trabajo se centra en evaluar la efectividad terap\u00e9utica de los distintos tratamientos en los fibroblastos derivados de los pacientes y en las c\u00e9lulas neuronales generadas por reprogramaci\u00f3n directa.<\/p>\n<p>Las evaluaciones personalizadas en modelos celulares derivados de pacientes pueden ser \u00fatiles para evaluar el comportamiento de mutaciones particulares bajo diferentes opciones terap\u00e9uticas y, por lo tanto, seleccionar los suplementos y las concentraciones de dosis m\u00e1s efectivos teniendo en cuenta sus propiedades farmacocin\u00e9ticas. De esta manera, los resultados obtenidos en el laboratorio con modelos celulares de los propios pacientes podr\u00e1n ser trasladados a la investigaci\u00f3n cl\u00ednica para la realizaci\u00f3n de ensayos cl\u00ednicos controlados. Este equipo cient\u00edfico, que lleva a cabo sus trabajos en el CABD, est\u00e1 realizando actualmente medicina personalizada en m\u00e1s de cuarenta pacientes procedentes de Espa\u00f1a y otros pa\u00edses como Brasil, Colombia, M\u00e9xico, EEUU, Francia, Reino Unido, Holanda, Hungr\u00eda y Polonia.<\/p>\n<p>En la actualidad el Proyecto BrainCure est\u00e1 realizando medicina de precisi\u00f3n en los 5 subtipos m\u00e1s frecuentes: PKAN, neurodegeneraci\u00f3n asociada a pantotenato kinasa, con mutaciones en el gen PANK2; PLAN, neurodegeneraci\u00f3n asociada a PLA2G6, con mutaciones en el gen PLA2G6; BPAN, neurodegeneraci\u00f3n asociada a la prote\u00edna beta-propeller, con mutaciones en el gen WDR45; MPAN, neurodegeneraci\u00f3n asociada a la prote\u00edna de la membrana mitocondrial, con mutaciones en el gen C19orf12; y FAHN, neurodegeneraci\u00f3n asociada a la hidroxilasa de \u00e1cidos grasos, con mutaciones en el gen FA2H.<\/p>\n<p>&nbsp;<\/p>\n<p><strong>Referencia:<\/strong><\/p>\n<p>Su\u00e1rez-Carrillo A, \u00c1lvarez-C\u00f3rdoba M, Romero-Gonz\u00e1lez A, Talaver\u00f3n-Rey M, Povea-Cabello S, Cilleros-Holgado P, Pi\u00f1ero-P\u00e9rez R, Reche-L\u00f3pez D, G\u00f3mez-Fern\u00e1ndez D, Romero-Dom\u00ednguez JM, et al. <strong>Antioxidants Prevent Iron Accumulation and Lipid Peroxidation, but Do Not Correct Autophagy Dysfunction or Mitochondrial Bioenergetics in Cellular Models of BPAN<\/strong>. <em>International Journal of Molecular Sciences<\/em>. 2023; 24(19):14576.<\/p>\n<p><a href=\"https:\/\/doi.org\/10.3390\/ijms241914576\">https:\/\/doi.org\/10.3390\/ijms241914576<\/a><\/p>\n<p>&nbsp;<\/p>\n","protected":false},"excerpt":{"rendered":"<p>El equipo cient\u00edfico de la Universidad Pablo de Olavide dirigido por el catedr\u00e1tico Jos\u00e9 Antonio S\u00e1nchez Alc\u00e1zar ha publicado recientemente un estudio en la revista International Journal of Molecular Sciences en el que demuestra que las mutaciones del gen WDR45 en modelos celulares BPAN provocan alteraciones en la autofagia, el metabolismo del hierro y la bioenerg\u00e9tica celular. El tratamiento con antioxidantes mejor\u00f3 parcialmente la fisiopatolog\u00eda celular, sin embargo, la autofagia y la bioenerg\u00e9tica celular siguieron afectadas.<\/p>\n","protected":false},"author":6,"featured_media":30876695,"comment_status":"closed","ping_status":"open","sticky":false,"template":"","format":"standard","meta":{"_monsterinsights_skip_tracking":false,"_monsterinsights_sitenote_active":false,"_monsterinsights_sitenote_note":"","_monsterinsights_sitenote_category":0,"footnotes":""},"categories":[3],"tags":[4996,43,117,1832,7840,5765,406,218],"class_list":["post-30879813","post","type-post","status-publish","format-standard","has-post-thumbnail","hentry","category-ciencia","tag-biologia-celular","tag-cabd","tag-enfermedades-raras","tag-jose-antonio-sanchez-alcazar","tag-medicina-presonalizada","tag-proyecto-braincure","tag-publicacion","tag-salud"],"_links":{"self":[{"href":"https:\/\/www.upo.es\/diario\/wp-json\/wp\/v2\/posts\/30879813","targetHints":{"allow":["GET"]}}],"collection":[{"href":"https:\/\/www.upo.es\/diario\/wp-json\/wp\/v2\/posts"}],"about":[{"href":"https:\/\/www.upo.es\/diario\/wp-json\/wp\/v2\/types\/post"}],"author":[{"embeddable":true,"href":"https:\/\/www.upo.es\/diario\/wp-json\/wp\/v2\/users\/6"}],"replies":[{"embeddable":true,"href":"https:\/\/www.upo.es\/diario\/wp-json\/wp\/v2\/comments?post=30879813"}],"version-history":[{"count":4,"href":"https:\/\/www.upo.es\/diario\/wp-json\/wp\/v2\/posts\/30879813\/revisions"}],"predecessor-version":[{"id":30879818,"href":"https:\/\/www.upo.es\/diario\/wp-json\/wp\/v2\/posts\/30879813\/revisions\/30879818"}],"wp:featuredmedia":[{"embeddable":true,"href":"https:\/\/www.upo.es\/diario\/wp-json\/wp\/v2\/media\/30876695"}],"wp:attachment":[{"href":"https:\/\/www.upo.es\/diario\/wp-json\/wp\/v2\/media?parent=30879813"}],"wp:term":[{"taxonomy":"category","embeddable":true,"href":"https:\/\/www.upo.es\/diario\/wp-json\/wp\/v2\/categories?post=30879813"},{"taxonomy":"post_tag","embeddable":true,"href":"https:\/\/www.upo.es\/diario\/wp-json\/wp\/v2\/tags?post=30879813"}],"curies":[{"name":"wp","href":"https:\/\/api.w.org\/{rel}","templated":true}]}}