{"id":30879847,"date":"2023-10-06T13:45:49","date_gmt":"2023-10-06T11:45:49","guid":{"rendered":"https:\/\/www.upo.es\/diario\/?p=30879847"},"modified":"2023-10-13T12:13:41","modified_gmt":"2023-10-13T10:13:41","slug":"el-rector-de-la-universidad-pablo-de-olavide-participa-en-pamplona-en-el-xxvii-encuentro-alumni-espana","status":"publish","type":"post","link":"https:\/\/www.upo.es\/diario\/institucional\/2023\/10\/el-rector-de-la-universidad-pablo-de-olavide-participa-en-pamplona-en-el-xxvii-encuentro-alumni-espana\/","title":{"rendered":"El rector de la Universidad Pablo de Olavide participa en Pamplona en el XXVII Encuentro Alumni Espa\u00f1a"},"content":{"rendered":"<figure id=\"attachment_30879844\" aria-describedby=\"caption-attachment-30879844\" style=\"width: 750px\" class=\"wp-caption aligncenter\"><a href=\"https:\/\/www.upo.es\/diario\/wp-content\/uploads\/2023\/10\/imagen1_alumni-scaled.jpg\"><img loading=\"lazy\" decoding=\"async\" class=\"size-large wp-image-30879844\" src=\"https:\/\/www.upo.es\/diario\/wp-content\/uploads\/2023\/10\/imagen1_alumni-750x523.jpg\" alt=\"\" width=\"750\" height=\"523\" srcset=\"https:\/\/www.upo.es\/diario\/wp-content\/uploads\/2023\/10\/imagen1_alumni-750x523.jpg 750w, https:\/\/www.upo.es\/diario\/wp-content\/uploads\/2023\/10\/imagen1_alumni-420x293.jpg 420w, https:\/\/www.upo.es\/diario\/wp-content\/uploads\/2023\/10\/imagen1_alumni-768x536.jpg 768w, https:\/\/www.upo.es\/diario\/wp-content\/uploads\/2023\/10\/imagen1_alumni-1536x1072.jpg 1536w, https:\/\/www.upo.es\/diario\/wp-content\/uploads\/2023\/10\/imagen1_alumni-2048x1429.jpg 2048w, https:\/\/www.upo.es\/diario\/wp-content\/uploads\/2023\/10\/imagen1_alumni-1320x921.jpg 1320w, https:\/\/www.upo.es\/diario\/wp-content\/uploads\/2023\/10\/imagen1_alumni-scaled-95x67.jpg 95w\" sizes=\"auto, (max-width: 750px) 100vw, 750px\" \/><\/a><figcaption id=\"caption-attachment-30879844\" class=\"wp-caption-text\">Jos\u00e9 Mar\u00eda Coello de Portugal, Francisco Oliva y Jos\u00e9 Mar\u00eda Nyssen<\/figcaption><\/figure>\n<p>El rector de la Universidad Pablo de Olavide, <strong>Francisco Oliva Bl\u00e1zquez<\/strong>, ha destacado, en el <a href=\"https:\/\/www.unavarra.es\/xxvii-encuentro-alumni-espana\">XXVII Encuentro Alumni Espa\u00f1a<\/a> celebrado en Pamplona, que \u201clos estudios universitarios siguen siendo garant\u00eda de m\u00e1xima empleabilidad\u201d. En este sentido, ha remarcado que <strong>a los cuatros a\u00f1os de finalizar una titulaci\u00f3n, m\u00e1s del 85% del estudiantado egresado tiene empleo y cuenta con mejores retribuciones<\/strong>.<\/p>\n<p>Por otro lado, Francisco Oliva ha se\u00f1alado que las universidades tienen que \u201cmejorar en orientaci\u00f3n sobre las salidas profesionales e involucrar a los egresados y egresadas en esta tarea\u201d, labor que ya se lleva a cabo en la UPO; adem\u00e1s de \u201cafinar sobre los estudios de empleabilidad\u201d. Sin embargo, ha remarcado que, adem\u00e1s de centrarse en la empleabilidad, las universidades tienen otras funciones, como la formaci\u00f3n en valores de su estudiantado como ciudadan\u00eda.<\/p>\n<p>Francisco Oliva ha participado en una mesa redonda bajo el t\u00edtulo \u2018Alumni, empleo y empleabilidad\u2019 que ha contado tambi\u00e9n con el presidente de Veridas y Fundador de EHN\/Acciona Energ\u00eda, <strong>Esteban Morr\u00e1s Andr\u00e9s<\/strong>; el gestor de Proyecto de Estudios e Informes de ANECA <strong>Jos\u00e9 Mar\u00eda Nyssen Gonz\u00e1lez<\/strong>; la coordinadora del programa Innovaria 8.3 de la Universidad de Santiago de Compostela, <strong>Eva L\u00f3pez Barrio<\/strong>; y ha moderado el vicerrector de Planificaci\u00f3n, Coordinaci\u00f3n y Relaciones Institucionales de la Universidad Complutense de Madrid, <strong>Jos\u00e9 Mar\u00eda Coello de Portugal Mart\u00ednez del Peral<\/strong>.<\/p>\n<p>La \u00faltima jornada de Alumni Espa\u00f1a se cierra con la firma de convenios con la Asociaci\u00f3n Espa\u00f1ola Contra el C\u00e1ncer y Proyecto Hombre; y un coloquio entre personalidades del mundo de las humanidades, la ciencia y la tecnolog\u00eda que contar\u00e1 con la presencia del ministro de Universidades, <strong>Joan Subirats Humet<\/strong>. La \u00faltima mesa redonda versar\u00e1 sobre \u2018El valor de la formaci\u00f3n en humanidades, artes, ciencia y tecnolog\u00eda\u2019 antes de que el presidente de Alumni Espa\u00f1a, <strong>Antonio Jos\u00e9 Redondo Garc\u00eda<\/strong>, y el presidente del Consejo Social de la Universidad P\u00fablica de Navarra, <strong>Javier Vidorreta Salillas<\/strong>, clausuren el encuentro.<\/p>\n<p>El XXVII Encuentro Alumni Espa\u00f1a ha servido para remarcar el papel que desempe\u00f1an los egresados y egresadas en la transferencia del conocimiento que hacen las universidades a la sociedad. Para ello, se han tratado asuntos relacionados con la empleabilidad de las profesiones del futuro, microcredenciales, recursos p\u00fablicos y mecenazgo, entre otras. El encuentro ha sido organizado por Alumni Espa\u00f1a, la Universidad P\u00fablica de Navarra (UPNA) y la Fundaci\u00f3n Universidad-Sociedad de la UPNA.<\/p>\n","protected":false},"excerpt":{"rendered":"<p>El rector de la Universidad Pablo de Olavide, Francisco Oliva Bl\u00e1zquez, ha destacado, en el XXVII Encuentro Alumni Espa\u00f1a celebrado en Pamplona, que \u201clos estudios universitarios siguen siendo garant\u00eda de m\u00e1xima empleabilidad\u201d. En este sentido, ha remarcado que a los cuatros a\u00f1os de finalizar una titulaci\u00f3n, m\u00e1s del 85% del estudiantado egresado tiene empleo y cuenta con mejores retribuciones.<\/p>\n","protected":false},"author":14,"featured_media":30879844,"comment_status":"closed","ping_status":"open","sticky":false,"template":"","format":"standard","meta":{"_monsterinsights_skip_tracking":false,"_monsterinsights_sitenote_active":false,"_monsterinsights_sitenote_note":"","_monsterinsights_sitenote_category":0,"footnotes":""},"categories":[6],"tags":[8352,8589,3989,438,7381,8590],"class_list":["post-30879847","post","type-post","status-publish","format-standard","has-post-thumbnail","hentry","category-institucional","tag-alumnado-egresado","tag-alumni-espana","tag-empleabilidad","tag-empleo","tag-francisco-oliva","tag-universidad-publica-de-navarra"],"_links":{"self":[{"href":"https:\/\/www.upo.es\/diario\/wp-json\/wp\/v2\/posts\/30879847","targetHints":{"allow":["GET"]}}],"collection":[{"href":"https:\/\/www.upo.es\/diario\/wp-json\/wp\/v2\/posts"}],"about":[{"href":"https:\/\/www.upo.es\/diario\/wp-json\/wp\/v2\/types\/post"}],"author":[{"embeddable":true,"href":"https:\/\/www.upo.es\/diario\/wp-json\/wp\/v2\/users\/14"}],"replies":[{"embeddable":true,"href":"https:\/\/www.upo.es\/diario\/wp-json\/wp\/v2\/comments?post=30879847"}],"version-history":[{"count":1,"href":"https:\/\/www.upo.es\/diario\/wp-json\/wp\/v2\/posts\/30879847\/revisions"}],"predecessor-version":[{"id":30879848,"href":"https:\/\/www.upo.es\/diario\/wp-json\/wp\/v2\/posts\/30879847\/revisions\/30879848"}],"wp:featuredmedia":[{"embeddable":true,"href":"https:\/\/www.upo.es\/diario\/wp-json\/wp\/v2\/media\/30879844"}],"wp:attachment":[{"href":"https:\/\/www.upo.es\/diario\/wp-json\/wp\/v2\/media?parent=30879847"}],"wp:term":[{"taxonomy":"category","embeddable":true,"href":"https:\/\/www.upo.es\/diario\/wp-json\/wp\/v2\/categories?post=30879847"},{"taxonomy":"post_tag","embeddable":true,"href":"https:\/\/www.upo.es\/diario\/wp-json\/wp\/v2\/tags?post=30879847"}],"curies":[{"name":"wp","href":"https:\/\/api.w.org\/{rel}","templated":true}]}}