{"id":30879850,"date":"2023-10-09T09:32:43","date_gmt":"2023-10-09T07:32:43","guid":{"rendered":"https:\/\/www.upo.es\/diario\/?p=30879850"},"modified":"2023-10-11T08:50:58","modified_gmt":"2023-10-11T06:50:58","slug":"la-upo-y-el-ayuntamiento-de-carmona-organizan-un-concierto-de-musica-cortesana-con-la-catedra-de-estudios-del-barroco","status":"publish","type":"post","link":"https:\/\/www.upo.es\/diario\/cultura-social\/2023\/10\/la-upo-y-el-ayuntamiento-de-carmona-organizan-un-concierto-de-musica-cortesana-con-la-catedra-de-estudios-del-barroco\/","title":{"rendered":"La UPO y el Ayuntamiento de Carmona organizan un concierto de m\u00fasica cortesana con la C\u00e1tedra de Estudios del Barroco"},"content":{"rendered":"<p><a href=\"https:\/\/www.upo.es\/diario\/wp-content\/uploads\/2023\/10\/Cartel.png\"><img loading=\"lazy\" decoding=\"async\" class=\"alignright size-medium wp-image-30879851\" src=\"https:\/\/www.upo.es\/diario\/wp-content\/uploads\/2023\/10\/Cartel-297x420.png\" alt=\"\" width=\"297\" height=\"420\" srcset=\"https:\/\/www.upo.es\/diario\/wp-content\/uploads\/2023\/10\/Cartel-297x420.png 297w, https:\/\/www.upo.es\/diario\/wp-content\/uploads\/2023\/10\/Cartel-371x525.png 371w, https:\/\/www.upo.es\/diario\/wp-content\/uploads\/2023\/10\/Cartel-768x1086.png 768w, https:\/\/www.upo.es\/diario\/wp-content\/uploads\/2023\/10\/Cartel-1086x1536.png 1086w, https:\/\/www.upo.es\/diario\/wp-content\/uploads\/2023\/10\/Cartel.png 1414w\" sizes=\"auto, (max-width: 297px) 100vw, 297px\" \/><\/a>La Universidad Pablo de Olavide, a trav\u00e9s del <strong>Vicerrectorado de Cultura y Pol\u00edticas Sociales<\/strong>, y el <strong>Ayuntamiento de Carmona<\/strong> han organizado para este martes 10 octubre el Concierto de M\u00fasica Barroca a cargo del <strong>Ensamble Alfabeto<\/strong> en el marco de la <a href=\"https:\/\/www.upo.es\/ceiba\/ceiba-sede-carmona\/\"><strong>C\u00e1tedra de Estudios del Barroco Iberoamericano<\/strong><\/a>. Ser\u00e1 en el Aula Maese Rodrigo, sita en la Antigua Capilla del Hospital de San Pedro de Carmona a las 20:30 horas con entrada libre y gratuita hasta completar aforo.<\/p>\n<p>Ensamble Alfabeto est\u00e1 compuesto por el tenor <strong>Andr\u00e9s Silva<\/strong>, el tenor e int\u00e9rprete de la\u00fad <strong>Armando Fuentes<\/strong> y la guitarra barroca de<strong> Juli\u00e1n Navarro<\/strong>.<\/p>\n<p>Andr\u00e9s Silva es profesor del Departamento de M\u00fasica de la Universidad de los Andes, donde coordina el \u00e1rea de canto l\u00edrico. Obtuvo su t\u00edtulo como Maestro en M\u00fasica con \u00e9nfasis en Canto en la Pontificia Universidad Javeriana (Bogot\u00e1, Colombia), recibi\u00f3 la beca Carolina Oramas y fue becado por la Schola Cantorum Basiliensis (Basilea, Suiza) en donde curs\u00f3 estudios de especializaci\u00f3n en canto barroco y cl\u00e1sico.<\/p>\n<p>Por su parte, Armando Fuentes es int\u00e9rprete de la\u00fad y cantante, as\u00ed como profesor de la Facultad de Artes y Humanidades de la Universidad de los Andes, a la que est\u00e1 vinculado desde 1989 y donde ha ocupado el cargo de director del Departamento de M\u00fasica. Recientemente, se ha dedicado a la investigaci\u00f3n interdisciplinar sobre recuperaci\u00f3n del patrimonio cultural con la interpretaci\u00f3n y grabaci\u00f3n de repertorio musical de los siglos XVI al XVIII en los templos de la Colonia de Colombia.<\/p>\n<p>En el caso de Juli\u00e1n Navarro, obtuvo su doctorado en la Universidad de Barcelona con menci\u00f3n <em>cum laude<\/em> por su investigaci\u00f3n dedicada a la guitarra barroca. Se gradu\u00f3 como Maestro en M\u00fasica \u2013 Guitarrista en la Universidad Javeriana de Bogot\u00e1 (Colombia) y continu\u00f3 su formaci\u00f3n en Espa\u00f1a en la Escola de Arts Musicals Luthier y la Escola Superior de M\u00fasica de Catalunya (ESMUC). Navarro cuenta con 17 producciones discogr\u00e1ficas.<\/p>\n<p><strong>Programa:<\/strong><\/p>\n<p>La bella malmaridada. Gabriel Mena (1470-1528) (Sol m)<\/p>\n<p>Fantas\u00eda. Francesco Da Milano (1497 &#8211; 1543)<\/p>\n<p>Isabel perdiste la tu faxa. Alonso de Mudarra (1510-1589)<\/p>\n<p>Tu chai le penne amore. Giulio Caccini (1551-1618)<\/p>\n<p>&nbsp;<\/p>\n<p>Cosi mi disprezzate. Girolamo Frescobaldi (1583-1643)<\/p>\n<p>&nbsp;<\/p>\n<p>Canario. Girolamo Kapsberger (1580 \u2013 1651)<\/p>\n<p>Ciaccona.\u00a0\u00a0\u00a0\u00a0 Francesco Corbetta (ca. 1615 \u2013 1681)<\/p>\n<p>Per ch\u00e9 se modiavi. Claudio Monteverdi (1567 1643)<\/p>\n<p>&nbsp;<\/p>\n<p>Suite para la\u00fad. Giovanni Zamboni (c. 1664 \u2013 1721)<\/p>\n<p>&nbsp;<\/p>\n<p>Cesa de atormentarme.\u00a0\u00a0\u00a0 Fernando Sor (1778-1839)<\/p>\n<p>Nana de Sevilla.\u00a0\u00a0\u00a0\u00a0\u00a0 Federico Garc\u00eda Lorca (1898-1936)<\/p>\n<p>El caf\u00e9 de Chinitas. Federico Garc\u00eda Lorca (1898-1936)<\/p>\n<p>Sonate del Primo Tuono. Ludovico Roncalli (1654 \u2013 1713)<\/p>\n<p>&nbsp;<\/p>\n<p>Sepan todos que muero. Jos\u00e9 Mar\u00edn (1618 &#8211; 1699)<\/p>\n<p>Yo soy la locura. Henry de Bailly (m. 1637)<\/p>\n<p>Begli occhi io non provo. Girolamo Frescobaldi (1583 &#8211; 1643)<\/p>\n","protected":false},"excerpt":{"rendered":"<p>La Universidad Pablo de Olavide, a trav\u00e9s del Vicerrectorado de Cultura y Pol\u00edticas Sociales, y el Ayuntamiento de Carmona han organizado para este martes 10 octubre el Concierto de M\u00fasica Barroca a cargo del Ensamble Alfabeto en el marco de la C\u00e1tedra de Estudios del Barroco Iberoamericano. Ser\u00e1 en el Aula Maese Rodrigo, sita en la Antigua Capilla del Hospital de San Pedro de Carmona a las 20:30 horas con entrada libre y gratuita hasta completar aforo.<\/p>\n","protected":false},"author":14,"featured_media":30879851,"comment_status":"closed","ping_status":"open","sticky":false,"template":"","format":"standard","meta":{"_monsterinsights_skip_tracking":false,"_monsterinsights_sitenote_active":false,"_monsterinsights_sitenote_note":"","_monsterinsights_sitenote_category":0,"footnotes":""},"categories":[5843],"tags":[5325,2279,8592,8593,8591,7194],"class_list":["post-30879850","post","type-post","status-publish","format-standard","has-post-thumbnail","hentry","category-cultura-social","tag-ayuntamiento-de-carmona","tag-barroco","tag-catedra-de-estudios-del-barroco","tag-ensamble-alfabeto","tag-musica-cortesana","tag-vicerrectorado-de-cultura-y-politicas-sociales"],"_links":{"self":[{"href":"https:\/\/www.upo.es\/diario\/wp-json\/wp\/v2\/posts\/30879850","targetHints":{"allow":["GET"]}}],"collection":[{"href":"https:\/\/www.upo.es\/diario\/wp-json\/wp\/v2\/posts"}],"about":[{"href":"https:\/\/www.upo.es\/diario\/wp-json\/wp\/v2\/types\/post"}],"author":[{"embeddable":true,"href":"https:\/\/www.upo.es\/diario\/wp-json\/wp\/v2\/users\/14"}],"replies":[{"embeddable":true,"href":"https:\/\/www.upo.es\/diario\/wp-json\/wp\/v2\/comments?post=30879850"}],"version-history":[{"count":2,"href":"https:\/\/www.upo.es\/diario\/wp-json\/wp\/v2\/posts\/30879850\/revisions"}],"predecessor-version":[{"id":30879853,"href":"https:\/\/www.upo.es\/diario\/wp-json\/wp\/v2\/posts\/30879850\/revisions\/30879853"}],"wp:featuredmedia":[{"embeddable":true,"href":"https:\/\/www.upo.es\/diario\/wp-json\/wp\/v2\/media\/30879851"}],"wp:attachment":[{"href":"https:\/\/www.upo.es\/diario\/wp-json\/wp\/v2\/media?parent=30879850"}],"wp:term":[{"taxonomy":"category","embeddable":true,"href":"https:\/\/www.upo.es\/diario\/wp-json\/wp\/v2\/categories?post=30879850"},{"taxonomy":"post_tag","embeddable":true,"href":"https:\/\/www.upo.es\/diario\/wp-json\/wp\/v2\/tags?post=30879850"}],"curies":[{"name":"wp","href":"https:\/\/api.w.org\/{rel}","templated":true}]}}