{"id":30879864,"date":"2023-10-11T09:44:54","date_gmt":"2023-10-11T07:44:54","guid":{"rendered":"https:\/\/www.upo.es\/diario\/?p=30879864"},"modified":"2023-10-19T12:46:11","modified_gmt":"2023-10-19T10:46:11","slug":"la-facultad-de-humanidades-de-la-upo-celebra-los-25-anos-de-la-puesta-en-marcha-de-su-primer-grado","status":"publish","type":"post","link":"https:\/\/www.upo.es\/diario\/comunidad\/2023\/10\/la-facultad-de-humanidades-de-la-upo-celebra-los-25-anos-de-la-puesta-en-marcha-de-su-primer-grado\/","title":{"rendered":"La Facultad de Humanidades de la UPO celebra los 25 a\u00f1os de la puesta en marcha de su primer grado"},"content":{"rendered":"<figure id=\"attachment_30879865\" aria-describedby=\"caption-attachment-30879865\" style=\"width: 750px\" class=\"wp-caption aligncenter\"><a href=\"https:\/\/www.upo.es\/diario\/wp-content\/uploads\/2023\/10\/9f9a00f5-5a21-4b8f-beb3-73672b2dbace.jpg\"><img loading=\"lazy\" decoding=\"async\" class=\"size-large wp-image-30879865\" src=\"https:\/\/www.upo.es\/diario\/wp-content\/uploads\/2023\/10\/9f9a00f5-5a21-4b8f-beb3-73672b2dbace-750x500.jpg\" alt=\"\" width=\"750\" height=\"500\" srcset=\"https:\/\/www.upo.es\/diario\/wp-content\/uploads\/2023\/10\/9f9a00f5-5a21-4b8f-beb3-73672b2dbace-750x500.jpg 750w, https:\/\/www.upo.es\/diario\/wp-content\/uploads\/2023\/10\/9f9a00f5-5a21-4b8f-beb3-73672b2dbace-420x280.jpg 420w, https:\/\/www.upo.es\/diario\/wp-content\/uploads\/2023\/10\/9f9a00f5-5a21-4b8f-beb3-73672b2dbace-768x512.jpg 768w, https:\/\/www.upo.es\/diario\/wp-content\/uploads\/2023\/10\/9f9a00f5-5a21-4b8f-beb3-73672b2dbace-165x109.jpg 165w, https:\/\/www.upo.es\/diario\/wp-content\/uploads\/2023\/10\/9f9a00f5-5a21-4b8f-beb3-73672b2dbace.jpg 1024w\" sizes=\"auto, (max-width: 750px) 100vw, 750px\" \/><\/a><figcaption id=\"caption-attachment-30879865\" class=\"wp-caption-text\">Celebraci\u00f3n de los 25 a\u00f1os de la Facultad de Humanidades<\/figcaption><\/figure>\n<p>El rector de la Universidad Pablo de Olavide, <strong>Francisco Oliva Bl\u00e1zquez<\/strong>, junto con la decana de la Facultad de Humanidades, <strong>Rosario Moreno Soldevila<\/strong>, ha presidido el acto de celebraci\u00f3n de los 25 a\u00f1os de la puesta en marcha del Grado de Humanidades de la Facultad, cuya inauguraci\u00f3n oficial del curso tuvo lugar tal d\u00eda como este, 10 de octubre de 1998.<\/p>\n<p>Esta jornada de celebraci\u00f3n comenz\u00f3 con la emisi\u00f3n de un podcast especial en RadiOlavide, \u2018De primer\u00edsimo orden\u2019, realizado por estudiantes del Doble Grado en Geograf\u00eda e Historia y Relaciones Internacionales. A continuaci\u00f3n, el acto en el Paraninfo ha servido para recordar la historia de la Facultad de Humanidades, con una ceremonia centrada, sobre todo, en las personas que han formado y forman parte de ella desde sus inicios y en el que se ha homenajeado a su profesorado; personal t\u00e9cnico, de gesti\u00f3n y de administraci\u00f3n y servicio; y alumnado egresado y actual; as\u00ed como a los decanos y decanas durante estos a\u00f1os: <strong>Juan Manuel Su\u00e1rez Jap\u00f3n<\/strong> (1998\/2000), <strong>Cinta Canterla<\/strong> (2000\/2001), <strong>Jos\u00e9 Mar\u00eda Miura<\/strong> (2001\/2004),<strong> Juan Manuel Cort\u00e9s Copete<\/strong> (2004\/2007), <strong>Jos\u00e9 Miguel Mart\u00edn Mart\u00edn<\/strong> (2007\/2008 y 2012\/2015), <strong>Gonzalo Carlos Malv\u00e1rez Garc\u00eda<\/strong> (2008\/2012) y <strong>Rosario Moreno Soldevila<\/strong> (2015\/2023).<\/p>\n<figure id=\"attachment_30879869\" aria-describedby=\"caption-attachment-30879869\" style=\"width: 420px\" class=\"wp-caption alignleft\"><a href=\"https:\/\/www.upo.es\/diario\/wp-content\/uploads\/2023\/10\/3b2f999c-918c-42ca-8343-dc297d2c5f77.jpg\"><img loading=\"lazy\" decoding=\"async\" class=\"size-medium wp-image-30879869\" src=\"https:\/\/www.upo.es\/diario\/wp-content\/uploads\/2023\/10\/3b2f999c-918c-42ca-8343-dc297d2c5f77-420x280.jpg\" alt=\"\" width=\"420\" height=\"280\" srcset=\"https:\/\/www.upo.es\/diario\/wp-content\/uploads\/2023\/10\/3b2f999c-918c-42ca-8343-dc297d2c5f77-420x280.jpg 420w, https:\/\/www.upo.es\/diario\/wp-content\/uploads\/2023\/10\/3b2f999c-918c-42ca-8343-dc297d2c5f77-750x500.jpg 750w, https:\/\/www.upo.es\/diario\/wp-content\/uploads\/2023\/10\/3b2f999c-918c-42ca-8343-dc297d2c5f77-768x512.jpg 768w, https:\/\/www.upo.es\/diario\/wp-content\/uploads\/2023\/10\/3b2f999c-918c-42ca-8343-dc297d2c5f77-165x109.jpg 165w, https:\/\/www.upo.es\/diario\/wp-content\/uploads\/2023\/10\/3b2f999c-918c-42ca-8343-dc297d2c5f77.jpg 1024w\" sizes=\"auto, (max-width: 420px) 100vw, 420px\" \/><\/a><figcaption id=\"caption-attachment-30879869\" class=\"wp-caption-text\">Francisco Oliva, rector de la UPO<\/figcaption><\/figure>\n<p>La celebraci\u00f3n ha continuado con un acto de confraternizaci\u00f3n en la Plaza de Am\u00e9rica del campus con m\u00fasica en vivo a cargo del grupo <strong>Live 83 Trio<\/strong>, en el que la comunidad de la Facultad de Humanidades ha tenido la oportunidad de reencontrarse.<\/p>\n<p>Tanto la Facultad como la Licenciatura en Humanidades se mencionan en la Ley 3\/1997 de 1 de julio de creaci\u00f3n de la Universidad Pablo de Olavide y el primer curso en el que se hicieron realidad fue en el 1998\/1999, cuyas clases comenzaron un 5 de octubre de 1998.<\/p>\n<p><a title=\"Facultad de Humanidades: 25 a\u00f1os de historia\" href=\"https:\/\/www.flickr.com\/photos\/pablodeolavide\/albums\/72177720311842912\" data-flickr-embed=\"true\" data-header=\"true\" data-footer=\"true\"><img loading=\"lazy\" decoding=\"async\" src=\"https:\/\/live.staticflickr.com\/65535\/53249392842_8ea9896d00_z.jpg\" alt=\"Facultad de Humanidades: 25 a\u00f1os de historia\" width=\"640\" height=\"480\" \/><\/a><script async src=\"\/\/embedr.flickr.com\/assets\/client-code.js\" charset=\"utf-8\"><\/script><\/p>\n","protected":false},"excerpt":{"rendered":"<p>El rector de la Universidad Pablo de Olavide, Francisco Oliva Bl\u00e1zquez, junto con la decana de la Facultad de Humanidades, Rosario Moreno Soldevila, ha presidido el acto de celebraci\u00f3n de los 25 a\u00f1os de la puesta en marcha del Grado de Humanidades de la Facultad, cuya inauguraci\u00f3n oficial del curso tuvo lugar tal d\u00eda como este, 10 de octubre de 1998.<\/p>\n","protected":false},"author":14,"featured_media":30879865,"comment_status":"closed","ping_status":"open","sticky":false,"template":"","format":"standard","meta":{"_monsterinsights_skip_tracking":false,"_monsterinsights_sitenote_active":false,"_monsterinsights_sitenote_note":"","_monsterinsights_sitenote_category":0,"footnotes":""},"categories":[5842],"tags":[8016,96,4021,1567,3784],"class_list":["post-30879864","post","type-post","status-publish","format-standard","has-post-thumbnail","hentry","category-comunidad","tag-25-aniversario","tag-facultad-de-humanidades","tag-francisco-oliva-blazquez","tag-grado-en-humanidades","tag-radiolavide"],"_links":{"self":[{"href":"https:\/\/www.upo.es\/diario\/wp-json\/wp\/v2\/posts\/30879864","targetHints":{"allow":["GET"]}}],"collection":[{"href":"https:\/\/www.upo.es\/diario\/wp-json\/wp\/v2\/posts"}],"about":[{"href":"https:\/\/www.upo.es\/diario\/wp-json\/wp\/v2\/types\/post"}],"author":[{"embeddable":true,"href":"https:\/\/www.upo.es\/diario\/wp-json\/wp\/v2\/users\/14"}],"replies":[{"embeddable":true,"href":"https:\/\/www.upo.es\/diario\/wp-json\/wp\/v2\/comments?post=30879864"}],"version-history":[{"count":3,"href":"https:\/\/www.upo.es\/diario\/wp-json\/wp\/v2\/posts\/30879864\/revisions"}],"predecessor-version":[{"id":30879963,"href":"https:\/\/www.upo.es\/diario\/wp-json\/wp\/v2\/posts\/30879864\/revisions\/30879963"}],"wp:featuredmedia":[{"embeddable":true,"href":"https:\/\/www.upo.es\/diario\/wp-json\/wp\/v2\/media\/30879865"}],"wp:attachment":[{"href":"https:\/\/www.upo.es\/diario\/wp-json\/wp\/v2\/media?parent=30879864"}],"wp:term":[{"taxonomy":"category","embeddable":true,"href":"https:\/\/www.upo.es\/diario\/wp-json\/wp\/v2\/categories?post=30879864"},{"taxonomy":"post_tag","embeddable":true,"href":"https:\/\/www.upo.es\/diario\/wp-json\/wp\/v2\/tags?post=30879864"}],"curies":[{"name":"wp","href":"https:\/\/api.w.org\/{rel}","templated":true}]}}