{"id":30879882,"date":"2023-10-11T14:09:58","date_gmt":"2023-10-11T12:09:58","guid":{"rendered":"https:\/\/www.upo.es\/diario\/?p=30879882"},"modified":"2023-10-17T15:36:12","modified_gmt":"2023-10-17T13:36:12","slug":"el-ies-antonio-muro-de-puerto-real-gana-el-premio-humanitas-de-la-upo-para-jovenes-investigadores","status":"publish","type":"post","link":"https:\/\/www.upo.es\/diario\/docencia-formacion\/2023\/10\/el-ies-antonio-muro-de-puerto-real-gana-el-premio-humanitas-de-la-upo-para-jovenes-investigadores\/","title":{"rendered":"El IES Antonio Muro de Puerto Real gana el Premio Humanitas de la UPO para J\u00f3venes Investigadores"},"content":{"rendered":"<figure id=\"attachment_30879883\" aria-describedby=\"caption-attachment-30879883\" style=\"width: 750px\" class=\"wp-caption aligncenter\"><a href=\"https:\/\/www.upo.es\/diario\/wp-content\/uploads\/2023\/10\/Premio-Humanitas_IXed-4-scaled.jpg\"><img loading=\"lazy\" decoding=\"async\" class=\"size-large wp-image-30879883\" src=\"https:\/\/www.upo.es\/diario\/wp-content\/uploads\/2023\/10\/Premio-Humanitas_IXed-4-750x422.jpg\" alt=\"\" width=\"750\" height=\"422\" srcset=\"https:\/\/www.upo.es\/diario\/wp-content\/uploads\/2023\/10\/Premio-Humanitas_IXed-4-750x422.jpg 750w, https:\/\/www.upo.es\/diario\/wp-content\/uploads\/2023\/10\/Premio-Humanitas_IXed-4-420x236.jpg 420w, https:\/\/www.upo.es\/diario\/wp-content\/uploads\/2023\/10\/Premio-Humanitas_IXed-4-768x432.jpg 768w, https:\/\/www.upo.es\/diario\/wp-content\/uploads\/2023\/10\/Premio-Humanitas_IXed-4-2048x1152.jpg 2048w\" sizes=\"auto, (max-width: 750px) 100vw, 750px\" \/><\/a><figcaption id=\"caption-attachment-30879883\" class=\"wp-caption-text\">En primer plano: Javier Espinosa, Natalia P\u00e9rez, Ionel P. Michi, Alejandro Escalante y Candela Cuevas<\/figcaption><\/figure>\n<p>La decana de la Facultad de Humanidades de la Universidad Pablo de Olavide, <strong>Rosario Moreno Soldevila<\/strong>, ha entregado el Premio <em>Humanitas<\/em> para J\u00f3venes Investigadores en su novena edici\u00f3n al alumnado del <strong>IES Antonio Muro de Puerto Real<\/strong> por su trabajo <em>\u2018El nuevo Puerto Real del siglo XVIII: Influencia de la familia De la Rosa y el condado de la Vega Florida en la Real Villa de la Bah\u00eda de C\u00e1diz\u2019<\/em>. El proyecto est\u00e1 firmado por <strong>Candela Cuevas Gir\u00f3n, Alejandro Escalante Losada, Javier Espinosa P\u00e9rez, Ionel Petru Michi Pav\u00f3n y Natalia P\u00e9rez G\u00e1mez<\/strong>, con la coordinaci\u00f3n de las profesoras <strong>Mar\u00eda Jes\u00fas D\u00edaz Flor y Mar\u00eda de las Nieves Vergara V\u00e1zquez<\/strong>.<\/p>\n<p>Convocado por la Facultad de Humanidades, el Premio <em>Humanitas<\/em> cuenta con financiaci\u00f3n del Vicerrectorado de Estudiantes y est\u00e1 dotado con un diploma acreditativo y con libros y\/o material electr\u00f3nico, inform\u00e1tico y de comunicaci\u00f3n por valor de 1.000 euros, que se reparte entre los y las miembros participantes del equipo ganador. En esta ocasi\u00f3n, el Acc\u00e9sit que contempla las bases ha quedado desierto.<\/p>\n<figure id=\"attachment_30879888\" aria-describedby=\"caption-attachment-30879888\" style=\"width: 420px\" class=\"wp-caption alignright\"><a href=\"https:\/\/www.upo.es\/diario\/wp-content\/uploads\/2023\/10\/Premio-Humanitas_IXed-1-scaled.jpg\"><img loading=\"lazy\" decoding=\"async\" class=\"size-medium wp-image-30879888\" src=\"https:\/\/www.upo.es\/diario\/wp-content\/uploads\/2023\/10\/Premio-Humanitas_IXed-1-420x236.jpg\" alt=\"\" width=\"420\" height=\"236\" srcset=\"https:\/\/www.upo.es\/diario\/wp-content\/uploads\/2023\/10\/Premio-Humanitas_IXed-1-420x236.jpg 420w, https:\/\/www.upo.es\/diario\/wp-content\/uploads\/2023\/10\/Premio-Humanitas_IXed-1-750x422.jpg 750w, https:\/\/www.upo.es\/diario\/wp-content\/uploads\/2023\/10\/Premio-Humanitas_IXed-1-768x432.jpg 768w, https:\/\/www.upo.es\/diario\/wp-content\/uploads\/2023\/10\/Premio-Humanitas_IXed-1-2048x1152.jpg 2048w\" sizes=\"auto, (max-width: 420px) 100vw, 420px\" \/><\/a><figcaption id=\"caption-attachment-30879888\" class=\"wp-caption-text\">Rosario Moreno y Francisco Ollero en la mesa de entrega de premios<\/figcaption><\/figure>\n<p>Tras la lectura del fallo del jurado por parte del secretario del Jurado, Francisco Ollero Lobato, que ha alabado el trabajo del alumnado del IES Antonio Muro, Rosario Moreno ha destacado la \u201ccalidad extraordinaria\u201d del estudio y el hecho de que haya combinado varias metodolog\u00edas cient\u00edficas. Por otra parte, ha reivindicado que \u201clas Humanidades est\u00e1n en el centro de la sociedad y de las ciencias. Los saberes no est\u00e1n separados y lo que hab\u00e9is aprendido \u2013 ha remarcado al alumnado premiado -, os va a servir en cualquier carrera. Sois la prueba palpable de que hay futuro con las Humanidades\u201d, ha se\u00f1alado la decana.<\/p>\n<p>Por su parte, el estudiante del centro de Puerto Real Javier Espinosa se ha referido a la experiencia que ha supuesto para su grupo este proyecto para \u201capreciar lo bello de nuestro pasado, de nuestra ciudad, que tambi\u00e9n somos nosotros\u201d y ha abogado por el impulso del \u201cesp\u00edritu cr\u00edtico y creador en las nuevas generaciones\u201d con iniciativas como el Premio <em>Humanitas<\/em> de la UPO. Finalmente, la profesora Mar\u00eda Jes\u00fas D\u00edaz ha resaltado la convocatoria de un premio \u201cque visibiliza la investigaci\u00f3n hist\u00f3rica\u201d y la apuesta por la educaci\u00f3n p\u00fablica.<\/p>\n<p>La Facultad de Humanidades de la Universidad Pablo de Olavide convoca anualmente el Premio <em>Humanitas<\/em> para J\u00f3venes Investigadores con el objetivo de fomentar el conocimiento de las disciplinas human\u00edsticas y la iniciaci\u00f3n a la actividad investigadora en campos del saber como la Historia, la Historia del Arte, la Arqueolog\u00eda, la Literatura, los estudios filol\u00f3gicos, la Filosof\u00eda, la Geograf\u00eda y cualquier otro \u00e1mbito de las Humanidades. El concurso va dirigido a profesorado y estudiantes de centros de Educaci\u00f3n Secundaria (ESO, Bachillerato y Formaci\u00f3n Profesional), as\u00ed como de Conservatorios Profesionales de M\u00fasica y Danza.<\/p>\n<h3><strong>Convocado el X Premio <em>Humanitas<\/em> 2023\/2024<\/strong><\/h3>\n<p>La Facultad de Humanidades ha convocado la <a href=\"https:\/\/www.upo.es\/cms2\/export\/sites\/facultades\/facultad-humanidades\/es\/general\/.galleries\/Documentos-GENERAL-PREMIO-HUMANITAS\/edicion-2023-2024\/CONVOCATORIA-X-PREMIO-HUMANITAS.pdf\">X edici\u00f3n del Premio <em>Humanitas<\/em><\/a> para el curso 2023\/2024, al que podr\u00e1n optar equipos de trabajo de centros formativos de toda Espa\u00f1a formados por docentes y alumnado con un m\u00e1ximo de dos profesores o profesoras y seis estudiantes por grupo. El profesorado deber\u00e1 desempe\u00f1ar la coordinaci\u00f3n del trabajo de las personas integrantes de cada proyecto.<\/p>\n<p>El trabajo ser\u00e1 in\u00e9dito y original y deber\u00e1 contar con la participaci\u00f3n de todos los miembros del equipo. <strong>La propuesta del proyecto, junto con el formulario de inscripci\u00f3n, deber\u00e1 presentarse antes del 22 de enero de 2024<\/strong>.<\/p>\n<p>La Facultad de Humanidades dar\u00e1 a conocer los trabajos aceptados y los excluidos antes del 31 de enero de 2024. Para apoyar la redacci\u00f3n de los proyectos, se organizar\u00e1 un breve curso gratuito de Iniciaci\u00f3n a la Investigaci\u00f3n en Humanidades impartido por personal investigador de la Facultad al que podr\u00e1n asistir los equipos seleccionados que lo deseen. Los trabajos definitivos deber\u00e1n entregarse antes del 28 de junio de 2024.<\/p>\n<p><iframe loading=\"lazy\" title=\"YouTube video player\" src=\"https:\/\/www.youtube.com\/embed\/gp6WfLiJRdM?si=hEkuhu6rpbpBUz6i\" width=\"560\" height=\"315\" frameborder=\"0\" allowfullscreen=\"allowfullscreen\"><\/iframe><\/p>\n","protected":false},"excerpt":{"rendered":"<p>La decana de la Facultad de Humanidades de la Universidad Pablo de Olavide, Rosario Moreno Soldevila, ha entregado el Premio Humanitas para J\u00f3venes Investigadores en su novena edici\u00f3n al alumnado del IES Antonio Muro de Puerto Real por su trabajo \u2018El nuevo Puerto Real del siglo XVIII: Influencia de la familia De la Rosa y el condado de la Vega Florida en la Real Villa de la Bah\u00eda de C\u00e1diz\u2019.<\/p>\n","protected":false},"author":14,"featured_media":30879883,"comment_status":"closed","ping_status":"open","sticky":false,"template":"","format":"standard","meta":{"_monsterinsights_skip_tracking":false,"_monsterinsights_sitenote_active":false,"_monsterinsights_sitenote_note":"","_monsterinsights_sitenote_category":0,"footnotes":""},"categories":[2779],"tags":[21,96,8596,5194,56,2699,8597,2114],"class_list":["post-30879882","post","type-post","status-publish","format-standard","has-post-thumbnail","hentry","category-docencia-formacion","tag-estudiantes","tag-facultad-de-humanidades","tag-ies-antonio-muro","tag-institutos-de-educacion-secundaria","tag-investigacion","tag-premio-humanitas","tag-puerto-real","tag-vicerrectorado-de-estudiantes"],"_links":{"self":[{"href":"https:\/\/www.upo.es\/diario\/wp-json\/wp\/v2\/posts\/30879882","targetHints":{"allow":["GET"]}}],"collection":[{"href":"https:\/\/www.upo.es\/diario\/wp-json\/wp\/v2\/posts"}],"about":[{"href":"https:\/\/www.upo.es\/diario\/wp-json\/wp\/v2\/types\/post"}],"author":[{"embeddable":true,"href":"https:\/\/www.upo.es\/diario\/wp-json\/wp\/v2\/users\/14"}],"replies":[{"embeddable":true,"href":"https:\/\/www.upo.es\/diario\/wp-json\/wp\/v2\/comments?post=30879882"}],"version-history":[{"count":9,"href":"https:\/\/www.upo.es\/diario\/wp-json\/wp\/v2\/posts\/30879882\/revisions"}],"predecessor-version":[{"id":30879904,"href":"https:\/\/www.upo.es\/diario\/wp-json\/wp\/v2\/posts\/30879882\/revisions\/30879904"}],"wp:featuredmedia":[{"embeddable":true,"href":"https:\/\/www.upo.es\/diario\/wp-json\/wp\/v2\/media\/30879883"}],"wp:attachment":[{"href":"https:\/\/www.upo.es\/diario\/wp-json\/wp\/v2\/media?parent=30879882"}],"wp:term":[{"taxonomy":"category","embeddable":true,"href":"https:\/\/www.upo.es\/diario\/wp-json\/wp\/v2\/categories?post=30879882"},{"taxonomy":"post_tag","embeddable":true,"href":"https:\/\/www.upo.es\/diario\/wp-json\/wp\/v2\/tags?post=30879882"}],"curies":[{"name":"wp","href":"https:\/\/api.w.org\/{rel}","templated":true}]}}