{"id":30879924,"date":"2023-10-17T13:43:09","date_gmt":"2023-10-17T11:43:09","guid":{"rendered":"https:\/\/www.upo.es\/diario\/?p=30879924"},"modified":"2024-05-09T14:53:51","modified_gmt":"2024-05-09T12:53:51","slug":"crue-rechaza-la-escalada-belica-en-oriente-proximo-y-traslada-su-solidaridad-a-las-comunidades-universitarias-y-cientificas-de-israel-y-palestina","status":"publish","type":"post","link":"https:\/\/www.upo.es\/diario\/institucional\/2023\/10\/crue-rechaza-la-escalada-belica-en-oriente-proximo-y-traslada-su-solidaridad-a-las-comunidades-universitarias-y-cientificas-de-israel-y-palestina\/","title":{"rendered":"Crue rechaza la escalada b\u00e9lica en Oriente Pr\u00f3ximo"},"content":{"rendered":"<p><img loading=\"lazy\" decoding=\"async\" class=\"aligncenter size-large wp-image-30879961\" src=\"https:\/\/www.upo.es\/diario\/wp-content\/uploads\/2023\/10\/palestine-israel-750x375.png\" alt=\"Palestine - Israel\" width=\"750\" height=\"375\" srcset=\"https:\/\/www.upo.es\/diario\/wp-content\/uploads\/2023\/10\/palestine-israel-750x375.png 750w, https:\/\/www.upo.es\/diario\/wp-content\/uploads\/2023\/10\/palestine-israel-420x210.png 420w, https:\/\/www.upo.es\/diario\/wp-content\/uploads\/2023\/10\/palestine-israel-768x384.png 768w, https:\/\/www.upo.es\/diario\/wp-content\/uploads\/2023\/10\/palestine-israel.png 1280w\" sizes=\"auto, (max-width: 750px) 100vw, 750px\" \/><\/p>\n<p>Crue Universidades Espa\u00f1olas manifiesta su preocupaci\u00f3n y rechazo por la escalada b\u00e9lica en Oriente Pr\u00f3ximo con los hechos sucedidos estos \u00faltimos d\u00edas en Israel y Palestina. <strong>Como sistema universitario, reafirmamos nuestro compromiso con la paz, la justicia, los derechos humanos y los valores democr\u00e1ticos, contrarios a cualquier guerra o acto terrorista<\/strong>.<\/p>\n<p><img loading=\"lazy\" decoding=\"async\" class=\"alignright size-full wp-image-30859082\" src=\"https:\/\/www.upo.es\/diario\/wp-content\/uploads\/2019\/12\/Logo-Crue-Universidades-Espa\u00f1olas-1-320x256.jpg\" alt=\"Crue Universidades Espa\u00f1olas\" width=\"320\" height=\"256\" \/>Los rectores y rectoras de las 76 universidades que integran Crue trasladan su <strong>solidaridad con la poblaci\u00f3n civil y las comunidades universitarias y cient\u00edficas de Israel y Palestina<\/strong>, gravemente afectadas por los bombardeos. Adem\u00e1s, ofrecen su cooperaci\u00f3n, a trav\u00e9s de las redes acad\u00e9micas y de relaciones institucionales para que, en la medida de lo posible, puedan seguir desarrollando su actividad con garant\u00edas de seguridad.<\/p>\n<p>Desde Crue Universidades Espa\u00f1olas<strong> reclamamos que la diplomacia se imponga como la principal v\u00eda de resoluci\u00f3n de este conflicto<\/strong>, que, de no frenarse, podr\u00eda tener consecuencias devastadoras a nivel mundial.<\/p>\n<p>La violencia es absolutamente incompatible con el esp\u00edritu de la Universidad y las instituciones acad\u00e9micas y cient\u00edficas deben mantenerse como espacios de paz y cooperaci\u00f3n, por lo que reiteramos la apuesta por el di\u00e1logo y la negociaci\u00f3n para la resoluci\u00f3n de este y de todos los conflictos b\u00e9licos.<\/p>\n<p>Fuente: Crue Universidades Espa\u00f1olas<\/p>\n","protected":false},"excerpt":{"rendered":"<p>Crue Universidades Espa\u00f1olas manifiesta su preocupaci\u00f3n y rechazo por la escalada b\u00e9lica en Oriente Pr\u00f3ximo con los hechos sucedidos estos \u00faltimos d\u00edas en Israel y Palestina. Como sistema universitario, reafirmamos nuestro compromiso con la paz, la justicia, los derechos humanos y los valores democr\u00e1ticos, contrarios a cualquier guerra o acto terrorista.<\/p>\n","protected":false},"author":6,"featured_media":30882104,"comment_status":"closed","ping_status":"open","sticky":false,"template":"","format":"standard","meta":{"_monsterinsights_skip_tracking":false,"_monsterinsights_sitenote_active":false,"_monsterinsights_sitenote_note":"","_monsterinsights_sitenote_category":0,"footnotes":""},"categories":[6],"tags":[37,4848,4124,2013,352,464,482],"class_list":["post-30879924","post","type-post","status-publish","format-standard","has-post-thumbnail","hentry","category-institucional","tag-comunicado","tag-conflicto-belico","tag-crue-universidades-espanolas","tag-israel","tag-palestina","tag-paz","tag-terrorismo"],"_links":{"self":[{"href":"https:\/\/www.upo.es\/diario\/wp-json\/wp\/v2\/posts\/30879924","targetHints":{"allow":["GET"]}}],"collection":[{"href":"https:\/\/www.upo.es\/diario\/wp-json\/wp\/v2\/posts"}],"about":[{"href":"https:\/\/www.upo.es\/diario\/wp-json\/wp\/v2\/types\/post"}],"author":[{"embeddable":true,"href":"https:\/\/www.upo.es\/diario\/wp-json\/wp\/v2\/users\/6"}],"replies":[{"embeddable":true,"href":"https:\/\/www.upo.es\/diario\/wp-json\/wp\/v2\/comments?post=30879924"}],"version-history":[{"count":3,"href":"https:\/\/www.upo.es\/diario\/wp-json\/wp\/v2\/posts\/30879924\/revisions"}],"predecessor-version":[{"id":30882106,"href":"https:\/\/www.upo.es\/diario\/wp-json\/wp\/v2\/posts\/30879924\/revisions\/30882106"}],"wp:featuredmedia":[{"embeddable":true,"href":"https:\/\/www.upo.es\/diario\/wp-json\/wp\/v2\/media\/30882104"}],"wp:attachment":[{"href":"https:\/\/www.upo.es\/diario\/wp-json\/wp\/v2\/media?parent=30879924"}],"wp:term":[{"taxonomy":"category","embeddable":true,"href":"https:\/\/www.upo.es\/diario\/wp-json\/wp\/v2\/categories?post=30879924"},{"taxonomy":"post_tag","embeddable":true,"href":"https:\/\/www.upo.es\/diario\/wp-json\/wp\/v2\/tags?post=30879924"}],"curies":[{"name":"wp","href":"https:\/\/api.w.org\/{rel}","templated":true}]}}