{"id":30879931,"date":"2023-10-17T15:34:51","date_gmt":"2023-10-17T13:34:51","guid":{"rendered":"https:\/\/www.upo.es\/diario\/?p=30879931"},"modified":"2023-10-20T14:22:30","modified_gmt":"2023-10-20T12:22:30","slug":"la-upo-comienza-una-nueva-edicion-de-su-master-en-tecnicas-avanzadas-en-medicina-estetica-cosmetica-y-regenerativa","status":"publish","type":"post","link":"https:\/\/www.upo.es\/diario\/institucional\/2023\/10\/la-upo-comienza-una-nueva-edicion-de-su-master-en-tecnicas-avanzadas-en-medicina-estetica-cosmetica-y-regenerativa\/","title":{"rendered":"La UPO comienza una nueva edici\u00f3n de su M\u00e1ster en T\u00e9cnicas Avanzadas en Medicina Est\u00e9tica, Cosm\u00e9tica y Regenerativa"},"content":{"rendered":"<figure id=\"attachment_30879934\" aria-describedby=\"caption-attachment-30879934\" style=\"width: 750px\" class=\"wp-caption aligncenter\"><a href=\"https:\/\/www.upo.es\/diario\/wp-content\/uploads\/2023\/10\/IMG_2669.jpg\"><img loading=\"lazy\" decoding=\"async\" class=\"wp-image-30879934 size-large\" src=\"https:\/\/www.upo.es\/diario\/wp-content\/uploads\/2023\/10\/IMG_2669-e1697549613874-750x395.jpg\" alt=\"Juan Jos\u00e9 Silva, vicepresidente el Colegio de M\u00e9dicos de Sevilla; Ra\u00fal Gir\u00e1ldez, vicerrector de Transformaci\u00f3n Digital UPO y Roc\u00edo V\u00e1zquez, CEO de la Cl\u00ednica Roc\u00edo V\u00e1zquez\" width=\"750\" height=\"395\" srcset=\"https:\/\/www.upo.es\/diario\/wp-content\/uploads\/2023\/10\/IMG_2669-e1697549613874-750x395.jpg 750w, https:\/\/www.upo.es\/diario\/wp-content\/uploads\/2023\/10\/IMG_2669-e1697549613874-420x221.jpg 420w, https:\/\/www.upo.es\/diario\/wp-content\/uploads\/2023\/10\/IMG_2669-e1697549613874-768x405.jpg 768w, https:\/\/www.upo.es\/diario\/wp-content\/uploads\/2023\/10\/IMG_2669-e1697549613874-1536x810.jpg 1536w, https:\/\/www.upo.es\/diario\/wp-content\/uploads\/2023\/10\/IMG_2669-e1697549613874-1320x696.jpg 1320w, https:\/\/www.upo.es\/diario\/wp-content\/uploads\/2023\/10\/IMG_2669-e1697549613874.jpg 1920w\" sizes=\"auto, (max-width: 750px) 100vw, 750px\" \/><\/a><figcaption id=\"caption-attachment-30879934\" class=\"wp-caption-text\">Juan Jos\u00e9 Silva, vicepresidente el Colegio de M\u00e9dicos de Sevilla; Ra\u00fal Gir\u00e1ldez, vicerrector de Transformaci\u00f3n Digital UPO y Roc\u00edo V\u00e1zquez, CEO de la Cl\u00ednica Roc\u00edo V\u00e1zquez<\/figcaption><\/figure>\n<p>La sede Olavide en Sevilla-Centro acogi\u00f3 en la tarde de ayer la inauguraci\u00f3n del M\u00e1ster de formaci\u00f3n permanente \u2018T\u00e9cnicas Avanzadas en Medicina Est\u00e9tica, Cosm\u00e9tica y Regenerativa\u2019, un t\u00edtulo propio de la Universidad Pablo de Olavide que inicia ya su quinta edici\u00f3n. El t\u00edtulo, gestionado por el \u00c1rea de Formaci\u00f3n Permanente de la Fundaci\u00f3n Universidad Pablo de Olavide, est\u00e1 <strong>coorganizado por la UPO y la Cl\u00ednica Roc\u00edo V\u00e1zquez y cuenta con la colaboraci\u00f3n del Real e Ilustre Colegio de M\u00e9dicos de Sevilla<\/strong>.<\/p>\n<p>La apertura del t\u00edtulo corri\u00f3 a cargo del vicerrector de Transformaci\u00f3n Digital, <strong>Ra\u00fal Gir\u00e1ldez<\/strong>, y de la directora<\/p>\n<figure id=\"attachment_30879933\" aria-describedby=\"caption-attachment-30879933\" style=\"width: 420px\" class=\"wp-caption alignright\"><a href=\"https:\/\/www.upo.es\/diario\/wp-content\/uploads\/2023\/10\/IMG_2712.jpg\"><img loading=\"lazy\" decoding=\"async\" class=\"wp-image-30879933 size-medium\" src=\"https:\/\/www.upo.es\/diario\/wp-content\/uploads\/2023\/10\/IMG_2712-420x280.jpg\" alt=\"Participantes de la nueva edici\u00f3n del M\u00e1ster en T\u00e9cnicas Avanzadas en Medicina Est\u00e9tica, Cosm\u00e9tica y Regenerativa\" width=\"420\" height=\"280\" srcset=\"https:\/\/www.upo.es\/diario\/wp-content\/uploads\/2023\/10\/IMG_2712-420x280.jpg 420w, https:\/\/www.upo.es\/diario\/wp-content\/uploads\/2023\/10\/IMG_2712-750x500.jpg 750w, https:\/\/www.upo.es\/diario\/wp-content\/uploads\/2023\/10\/IMG_2712-768x512.jpg 768w, https:\/\/www.upo.es\/diario\/wp-content\/uploads\/2023\/10\/IMG_2712-1536x1024.jpg 1536w, https:\/\/www.upo.es\/diario\/wp-content\/uploads\/2023\/10\/IMG_2712-165x109.jpg 165w, https:\/\/www.upo.es\/diario\/wp-content\/uploads\/2023\/10\/IMG_2712-1320x880.jpg 1320w, https:\/\/www.upo.es\/diario\/wp-content\/uploads\/2023\/10\/IMG_2712.jpg 1920w\" sizes=\"auto, (max-width: 420px) 100vw, 420px\" \/><\/a><figcaption id=\"caption-attachment-30879933\" class=\"wp-caption-text\">Participantes de la nueva edici\u00f3n del M\u00e1ster<\/figcaption><\/figure>\n<p>ejecutiva del t\u00edtulo y CEO de la Cl\u00ednica <strong>Roc\u00edo V\u00e1zquez<\/strong>, la doctora Roc\u00edo V\u00e1zquez, quienes estuvieron acompa\u00f1ados por el vicepresidente del Colegio de M\u00e9dicos de Sevilla, el doctor Juan Jos\u00e9 Silva. Tambi\u00e9n asistieron al acto miembros de la comisi\u00f3n acad\u00e9mica del t\u00edtulo, profesorado, personal de la Fundaci\u00f3n Universidad Pablo de Olavide, as\u00ed como estudiantes de la presente edici\u00f3n.<\/p>\n<p>Durante la inauguraci\u00f3n, que cont\u00f3 con la ponencia sobre medicina est\u00e9tica del doctor Mois\u00e9s Rodr\u00edguez, miembro de la comisi\u00f3n acad\u00e9mica del m\u00e1ster, Ra\u00fal Gir\u00e1ldez destac\u00f3 este m\u00e1ster como un referente nacional e internacional en el \u00e1mbito de la medicina est\u00e9tica, que<strong> cuenta ya con m\u00e1s de 100 egresados en sus cuatro ediciones anteriores y con una tasa de inserci\u00f3n que roza el 100%<\/strong>.<\/p>\n<p>El M\u00e1ster en T\u00e9cnicas Avanzadas en Medicina Est\u00e9tica, Cosm\u00e9tica y Regenerativa <strong>se desarrollar\u00e1 hasta el pr\u00f3ximo mes de julio y est\u00e1 dirigido a graduados y licenciados en medicina<\/strong>. Cuenta con un total de 60 cr\u00e9ditos ECTS y a lo largo de sus tres primeras ediciones ya ha formado a casi un centenar de alumnos y alumnas en las t\u00e9cnicas de medicina est\u00e9tica m\u00e1s actuales.<\/p>\n<p>Durante el curso que ahora se inicia, los treinta nuevos estudiantes que provienen de pa\u00edses como Espa\u00f1a, Portugal, Colombia, Ruman\u00eda, M\u00e9xico, Rep\u00fablica Dominicana y Venezuela, <strong>se formar\u00e1n con los mejores profesionales del \u00e1mbito de la medicina est\u00e9tica<\/strong>.<\/p>\n<p>El m\u00e1ster,<strong> impartido en metodolog\u00eda semipresencial<\/strong> cuenta con una parte te\u00f3rica <em>online<\/em> que abarca el 40% de la carga lectiva y un 60% presencial que abordar\u00e1 clases magistrales, ponencias, talleres y clases pr\u00e1cticas. Entre las materias impartidas en esta formaci\u00f3n acad\u00e9mica se encuentran los conceptos b\u00e1sicos y generalidades, los tratamientos faciales, corporales y capilares, las patolog\u00edas vasculares, el rejuvenecimiento \u00edntimo y el abordaje integral del rejuvenecimiento facial.<\/p>\n<p>M\u00e1s informaci\u00f3n: <a href=\"https:\/\/www.upo.es\/formacionpermanente\/master-formacion-permanente\/tecnicas-avanzadas-en-medicina-estetica-cosmetica-y-regenerativa\/\">M\u00e1ster de Formaci\u00f3n Permanente en &#8216;T\u00e9cnicas Avanzadas en Medicina Est\u00e9tica, Cosm\u00e9tica y Regenerativa&#8217;<\/a><\/p>\n<p>Fuente: Fundaci\u00f3n Universidad Pablo de Olavide<\/p>\n","protected":false},"excerpt":{"rendered":"<p>La sede Olavide en Sevilla-Centro acogi\u00f3 en la tarde de ayer la inauguraci\u00f3n del M\u00e1ster de formaci\u00f3n permanente \u2018T\u00e9cnicas Avanzadas en Medicina Est\u00e9tica, Cosm\u00e9tica y Regenerativa\u2019, un t\u00edtulo propio de la Universidad Pablo de Olavide que inicia ya su quinta edici\u00f3n. El t\u00edtulo, gestionado por el \u00c1rea de Formaci\u00f3n Permanente de la Fundaci\u00f3n Universidad Pablo de Olavide, est\u00e1 coorganizado por la UPO y la Cl\u00ednica Roc\u00edo V\u00e1zquez y cuenta con la colaboraci\u00f3n del Real e Ilustre Colegio de M\u00e9dicos de Sevilla.<\/p>\n","protected":false},"author":6,"featured_media":30879933,"comment_status":"closed","ping_status":"open","sticky":false,"template":"","format":"standard","meta":{"_monsterinsights_skip_tracking":false,"_monsterinsights_sitenote_active":false,"_monsterinsights_sitenote_note":"","_monsterinsights_sitenote_category":0,"footnotes":""},"categories":[6],"tags":[2817,328,2474,118,5461,245,1624],"class_list":["post-30879931","post","type-post","status-publish","format-standard","has-post-thumbnail","hentry","category-institucional","tag-area-de-formacion-permanente","tag-formacion-permanente","tag-fundacion-universidad-pablo-de-olavide","tag-master","tag-master-en-medicina-estetica-cosmetica-y-regenerativa","tag-medicina","tag-raul-giraldez-rojo"],"_links":{"self":[{"href":"https:\/\/www.upo.es\/diario\/wp-json\/wp\/v2\/posts\/30879931","targetHints":{"allow":["GET"]}}],"collection":[{"href":"https:\/\/www.upo.es\/diario\/wp-json\/wp\/v2\/posts"}],"about":[{"href":"https:\/\/www.upo.es\/diario\/wp-json\/wp\/v2\/types\/post"}],"author":[{"embeddable":true,"href":"https:\/\/www.upo.es\/diario\/wp-json\/wp\/v2\/users\/6"}],"replies":[{"embeddable":true,"href":"https:\/\/www.upo.es\/diario\/wp-json\/wp\/v2\/comments?post=30879931"}],"version-history":[{"count":2,"href":"https:\/\/www.upo.es\/diario\/wp-json\/wp\/v2\/posts\/30879931\/revisions"}],"predecessor-version":[{"id":30879935,"href":"https:\/\/www.upo.es\/diario\/wp-json\/wp\/v2\/posts\/30879931\/revisions\/30879935"}],"wp:featuredmedia":[{"embeddable":true,"href":"https:\/\/www.upo.es\/diario\/wp-json\/wp\/v2\/media\/30879933"}],"wp:attachment":[{"href":"https:\/\/www.upo.es\/diario\/wp-json\/wp\/v2\/media?parent=30879931"}],"wp:term":[{"taxonomy":"category","embeddable":true,"href":"https:\/\/www.upo.es\/diario\/wp-json\/wp\/v2\/categories?post=30879931"},{"taxonomy":"post_tag","embeddable":true,"href":"https:\/\/www.upo.es\/diario\/wp-json\/wp\/v2\/tags?post=30879931"}],"curies":[{"name":"wp","href":"https:\/\/api.w.org\/{rel}","templated":true}]}}